{"id":42241,"date":"2019-06-23T17:04:25","date_gmt":"2019-06-23T21:04:25","guid":{"rendered":"https:\/\/linitiative.ca\/International\/unesco-la-tunisie-presidera-jusquen-2021-la-conference-sur-la-protection-du-patrimoine-culturel-subaquatique\/"},"modified":"2019-06-23T17:04:25","modified_gmt":"2019-06-23T21:04:25","slug":"unesco-la-tunisie-presidera-jusquen-2021-la-conference-sur-la-protection-du-patrimoine-culturel-subaquatique","status":"publish","type":"post","link":"https:\/\/linitiative.ca\/International\/unesco-la-tunisie-presidera-jusquen-2021-la-conference-sur-la-protection-du-patrimoine-culturel-subaquatique\/","title":{"rendered":"Unesco \u2013 La Tunisie pr\u00e9sidera jusqu\u2019en 2021 la conf\u00e9rence sur la protection du patrimoine culturel subaquatique"},"content":{"rendered":"<p>Succ\u00e9dant \u00e0 la France, la Tunisie a \u00e9t\u00e9 \u00e9lue, \u00e0 l\u2019unanimit\u00e9, en la personne de l\u2019ambassadeur aupr\u00e8s de l\u2019Unesco, Ghazi Gherairi, \u00e0 la pr\u00e9sidence de la conf\u00e9rence des Etats parties \u00e0 la convention de 2001 sur la protection du patrimoine culturel subaquatique pour la p\u00e9riode2019\/2021. La Vice-pr\u00e9sidence \u00e9tant revenue aux ambassadeurs de l\u2019Italie, de la Roumanie, du Cambodge, du Panama et du Benin.<\/p>\n<p class=\"c2\"><img loading=\"lazy\" decoding=\"async\" src=\"\/uploads\/FCK_files\/Unesco(1).jpg\" align=\"middle\" hspace=\"5\" height=\"427\" width=\"700\" vspace=\"5\" alt=\"\"\/><\/p>\n<p>\u00ab\u00a0Ce succ\u00e8s diplomatique, souligne la mission permanente de Tunisie, a permis \u00e0 la Tunisie de rappeler son attachement aux valeurs et principes de cette convention \u00e0 savoir la pr\u00e9servation et la protection du patrimoine submerg\u00e9, la lutte contre les trafics et la p\u00eache destructrice ainsi que la promotion de la coop\u00e9ration internationale dans ce domaine. D\u2019ailleurs, l\u2019Institut national du patrimoine repr\u00e9sent\u00e9 \u00e0 la conf\u00e9rence par l\u2019arch\u00e9ologue Wafa ben Slimen a rappel\u00e9 cet attachement \u00e0 travers le d\u00e9sormais exemplaire cas de coop\u00e9ration internationale en la mati\u00e8re (Tunisie, Italie, France, Espagne, Maroc, Alg\u00e9rie et Egypte) \u00e0 savoir le banc des Skerki se situant entre la Tunisie et l\u2019Italie sur le plateau continental tunisien.\u00a0\u00bb<\/p>\n<p class=\"c2\"><img loading=\"lazy\" decoding=\"async\" src=\"\/uploads\/FCK_files\/Ghazi(1).jpg\" align=\"middle\" hspace=\"5\" height=\"427\" width=\"700\" vspace=\"5\" alt=\"\"\/><\/p>\n<p>La Tunisie avait particip\u00e9, du 17 au 19 juin, \u00e0 la conf\u00e9rence de Brest organis\u00e9e par l\u2019Etat fran\u00e7ais, la r\u00e9gion de Bretagne et la ville de Brest qui a vu la participation de Jean-Yves de le Drian, Ministre fran\u00e7ais de l\u2019Europe et des affaires \u00e9trang\u00e8res et d\u2019Audrey Azoulay, directrice g\u00e9n\u00e9rale de l\u2019UNESCO o\u00f9 l\u2019accent a \u00e9t\u00e9 mis sur les avanc\u00e9es scientifiques dans ce domaine, les progr\u00e8s dans la protection juridique du patrimoine submerg\u00e9 et la n\u00e9cessaire coop\u00e9ration internationale en la mati\u00e8re.<\/p>\n<p>Auteur:<br \/>\n<a href=\"https:\/\/www.leaders.com.tn\/article\/27345-unesco-la-tunisie-presidera-jusqu-en-2021-la-conference-sur-la-protection-du-patrimoine-culturel-subaquatique\">Cliquez ici pour lire l&rsquo;article depuis sa source.<\/a><\/p>\n","protected":false},"excerpt":{"rendered":"<p>Succ\u00e9dant \u00e0 la France, la Tunisie a \u00e9t\u00e9 \u00e9lue, \u00e0 l\u2019unanimit\u00e9, en la personne de l\u2019ambassadeur aupr\u00e8s de l\u2019Unesco, Ghazi Gherairi, \u00e0 la pr\u00e9sidence de la conf\u00e9rence des Etats parties \u00e0 la convention de 2001 sur la protection du patrimoine culturel subaquatique pour la p\u00e9riode2019\/2021. La Vice-pr\u00e9sidence \u00e9tant revenue aux ambassadeurs de l\u2019Italie, de la [&hellip;]<\/p>\n","protected":false},"author":1772,"featured_media":42242,"comment_status":"closed","ping_status":"closed","sticky":false,"template":"","format":"standard","meta":{"fifu_image_url":"","fifu_image_alt":"","footnotes":""},"categories":[73,55],"tags":[],"class_list":["post-42241","post","type-post","status-publish","format-standard","has-post-thumbnail","hentry","category-actualite","category-tunisie"],"_links":{"self":[{"href":"https:\/\/linitiative.ca\/International\/wp-json\/wp\/v2\/posts\/42241","targetHints":{"allow":["GET"]}}],"collection":[{"href":"https:\/\/linitiative.ca\/International\/wp-json\/wp\/v2\/posts"}],"about":[{"href":"https:\/\/linitiative.ca\/International\/wp-json\/wp\/v2\/types\/post"}],"author":[{"embeddable":true,"href":"https:\/\/linitiative.ca\/International\/wp-json\/wp\/v2\/users\/1772"}],"replies":[{"embeddable":true,"href":"https:\/\/linitiative.ca\/International\/wp-json\/wp\/v2\/comments?post=42241"}],"version-history":[{"count":0,"href":"https:\/\/linitiative.ca\/International\/wp-json\/wp\/v2\/posts\/42241\/revisions"}],"wp:featuredmedia":[{"embeddable":true,"href":"https:\/\/linitiative.ca\/International\/wp-json\/"}],"wp:attachment":[{"href":"https:\/\/linitiative.ca\/International\/wp-json\/wp\/v2\/media?parent=42241"}],"wp:term":[{"taxonomy":"category","embeddable":true,"href":"https:\/\/linitiative.ca\/International\/wp-json\/wp\/v2\/categories?post=42241"},{"taxonomy":"post_tag","embeddable":true,"href":"https:\/\/linitiative.ca\/International\/wp-json\/wp\/v2\/tags?post=42241"}],"curies":[{"name":"wp","href":"https:\/\/api.w.org\/{rel}","templated":true}]}}