{"id":42243,"date":"2019-06-23T04:00:00","date_gmt":"2019-06-23T08:00:00","guid":{"rendered":"https:\/\/linitiative.ca\/International\/armee-an-63-demineur-une-grande-competence-de-larmee-tunisienne\/"},"modified":"2019-06-23T04:00:00","modified_gmt":"2019-06-23T08:00:00","slug":"armee-an-63-demineur-une-grande-competence-de-larmee-tunisienne","status":"publish","type":"post","link":"https:\/\/linitiative.ca\/International\/armee-an-63-demineur-une-grande-competence-de-larmee-tunisienne\/","title":{"rendered":"Arm\u00e9e An 63 : d\u00e9mineur, une grande comp\u00e9tence de l\u2019arm\u00e9e tunisienne"},"content":{"rendered":"<p>Cette photo est exceptionnelle. Rarement l\u2019arm\u00e9e tunisienne a r\u00e9v\u00e9l\u00e9 les photos de ses \u00e9quipes charg\u00e9es de d\u00e9tecter mines et bombes et les d\u00e9samorcer. De vrais sp\u00e9cialistes qui ratissent le terrain, m\u00e8tre carr\u00e9 par m\u00e8tre carr\u00e9, avec des outils technologiques performants mais aussi un regard perspicace.<\/p>\n<p class=\"c2\"><img loading=\"lazy\" decoding=\"async\" class=\"responsive_img\" src=\"\/uploads\/FCK_files\/D%C3%A9mineur.jpg\" width=\"700\" vspace=\"5\" hspace=\"5\" height=\"427\" align=\"middle\" alt=\"\"\/><\/p>\n<p>D\u00e8s qu\u2019un engin explosif est rep\u00e9r\u00e9, les artificiers interviennent pour le d\u00e9samorcer. Qu\u2019il s\u2019agisse de mines antipersonnel ou anti-char sem\u00e9s par les terroristes ou de grandes mines qui datent de la guerre mondiale, l\u2019intervention de l\u2019arm\u00e9e est efficace. Rien qu\u2019au Chaambi, pas moins de 400 mines pos\u00e9es par les terroristes ont \u00e9t\u00e9 d\u00e9samorc\u00e9es.<\/p>\n<p class=\"c3\"><strong>Lire aussi<\/strong><\/p>\n<ul>\n<li><a href=\"https:\/\/www.leaders.com.tn\/article\/27331-le24-juin-anniversaire-de-la-creation-de-l-armee-nationale-quelles-inspirations-quels-espoirs-quels-projets\" target=\"_blank\" rel=\"noopener noreferrer\">Le 24 juin, anniversaire de la cr\u00e9ation de l\u2019arm\u00e9e nationale : quelles perspectives, quels espoirs ?<\/a><\/li>\n<li><a href=\"https:\/\/www.leaders.com.tn\/article\/19093-tout-sur-le-rideau-de-sable-de-l-armee-tunisienne-sur-la-frontiere-avec-la-libye-video\" target=\"_blank\" rel=\"noopener noreferrer\">Tout sur le rideau de sable de l\u2019arm\u00e9e tunisienne sur la fronti\u00e8re avec la Libye (Vid\u00e9o)<\/a><\/li>\n<li><a href=\"https:\/\/www.leaders.com.tn\/article\/17697-femmes-d-exception-commandantes-de-patrouilleurs\" target=\"_blank\" rel=\"noopener noreferrer\">Femmes d\u2019exception: Commandantes de patrouilleurs<\/a><\/li>\n<li><a href=\"https:\/\/www.leaders.com.tn\/article\/17701-hana-ultrarapide-furtive-elle-fonce-droit-sur-l-objectif-et-l-atteint\" target=\"_blank\" rel=\"noopener noreferrer\">Hana, Commandante de patrouilleur : Ultrarapide, furtive, elle fonce droit sur l\u2019objectif&#8230; et l\u2019atteint<\/a><\/li>\n<li><a href=\"https:\/\/www.leaders.com.tn\/article\/17715-armee-de-terre-ikbeltransmission-hertzienne-une-communication-permanente\" target=\"_blank\" rel=\"noopener noreferrer\">Arm\u00e9e de Terre: Ikbel commandante de compagnie<\/a><\/li>\n<li><a href=\"https:\/\/www.leaders.com.tn\/article\/19264-femmes-et-militaires-ces-tunisiennes-qui-nous-honorent\" target=\"_blank\" rel=\"noopener noreferrer\">Femmes et militaires : Ces tunisiennes qui nous honorent<\/a><\/li>\n<li><a href=\"https:\/\/www.leaders.com.tn\/article\/17217-ces-femmes-pilotes-de-l-armee-tunisienne\" target=\"_blank\" rel=\"noopener noreferrer\">Qui sont ces femmes pilotes de chasse de l&rsquo;arm\u00e9e tunisienne<\/a><\/li>\n<li><a href=\"https:\/\/www.leaders.com.tn\/article\/19544-arret-sur-image\" target=\"_blank\" rel=\"noopener noreferrer\">Profession : D\u00e9mineur, une grande comp\u00e9tence de l\u2019arm\u00e9e tunisienne<\/a><\/li>\n<li><a href=\"https:\/\/www.leaders.com.tn\/article\/19058-regiment-d-honneur-un-ceremonial-militaire-fastueux\" target=\"_blank\" rel=\"noopener noreferrer\">R\u00e9giment d\u2019honneur: Un c\u00e9r\u00e9monial militaire fastueux (Vid\u00e9o)<\/a><\/li>\n<li><a href=\"https:\/\/www.leaders.com.tn\/article\/19092-la-cavalerie-du-regiment-d-honneur-de-l-armee-nationale\" target=\"_blank\" rel=\"noopener noreferrer\">La cavalerie du r\u00e9giment d\u2019honneur de l\u2019arm\u00e9e nationale (Vid\u00e9o)<\/a><\/li>\n<li><a href=\"https:\/\/www.leaders.com.tn\/article\/19082-en-premiere-ligne-sur-la-frontiere-tuniso-libyenne-comment-la-tunisie-se-protege-contre-le-terrorisme-et-la-contrebande-video\" target=\"_blank\" rel=\"noopener noreferrer\">En premi\u00e8re ligne sur la fronti\u00e8re tuniso-libyenne : comment la Tunisie se prot\u00e8ge contre le terrorisme et la contrebande (Vid\u00e9o)<\/a><\/li>\n<li><a href=\"https:\/\/www.leaders.com.tn\/article\/16554-reflexions-sur-l-armee-de-2030-menaces-missions-doctrine-les-exigences-techniques-de-la-defense\" target=\"_blank\" rel=\"noopener noreferrer\">R\u00e9flexions sur l\u2019arm\u00e9e de 2030: Menaces, missions, doctrine &#8211; Les exigences techniques de la d\u00e9fense<\/a><\/li>\n<li><a href=\"https:\/\/www.leaders.com.tn\/article\/19517-la-nation-et-ses-militaires\" target=\"_blank\" rel=\"noopener noreferrer\">La nation et ses militaires<\/a><\/li>\n<li><a href=\"https:\/\/www.leaders.com.tn\/article\/20014-l-elite-militaire-tunisienne-existe-t-elle\" target=\"_blank\" rel=\"noopener noreferrer\">L\u2019\u00e9lite militaire tunisienne existe-t-elle?<\/a><\/li>\n<li><a href=\"https:\/\/www.leaders.com.tn\/article\/17705-rym-equipements-et-logistique-elle-assure\" target=\"_blank\" rel=\"noopener noreferrer\">Rym: enseigne de vaisseau 1\u00e8re classe<\/a><\/li>\n<li><a href=\"https:\/\/www.leaders.com.tn\/article\/17700-siwar-une-femme-de-poigne\" target=\"_blank\" rel=\"noopener noreferrer\">Siwar, Commandante de patrouilleur : Une femme de poigne<\/a><\/li>\n<li><a href=\"https:\/\/www.leaders.com.tn\/article\/17722-randa-le-transport-doit-assurer\" target=\"_blank\" rel=\"noopener noreferrer\">Randa, commandante de compagnie \u00e0 la garnison de Tunis<\/a><\/li>\n<\/ul>\n<p class=\"c3\">\u00a0<\/p>\n<p>Auteur:<br \/>\n<a href=\"https:\/\/www.leaders.com.tn\/article\/27336-profession-demineur-une-grande-competence-de-l-armee-tunisienne\">Cliquez ici pour lire l&rsquo;article depuis sa source.<\/a><\/p>\n","protected":false},"excerpt":{"rendered":"<p>Cette photo est exceptionnelle. Rarement l\u2019arm\u00e9e tunisienne a r\u00e9v\u00e9l\u00e9 les photos de ses \u00e9quipes charg\u00e9es de d\u00e9tecter mines et bombes et les d\u00e9samorcer. De vrais sp\u00e9cialistes qui ratissent le terrain, m\u00e8tre carr\u00e9 par m\u00e8tre carr\u00e9, avec des outils technologiques performants mais aussi un regard perspicace. D\u00e8s qu\u2019un engin explosif est rep\u00e9r\u00e9, les artificiers interviennent pour [&hellip;]<\/p>\n","protected":false},"author":1772,"featured_media":42244,"comment_status":"closed","ping_status":"closed","sticky":false,"template":"","format":"standard","meta":{"fifu_image_url":"","fifu_image_alt":"","footnotes":""},"categories":[73,55],"tags":[],"class_list":["post-42243","post","type-post","status-publish","format-standard","has-post-thumbnail","hentry","category-actualite","category-tunisie"],"_links":{"self":[{"href":"https:\/\/linitiative.ca\/International\/wp-json\/wp\/v2\/posts\/42243","targetHints":{"allow":["GET"]}}],"collection":[{"href":"https:\/\/linitiative.ca\/International\/wp-json\/wp\/v2\/posts"}],"about":[{"href":"https:\/\/linitiative.ca\/International\/wp-json\/wp\/v2\/types\/post"}],"author":[{"embeddable":true,"href":"https:\/\/linitiative.ca\/International\/wp-json\/wp\/v2\/users\/1772"}],"replies":[{"embeddable":true,"href":"https:\/\/linitiative.ca\/International\/wp-json\/wp\/v2\/comments?post=42243"}],"version-history":[{"count":0,"href":"https:\/\/linitiative.ca\/International\/wp-json\/wp\/v2\/posts\/42243\/revisions"}],"wp:featuredmedia":[{"embeddable":true,"href":"https:\/\/linitiative.ca\/International\/wp-json\/"}],"wp:attachment":[{"href":"https:\/\/linitiative.ca\/International\/wp-json\/wp\/v2\/media?parent=42243"}],"wp:term":[{"taxonomy":"category","embeddable":true,"href":"https:\/\/linitiative.ca\/International\/wp-json\/wp\/v2\/categories?post=42243"},{"taxonomy":"post_tag","embeddable":true,"href":"https:\/\/linitiative.ca\/International\/wp-json\/wp\/v2\/tags?post=42243"}],"curies":[{"name":"wp","href":"https:\/\/api.w.org\/{rel}","templated":true}]}}