{"id":42248,"date":"2019-06-23T06:23:00","date_gmt":"2019-06-23T10:23:00","guid":{"rendered":"https:\/\/linitiative.ca\/International\/specialiste-de-laction-humanitaire-le-soudanais-yacoub-el-hillo-nomme-adjoint-de-ghassan-salame-pour-la-libye\/"},"modified":"2019-06-23T06:23:00","modified_gmt":"2019-06-23T10:23:00","slug":"specialiste-de-laction-humanitaire-le-soudanais-yacoub-el-hillo-nomme-adjoint-de-ghassan-salame-pour-la-libye","status":"publish","type":"post","link":"https:\/\/linitiative.ca\/International\/specialiste-de-laction-humanitaire-le-soudanais-yacoub-el-hillo-nomme-adjoint-de-ghassan-salame-pour-la-libye\/","title":{"rendered":"Sp\u00e9cialiste de l&rsquo;action humanitaire, le Soudanais Yacoub El Hillo nomm\u00e9 adjoint de Ghassan Salam\u00e9 pour la Libye"},"content":{"rendered":"<p>En ses temps de grandes complications en Libye d&rsquo;indignes catastrophes humanitaires, Ghassan Salam\u00e9 pourra compter sur son nouvel adjoint, Yacoub\u00a0El Hillo, \u00e0 la Mission d\u2019appui des Nations Unies en Libye (MANUL). Assurant la rel\u00e8ve de l\u2019Irlandaise Maria do Valle Ribeiro, El Hillo (Soudan), vient en effet d\u2019\u00eatre nomm\u00e9 Repr\u00e9sentant sp\u00e9cial adjoint pour la Libye o\u00f9 il sera \u00e9galement Coordonnateur r\u00e9sident des Nations Unies et Coordonnateur humanitaire. En annon\u00e7ant sa d\u00e9signation, le secr\u00e9taire g\u00e9n\u00e9ral de l\u2019ONU,\u00a0Ant\u00f3nio\u00a0Guterres a indiqu\u00e9 qu\u2019El\u00a0Hillo apporte \u00e0 son nouveau poste une riche exp\u00e9rience du terrain et du Si\u00e8ge de l\u2019ONU.\u00a0<\/p>\n<p>Son long parcours dans l\u2019action humanitaire (Syrie) et au sein du Haut-Commissariat des Nations Unies pour les r\u00e9fugi\u00e9s (HCR), notamment en Irak et dans les pays du Golfe, comme sa connaissance de l\u2019Afrique sub-saharienne, seront pr\u00e9cieux en expertise pour g\u00e9rer les drames inhumains qui se perp\u00e9tuent en Libye.<\/p>\n<p>Juriste de formation, il \u00e9tait depuis 2016, Coordonnateur r\u00e9sident au Lib\u00e9ria o\u00f9 il a \u00e9galement assum\u00e9 jusqu\u2019en 2018, les fonctions de Repr\u00e9sentant sp\u00e9cial adjoint du Secr\u00e9taire g\u00e9n\u00e9ral \u00e0 la Mission des Nations Unies au Lib\u00e9ria (MINUL) et Repr\u00e9sentant r\u00e9sident du Programme des Nations Unies pour le d\u00e9veloppement (PNUD).<\/p>\n<p>De 2013 \u00e0 2016,\u00a0M.\u00a0El\u00a0Hillo \u00e9tait Coordonnateur r\u00e9sident des Nations Unies, Coordonnateur humanitaire et Repr\u00e9sentant r\u00e9sident du PNUD en Syrie.\u00a0 Il a \u00e9t\u00e9 Directeur pour le Moyen-Orient et l\u2019Afrique du Nord au Haut-Commissariat des Nations Unies pour les r\u00e9fugi\u00e9s (HCR), de 2010 \u00e0 2013; Repr\u00e9sentant r\u00e9gional du HCR aupr\u00e8s des pays du Conseil de coop\u00e9ration du Golfe, \u00e0 Riyad, entre 2009 et\u00a0 2010; Repr\u00e9sentant du HCR en R\u00e9publique-Unie de Tanzanie, de 2006 \u00e0 2009; Coordonnateur humanitaire adjoint charg\u00e9 de la reconstruction \u00e0 la Mission d\u2019assistance des Nations Unies pour l\u2019Iraq (MANUI), entre 2005 et 2006; Chef de mission du HCR en Irak, de 2003 \u00e0 2005; et Chef de cabinet au si\u00e8ge du HCR, entre 2001 et 2002.<br \/>\u00a0<\/p>\n<p>Auteur:<br \/>\n<a href=\"https:\/\/www.leaders.com.tn\/article\/27344-specialiste-de-l-action-humanitaire-le-soudanais-yacoub-el-hillo-nomme-adjoint-de-ghassan-salame-pour-la-libye\">Cliquez ici pour lire l&rsquo;article depuis sa source.<\/a><\/p>\n","protected":false},"excerpt":{"rendered":"<p>En ses temps de grandes complications en Libye d&rsquo;indignes catastrophes humanitaires, Ghassan Salam\u00e9 pourra compter sur son nouvel adjoint, Yacoub\u00a0El Hillo, \u00e0 la Mission d\u2019appui des Nations Unies en Libye (MANUL). Assurant la rel\u00e8ve de l\u2019Irlandaise Maria do Valle Ribeiro, El Hillo (Soudan), vient en effet d\u2019\u00eatre nomm\u00e9 Repr\u00e9sentant sp\u00e9cial adjoint pour la Libye o\u00f9 [&hellip;]<\/p>\n","protected":false},"author":1772,"featured_media":0,"comment_status":"closed","ping_status":"closed","sticky":false,"template":"","format":"standard","meta":{"fifu_image_url":"","fifu_image_alt":"","footnotes":""},"categories":[73,55],"tags":[],"class_list":["post-42248","post","type-post","status-publish","format-standard","hentry","category-actualite","category-tunisie"],"_links":{"self":[{"href":"https:\/\/linitiative.ca\/International\/wp-json\/wp\/v2\/posts\/42248","targetHints":{"allow":["GET"]}}],"collection":[{"href":"https:\/\/linitiative.ca\/International\/wp-json\/wp\/v2\/posts"}],"about":[{"href":"https:\/\/linitiative.ca\/International\/wp-json\/wp\/v2\/types\/post"}],"author":[{"embeddable":true,"href":"https:\/\/linitiative.ca\/International\/wp-json\/wp\/v2\/users\/1772"}],"replies":[{"embeddable":true,"href":"https:\/\/linitiative.ca\/International\/wp-json\/wp\/v2\/comments?post=42248"}],"version-history":[{"count":0,"href":"https:\/\/linitiative.ca\/International\/wp-json\/wp\/v2\/posts\/42248\/revisions"}],"wp:attachment":[{"href":"https:\/\/linitiative.ca\/International\/wp-json\/wp\/v2\/media?parent=42248"}],"wp:term":[{"taxonomy":"category","embeddable":true,"href":"https:\/\/linitiative.ca\/International\/wp-json\/wp\/v2\/categories?post=42248"},{"taxonomy":"post_tag","embeddable":true,"href":"https:\/\/linitiative.ca\/International\/wp-json\/wp\/v2\/tags?post=42248"}],"curies":[{"name":"wp","href":"https:\/\/api.w.org\/{rel}","templated":true}]}}