{"id":42264,"date":"2019-06-23T08:33:18","date_gmt":"2019-06-23T12:33:18","guid":{"rendered":"https:\/\/linitiative.ca\/International\/video-can-2019-le-onze-national-disputera-son-premier-match-aujourdhui\/"},"modified":"2019-06-23T08:33:18","modified_gmt":"2019-06-23T12:33:18","slug":"video-can-2019-le-onze-national-disputera-son-premier-match-aujourdhui","status":"publish","type":"post","link":"https:\/\/linitiative.ca\/International\/video-can-2019-le-onze-national-disputera-son-premier-match-aujourdhui\/","title":{"rendered":"Vid\u00e9o.CAN 2019 : le onze national disputera son premier match aujourd\u2019hui"},"content":{"rendered":"<p><strong>Au programme de cette journ\u00e9e de dimanche, Maroc, Alg\u00e9rie, S\u00e9n\u00e9gal\u2026 La CAN-2019 entre en comp\u00e9tition avec la premi\u00e8re journ\u00e9e du groupe C et le premier match du groupe D.<\/strong><\/p>\n<div class=\"c10\"\/>\n<p>Cependant, ni le Maroc, dont le s\u00e9lectionneur Herv\u00e9 Renard a pourtant d\u00e9j\u00e0 remport\u00e9 deux fois le titre, ni le S\u00e9n\u00e9gal, premi\u00e8re nation africaine au classement FIFA, ni l\u2019Alg\u00e9rie, ne veulent s\u2019encombrer du statut de favori. Les trois s\u00e9rieux pr\u00e9tendants \u00e0 la victoire finale : le Maroc, le S\u00e9n\u00e9gal et l\u2019Alg\u00e9rie, affrontent respectivement la Namibie, la Tanzanie et le Kenya.<\/p>\n<p>Lire aussi :\u00a0<a href=\"https:\/\/www.challenge.ma\/can-2019-la-caf-prevoit-2-pauses-fraicheur-par-match-111052\/\" target=\"_blank\" rel=\"noopener noreferrer\">CAN 2019 : La CAF pr\u00e9voit 2 pauses fra\u00eecheur par match<\/a><\/p>\n<p>La Conf\u00e9d\u00e9ration africaine de football (CAF) a d\u00e9sign\u00e9 l\u2019arbitre rwandais Louis Hakizimana pour officier le match des lions de l\u2019Atlas face \u00e0 la Namibie, pr\u00e9vu au stade Al Salam au Caire. Lors de cette rencontre qui d\u00e9butera \u00e0 15h30 (GMT+1), Hakizimana sera assist\u00e9 de Gilbert Cheruiyot (Kenya), de Mark Sonko (Ouganda) et du S\u00e9n\u00e9galais Issa Sy.<\/p>\n<p><iframe loading=\"lazy\" width=\"1140\" height=\"641\" src=\"https:\/\/www.youtube.com\/embed\/gw78jt_6974?feature=oembed\" frameborder=\"0\" allow=\"accelerometer; autoplay; encrypted-media; gyroscope; picture-in-picture\" allowfullscreen=\"\">[embedded content]<\/iframe><\/p>\n<p>A noter que depuis son arriv\u00e9e en Egypte, le Onze national a effectu\u00e9 plusieurs s\u00e9ances d\u2019entra\u00eenement sur le terrain des gardes-fronti\u00e8res, au Caire, en pr\u00e9paration de leur premier match.<\/p>\n<div class=\"c17\">\n<fieldset class=\"c16\">\n<legend><strong><span class=\"c11\">Challenge<\/span><span class=\"c12\">news<\/span><\/strong><\/legend>\n<div class=\"c15\">Le meilleur de la r\u00e9daction s\u00e9lectionn\u00e9 par Challenge :<\/p>\n<\/div>\n<\/fieldset>\n<\/div>\n<p>Auteur: Hajar DARI<br \/>\n<a href=\"https:\/\/www.challenge.ma\/can-2019-le-onze-national-disputera-son-premier-match-aujourdhui-111259\/\">Cliquez ici pour lire l&rsquo;article depuis sa source.<\/a><\/p>\n","protected":false},"excerpt":{"rendered":"<p>Au programme de cette journ\u00e9e de dimanche, Maroc, Alg\u00e9rie, S\u00e9n\u00e9gal\u2026 La CAN-2019 entre en comp\u00e9tition avec la premi\u00e8re journ\u00e9e du groupe C et le premier match du groupe D. Cependant, ni le Maroc, dont le s\u00e9lectionneur Herv\u00e9 Renard a pourtant d\u00e9j\u00e0 remport\u00e9 deux fois le titre, ni le S\u00e9n\u00e9gal, premi\u00e8re nation africaine au classement FIFA, [&hellip;]<\/p>\n","protected":false},"author":1787,"featured_media":0,"comment_status":"closed","ping_status":"closed","sticky":false,"template":"","format":"standard","meta":{"fifu_image_url":"","fifu_image_alt":"","footnotes":""},"categories":[78,54],"tags":[],"class_list":["post-42264","post","type-post","status-publish","format-standard","hentry","category-economie","category-maroc"],"_links":{"self":[{"href":"https:\/\/linitiative.ca\/International\/wp-json\/wp\/v2\/posts\/42264","targetHints":{"allow":["GET"]}}],"collection":[{"href":"https:\/\/linitiative.ca\/International\/wp-json\/wp\/v2\/posts"}],"about":[{"href":"https:\/\/linitiative.ca\/International\/wp-json\/wp\/v2\/types\/post"}],"author":[{"embeddable":true,"href":"https:\/\/linitiative.ca\/International\/wp-json\/wp\/v2\/users\/1787"}],"replies":[{"embeddable":true,"href":"https:\/\/linitiative.ca\/International\/wp-json\/wp\/v2\/comments?post=42264"}],"version-history":[{"count":0,"href":"https:\/\/linitiative.ca\/International\/wp-json\/wp\/v2\/posts\/42264\/revisions"}],"wp:attachment":[{"href":"https:\/\/linitiative.ca\/International\/wp-json\/wp\/v2\/media?parent=42264"}],"wp:term":[{"taxonomy":"category","embeddable":true,"href":"https:\/\/linitiative.ca\/International\/wp-json\/wp\/v2\/categories?post=42264"},{"taxonomy":"post_tag","embeddable":true,"href":"https:\/\/linitiative.ca\/International\/wp-json\/wp\/v2\/tags?post=42264"}],"curies":[{"name":"wp","href":"https:\/\/api.w.org\/{rel}","templated":true}]}}