{"id":42282,"date":"2019-06-23T13:01:54","date_gmt":"2019-06-23T17:01:54","guid":{"rendered":"https:\/\/linitiative.ca\/International\/derniere-minute-turquie-le-candidat-derdogan-a-la-mairie-distanbul-battu-une-seconde-fois-aux-elections\/"},"modified":"2019-06-23T13:01:54","modified_gmt":"2019-06-23T17:01:54","slug":"derniere-minute-turquie-le-candidat-derdogan-a-la-mairie-distanbul-battu-une-seconde-fois-aux-elections","status":"publish","type":"post","link":"https:\/\/linitiative.ca\/International\/derniere-minute-turquie-le-candidat-derdogan-a-la-mairie-distanbul-battu-une-seconde-fois-aux-elections\/","title":{"rendered":"DERNIERE MINUTE : Turquie\u00a0: Le candidat d\u2019Erdogan \u00e0 la mairie d\u2019Istanbul battu une seconde fois aux \u00e9lections"},"content":{"rendered":"<div class=\"post-cont-in left relative\">\n<div class=\"swp_social_panel swp_horizontal_panel swp_flat_fresh swp_default_full_color swp_individual_full_color swp_other_full_color scale-100 scale-\" data-min-width=\"1100\" data-float-color=\"#ffffff\" data-float=\"none\" data-float-mobile=\"none\" data-transition=\"slide\">\n<div class=\"nc_tweetContainer swp_share_button total_shares total_sharesalt\"><span class=\"swp_count\">183 <span class=\"swp_label\">Partages<\/span><\/span><\/div>\n<\/div>\n<p>Le candidat du camp la\u00efc, Ekrem Imamoglu, est en t\u00eate de l\u2019\u00e9lection municipale d\u2019Istanbul avec 53,6%, selon la cha\u00eene CNN-T\u00fcrk, sur la base du d\u00e9pouillement de 94,5% des bulletins de vote.<\/p>\n<p>Imamoglu \u00e9tait en lice sous les couleurs du Parti r\u00e9publicain du peuple (CHP, opposition).<\/p>\n<div class=\"code-block code-block-1 c3\"><ins class=\"adsbygoogle c2\" data-ad-layout=\"in-article\" data-ad-format=\"fluid\" data-ad-client=\"ca-pub-2102118777505746\" data-ad-slot=\"7301775417\"\/> <\/div>\n<p>Son adversaire Binali Yildirim, candidat de l\u2019AKP, la formation islamiste au pouvoir en Turquie, a reconnu qu\u2019Imamoglu \u00e9tait en t\u00eate et l\u2019a f\u00e9licit\u00e9.<\/p>\n<p>Les \u00e9lecteurs \u00e9taient convi\u00e9s \u00e0 revoter dimanche \u00e0 Istanbul apr\u00e8s l\u2019annulation du scrutin municipal du 31 mars, qui avait d\u00e9j\u00e0 donn\u00e9 la victoire \u00e0 Imamoglu mais qu\u2019Erdogan avait fait annuler en invoquant des irr\u00e9gularit\u00e9s pr\u00e9sum\u00e9es.<\/p>\n<div class=\"mvp-org-wrap mvp-org-logo\" itemprop=\"publisher\" itemscope=\"\" itemtype=\"https:\/\/schema.org\/Organization\"><img decoding=\"async\" src=\"https:\/\/www.tunisienumerique.com\/wp-content\/uploads\/2017\/02\/logo_tunisie_numerique.png\"\/><\/div>\n<div class=\"swp_social_panel swp_horizontal_panel swp_flat_fresh swp_default_full_color swp_individual_full_color swp_other_full_color scale-100 scale-\" data-min-width=\"1100\" data-float-color=\"#ffffff\" data-float=\"none\" data-float-mobile=\"none\" data-transition=\"slide\">\n<div class=\"nc_tweetContainer swp_share_button total_shares total_sharesalt\"><span class=\"swp_count\">183 <span class=\"swp_label\">Partages<\/span><\/span><\/div>\n<\/div>\n<div class=\"mvp-related-posts left relative\">\n<h4 class=\"post-header\"><span class=\"post-header\">Lire aussi<\/span><\/h4>\n<\/div>\n<\/div>\n<p>Auteur: LM<br \/>\n<a href=\"https:\/\/www.tunisienumerique.com\/derniere-minute-turquie-le-candidat-derdogan-a-la-mairie-distanbul-battu-une-seconde-fois-aux-elections\/\">Cliquez ici pour lire l&rsquo;article depuis sa source.<\/a><\/p>\n","protected":false},"excerpt":{"rendered":"<p>183 Partages Le candidat du camp la\u00efc, Ekrem Imamoglu, est en t\u00eate de l\u2019\u00e9lection municipale d\u2019Istanbul avec 53,6%, selon la cha\u00eene CNN-T\u00fcrk, sur la base du d\u00e9pouillement de 94,5% des bulletins de vote. Imamoglu \u00e9tait en lice sous les couleurs du Parti r\u00e9publicain du peuple (CHP, opposition). Son adversaire Binali Yildirim, candidat de l\u2019AKP, la [&hellip;]<\/p>\n","protected":false},"author":1789,"featured_media":42283,"comment_status":"closed","ping_status":"closed","sticky":false,"template":"","format":"standard","meta":{"fifu_image_url":"","fifu_image_alt":"","footnotes":""},"categories":[73,55],"tags":[],"class_list":["post-42282","post","type-post","status-publish","format-standard","has-post-thumbnail","hentry","category-actualite","category-tunisie"],"_links":{"self":[{"href":"https:\/\/linitiative.ca\/International\/wp-json\/wp\/v2\/posts\/42282","targetHints":{"allow":["GET"]}}],"collection":[{"href":"https:\/\/linitiative.ca\/International\/wp-json\/wp\/v2\/posts"}],"about":[{"href":"https:\/\/linitiative.ca\/International\/wp-json\/wp\/v2\/types\/post"}],"author":[{"embeddable":true,"href":"https:\/\/linitiative.ca\/International\/wp-json\/wp\/v2\/users\/1789"}],"replies":[{"embeddable":true,"href":"https:\/\/linitiative.ca\/International\/wp-json\/wp\/v2\/comments?post=42282"}],"version-history":[{"count":0,"href":"https:\/\/linitiative.ca\/International\/wp-json\/wp\/v2\/posts\/42282\/revisions"}],"wp:featuredmedia":[{"embeddable":true,"href":"https:\/\/linitiative.ca\/International\/wp-json\/"}],"wp:attachment":[{"href":"https:\/\/linitiative.ca\/International\/wp-json\/wp\/v2\/media?parent=42282"}],"wp:term":[{"taxonomy":"category","embeddable":true,"href":"https:\/\/linitiative.ca\/International\/wp-json\/wp\/v2\/categories?post=42282"},{"taxonomy":"post_tag","embeddable":true,"href":"https:\/\/linitiative.ca\/International\/wp-json\/wp\/v2\/tags?post=42282"}],"curies":[{"name":"wp","href":"https:\/\/api.w.org\/{rel}","templated":true}]}}