{"id":42287,"date":"2019-06-23T15:45:44","date_gmt":"2019-06-23T19:45:44","guid":{"rendered":"https:\/\/linitiative.ca\/International\/retour-de-jean-pierre-bemba\/"},"modified":"2019-06-23T15:45:44","modified_gmt":"2019-06-23T19:45:44","slug":"retour-de-jean-pierre-bemba","status":"publish","type":"post","link":"https:\/\/linitiative.ca\/International\/retour-de-jean-pierre-bemba\/","title":{"rendered":"RETOUR DE JEAN PIERRE BEMBA"},"content":{"rendered":"<div class=\"stream-item stream-item-above-post-content\">\n<p><noscript><\/p>\n<p><a href=\"\/\/www3.smartadserver.com\/ac?jump=1&#038;nwid=2136&#038;siteid=240610&#038;pgname=rg&#038;fmtid=49046&#038;visit=m&#038;tmstp=[timestamp]&#038;out=nonrich\" target=\"_blank\" rel=\"noopener noreferrer\"><img decoding=\"async\" src=\"\/\/www3.smartadserver.com\/ac?out=nonrich&#038;nwid=2136&#038;siteid=240610&#038;pgname=rg&#038;fmtid=49046&#038;visit=m&#038;tmstp=[timestamp]\" border=\"0\" alt=\"\"\/><\/a><\/p>\n<p><\/noscript><\/div>\n<p class=\"c3\"><em>Hier, 23 juin 2019, l\u2019opposant congolais, Jean-Pierre Bemba, a foul\u00e9 le sol de la RDC. Tr\u00e8s attendu par ses partisans, c\u2019est une foule des grands jours qui lui a r\u00e9serv\u00e9 un accueil chaleureux. Absent du pays depuis presqu\u2019un an, le patron du Mouvement de lib\u00e9ration du Congo (MLC) est rentr\u00e9 au bercail pour, officiellement, s\u2019occuper de son parti\u00a0; son dernier s\u00e9jour en terre congolaise remontant \u00e0 l\u2019\u00e9poque o\u00f9 il \u00e9tait venu faire acte de candidature pour la pr\u00e9sidentielle derni\u00e8re. Une candidature qui, on s\u2019en souvient, avait \u00e9t\u00e9 rejet\u00e9e. Un an d\u2019\u00e9clipse, ajout\u00e9 \u00e0 la d\u00e9cennie d\u2019absence du pays pour fait de condamnation \u00e0 La Haye, tout cela, \u00e0 l\u2019\u00e9vidence, impacte s\u00e9rieusement la gestion manag\u00e9riale du parti et c\u2019est de bonne guerre que le premier responsable du MLC veuille reprendre la main et indiquer la marche \u00e0 suivre \u00e0 sa cohorte de militants. Longtemps rest\u00e9, \u00e0 son corps d\u00e9fendant, loin des siens politiques, c\u2019est certainement le c\u0153ur meurtri qu\u2019il a v\u00e9cu, de l\u2019ext\u00e9rieur, les d\u00e9chirements et autres turbulences qui ont affect\u00e9 et affaibli son parti, sur fond de querelles byzantines, de guerres de leadership et de d\u00e9fections en tout genre. D\u00e9sormais donc libre de ses mouvements jusqu\u2019en terre congolaise, l\u2019ancien seigneur de guerre peut se donner les moyens de regonfler le moral de ses troupes. Mais pour revigorer son parti, il devra parall\u00e8lement s\u2019engager sur le chantier de la remise en ordre (de bataille) du parti et dans cette perspective, il se susurre que des t\u00eates pourraient rouler pour avoir failli \u00e0 leurs missions.<\/em><\/p>\n<p class=\"c3\"><strong><em>Les vertus de l\u2019alternance ne sont pas surfaites<\/em><\/strong><\/p>\n<p class=\"c3\"><em>Cela dit, dans un discours pr\u00e9vu pour se tenir hier, \u00e0 la place Sainte-Th\u00e9r\u00e8se, l\u2019ancien pensionnaire de la prison de La Haye devait \u00e9voquer un sujet sur lequel l\u2019attendaient ses nombreux partisans et sympathisants \u00e0 savoir\u00a0: les r\u00e9sultats contest\u00e9s des derni\u00e8res \u00e9lections et surtout ceux des l\u00e9gislatives qui n\u2019avaient donn\u00e9 que vingt-deux d\u00e9put\u00e9s \u00e0 son parti, dont huit ont \u00e9t\u00e9 invalid\u00e9s par la Cour constitutionnelle. Que retiendront ses ouailles et sympathisants de son discours\u00a0? Quel impact cela aura-t-il sur la vie politique congolaise\u00a0? En attendant de le savoir, il faut se r\u00e9jouir de la possibilit\u00e9 que ce poids lourd de la sc\u00e8ne politique congolaise, a d\u00e9sormais de rentrer en homme libre dans son pays. L\u2019on peut, en effet, faire l\u2019agr\u00e9able constat que sur les plans de la libert\u00e9 et de l\u2019Etat de droit, un vent nouveau souffle d\u00e9sormais sur la RDC, depuis que F\u00e9lix Tshisekedi tient les manettes du pays. Avant Jean-Pierre Bemba, Mo\u00efse Katumbi, cet autre personnage embl\u00e9matique du paysage politique congolais, croquait \u00e9galement \u00e0 pleines dents, le fruit savoureux de la libert\u00e9 cons\u00e9cutive au nouveau climat politique ambiant. C\u2019est tant mieux\u00a0; c\u2019est la d\u00e9mocratie qui gagne ! En permettant aux exclus d\u2019hier, de la comp\u00e9tition \u00e9lectorale au sommet de l\u2019Etat, de rentrer enfin au pays, Tshisekedi rend justice \u00e0 tous ces anciens adversaires politiques de Joseph Kabila, injustement condamn\u00e9s par la Justice de leur pays aux fins de ligoter leurs ambitions de destin national. Qui plus est, il fait \u0153uvre utile. Car, il rend non seulement service \u00e0 son pays, mais aussi \u00e0 la d\u00e9mocratie qui en sort assur\u00e9ment grandie et renforc\u00e9e. Comme quoi, les vertus de l\u2019alternance ne sont pas surfaites, m\u00eame si, dans le cas de la RDC, celle-ci a \u00e9t\u00e9 op\u00e9r\u00e9e dans la pure tradition d\u00e9mocratique\u2026 en pays bantou.<\/em><\/p>\n<p class=\"c3\"><strong><em>\u00ab\u00a0Le Pays\u00a0\u00bb<\/em><\/strong><\/p>\n<p>Auteur: Le Pays<br \/>\n<a href=\"http:\/\/lepays.bf\/retour-de-jean-pierre-bemba\/\">Cliquez ici pour lire l&rsquo;article depuis sa source.<\/a><\/p>\n","protected":false},"excerpt":{"rendered":"<p>Hier, 23 juin 2019, l\u2019opposant congolais, Jean-Pierre Bemba, a foul\u00e9 le sol de la RDC. Tr\u00e8s attendu par ses partisans, c\u2019est une foule des grands jours qui lui a r\u00e9serv\u00e9 un accueil chaleureux. Absent du pays depuis presqu\u2019un an, le patron du Mouvement de lib\u00e9ration du Congo (MLC) est rentr\u00e9 au bercail pour, officiellement, s\u2019occuper [&hellip;]<\/p>\n","protected":false},"author":1813,"featured_media":0,"comment_status":"closed","ping_status":"closed","sticky":false,"template":"","format":"standard","meta":{"fifu_image_url":"","fifu_image_alt":"","footnotes":""},"categories":[73,81],"tags":[],"class_list":["post-42287","post","type-post","status-publish","format-standard","hentry","category-actualite","category-burkina-faso"],"_links":{"self":[{"href":"https:\/\/linitiative.ca\/International\/wp-json\/wp\/v2\/posts\/42287","targetHints":{"allow":["GET"]}}],"collection":[{"href":"https:\/\/linitiative.ca\/International\/wp-json\/wp\/v2\/posts"}],"about":[{"href":"https:\/\/linitiative.ca\/International\/wp-json\/wp\/v2\/types\/post"}],"author":[{"embeddable":true,"href":"https:\/\/linitiative.ca\/International\/wp-json\/wp\/v2\/users\/1813"}],"replies":[{"embeddable":true,"href":"https:\/\/linitiative.ca\/International\/wp-json\/wp\/v2\/comments?post=42287"}],"version-history":[{"count":0,"href":"https:\/\/linitiative.ca\/International\/wp-json\/wp\/v2\/posts\/42287\/revisions"}],"wp:attachment":[{"href":"https:\/\/linitiative.ca\/International\/wp-json\/wp\/v2\/media?parent=42287"}],"wp:term":[{"taxonomy":"category","embeddable":true,"href":"https:\/\/linitiative.ca\/International\/wp-json\/wp\/v2\/categories?post=42287"},{"taxonomy":"post_tag","embeddable":true,"href":"https:\/\/linitiative.ca\/International\/wp-json\/wp\/v2\/tags?post=42287"}],"curies":[{"name":"wp","href":"https:\/\/api.w.org\/{rel}","templated":true}]}}