{"id":42288,"date":"2019-06-23T15:51:18","date_gmt":"2019-06-23T19:51:18","guid":{"rendered":"https:\/\/linitiative.ca\/International\/benin\/"},"modified":"2019-06-23T15:51:18","modified_gmt":"2019-06-23T19:51:18","slug":"benin","status":"publish","type":"post","link":"https:\/\/linitiative.ca\/International\/benin\/","title":{"rendered":"BENIN"},"content":{"rendered":"<div class=\"stream-item stream-item-above-post-content\">\n<p><noscript><\/p>\n<p><a href=\"\/\/www3.smartadserver.com\/ac?jump=1&#038;nwid=2136&#038;siteid=240610&#038;pgname=rg&#038;fmtid=49046&#038;visit=m&#038;tmstp=[timestamp]&#038;out=nonrich\" target=\"_blank\" rel=\"noopener noreferrer\"><img decoding=\"async\" src=\"\/\/www3.smartadserver.com\/ac?out=nonrich&#038;nwid=2136&#038;siteid=240610&#038;pgname=rg&#038;fmtid=49046&#038;visit=m&#038;tmstp=[timestamp]\" border=\"0\" alt=\"\"\/><\/a><\/p>\n<p><\/noscript><\/div>\n<p class=\"c3\"><em>Assign\u00e9 \u00e0 r\u00e9sidence surveill\u00e9e et cela pendant plus d\u2019un mois, l\u2019ex-pr\u00e9sident b\u00e9ninois, Boni Yayi, a finalement quitt\u00e9 son pays, le 22 juin dernier. Il s\u00e9journe d\u00e9sormais en France o\u00f9, selon ses proches, il devra b\u00e9n\u00e9ficier de soins m\u00e9dicaux appropri\u00e9s. Quant \u00e0 son r\u00f4le pr\u00e9sum\u00e9 dans les violences des 1er et 2 mars dernier, Boni Yayi n\u2019entend pas se soustraire \u00e0 la Justice de son pays et promet de revenir au bercail pour r\u00e9pondre des faits qui lui sont reproch\u00e9s. C\u2019est le lieu donc de saluer les interventions de tous ceux qui, de pr\u00e8s ou de loin, ont permis de d\u00e9crisper l\u2019atmosph\u00e8re sociopolitique tr\u00e8s tendue au B\u00e9nin depuis les l\u00e9gislatives controvers\u00e9es du 28 avril dernier, desquelles \u00e9tait exclue l\u2019opposition politique. Il s\u2019agit, pour ne pas les nommer, des pr\u00e9sidents Muhammadu Buhari du Nigeria, Alassane Dramane Ouattara de C\u00f4te d\u2019Ivoire, Paul Kagam\u00e9 du Rwanda mais aussi des sages originaires de la ville natale de Boni Yayi, sans oublier le clerg\u00e9 b\u00e9ninois, qui ont tous travaill\u00e9 \u00e0 aplanir les difficult\u00e9s de sorte \u00e0 permettre au natif de Tchaourou d\u2019aller se soigner \u00e0 Paris, en France. C\u2019est tout \u00e0 leur honneur, surtout quand on sait que, dans le cas d\u2019esp\u00e8ce, l\u2019on faisait face \u00e0 une querelle de personnes sur fond de vengeance qui avait fini par prendre en otage tout le B\u00e9nin. C\u2019est pourquoi tout en f\u00e9licitant le pr\u00e9sident Patrice Talon, l\u2019on peut regretter qu\u2019il ait mis tant de temps pour permettre \u00e0 son adversaire d\u2019aller se soigner. Peut-\u00eatre l\u2019a-t-il fait au moment o\u00f9 le mal a pris des proportions inqui\u00e9tantes au point d\u2019engager le pronostic vital de son pr\u00e9d\u00e9cesseur comme le pensent certains qui y voient une cabale politique sur fond de r\u00e8glements de comptes.<\/em><\/p>\n<p><strong>Patrice Talon doit rectifier le tir pendant qu\u2019il est encore temps<\/strong><\/p>\n<p class=\"c3\"><em>C\u2019est dire donc que le tout n\u2019est pas de permettre \u00e0 Boni Yayi d\u2019aller se soigner. Le B\u00e9nin, longtemps pr\u00e9sent\u00e9 comme un mod\u00e8le,\u00a0 a mal \u00e0 sa d\u00e9mocratie sous Talon. Il lui faut donc une th\u00e9rapie de cheval au risque de voir le pays se hisser \u00e0 la t\u00eate du hit- parade des pays du Gondwana. Et c\u2019est peu dire\u00a0! Car, \u00e0 moins d\u2019\u00eatre un dictateur bon teint, on ne voit pas comment l\u2019on peut pr\u00e9tendre diriger un pays comme le B\u00e9nin sans r\u00e9el contrepouvoir et o\u00f9 la moindre contestation est r\u00e9prim\u00e9e dans le sang. A vrai dire, pour autant qu\u2019il aime son pays, Patrice Talon doit rectifier le tir pendant qu\u2019il est encore temps. Car, en moins d\u2019un mandat, il a travaill\u00e9 \u00e0 briser la confiance que ses compatriotes avaient plac\u00e9e en lui\u00a0; ce qui lui a permis de prendre sa revanche sur Boni Yayi sur qui il s\u2019acharne impitoyablement. Mais il feint d\u2019oublier que si son pr\u00e9d\u00e9cesseur avait \u00e9t\u00e9 aussi s\u00e9v\u00e8re que lui,\u00a0 il ne serait pas aujourd\u2019hui l\u00e0 o\u00f9 il est. On l\u2019a vu dans d\u2019autres pays o\u00f9 des pr\u00e9sidents, m\u00eame sortants, ont taill\u00e9 des croupi\u00e8res \u00e0 certains de leurs opposants. C\u2019est le cas par exemple de la R\u00e9publique d\u00e9mocratique du Congo (RDC) o\u00f9 Joseph Kabila qui n\u2019avait plus la possibilit\u00e9 de briguer un nouveau mandat, a travaill\u00e9 \u00e0 mettre des b\u00e2tons dans les roues de Mo\u00efse Katumbi et Jean-Pierre Bemba.<\/em><\/p>\n<p><strong>Boundi OUOBA<\/strong><\/p>\n<p>Auteur: Le Pays<br \/>\n<a href=\"http:\/\/lepays.bf\/benin\/\">Cliquez ici pour lire l&rsquo;article depuis sa source.<\/a><\/p>\n","protected":false},"excerpt":{"rendered":"<p>Assign\u00e9 \u00e0 r\u00e9sidence surveill\u00e9e et cela pendant plus d\u2019un mois, l\u2019ex-pr\u00e9sident b\u00e9ninois, Boni Yayi, a finalement quitt\u00e9 son pays, le 22 juin dernier. Il s\u00e9journe d\u00e9sormais en France o\u00f9, selon ses proches, il devra b\u00e9n\u00e9ficier de soins m\u00e9dicaux appropri\u00e9s. Quant \u00e0 son r\u00f4le pr\u00e9sum\u00e9 dans les violences des 1er et 2 mars dernier, Boni Yayi [&hellip;]<\/p>\n","protected":false},"author":1813,"featured_media":0,"comment_status":"closed","ping_status":"closed","sticky":false,"template":"","format":"standard","meta":{"fifu_image_url":"","fifu_image_alt":"","footnotes":""},"categories":[73,81],"tags":[],"class_list":["post-42288","post","type-post","status-publish","format-standard","hentry","category-actualite","category-burkina-faso"],"_links":{"self":[{"href":"https:\/\/linitiative.ca\/International\/wp-json\/wp\/v2\/posts\/42288","targetHints":{"allow":["GET"]}}],"collection":[{"href":"https:\/\/linitiative.ca\/International\/wp-json\/wp\/v2\/posts"}],"about":[{"href":"https:\/\/linitiative.ca\/International\/wp-json\/wp\/v2\/types\/post"}],"author":[{"embeddable":true,"href":"https:\/\/linitiative.ca\/International\/wp-json\/wp\/v2\/users\/1813"}],"replies":[{"embeddable":true,"href":"https:\/\/linitiative.ca\/International\/wp-json\/wp\/v2\/comments?post=42288"}],"version-history":[{"count":0,"href":"https:\/\/linitiative.ca\/International\/wp-json\/wp\/v2\/posts\/42288\/revisions"}],"wp:attachment":[{"href":"https:\/\/linitiative.ca\/International\/wp-json\/wp\/v2\/media?parent=42288"}],"wp:term":[{"taxonomy":"category","embeddable":true,"href":"https:\/\/linitiative.ca\/International\/wp-json\/wp\/v2\/categories?post=42288"},{"taxonomy":"post_tag","embeddable":true,"href":"https:\/\/linitiative.ca\/International\/wp-json\/wp\/v2\/tags?post=42288"}],"curies":[{"name":"wp","href":"https:\/\/api.w.org\/{rel}","templated":true}]}}