{"id":42289,"date":"2019-06-23T13:50:04","date_gmt":"2019-06-23T17:50:04","guid":{"rendered":"https:\/\/linitiative.ca\/International\/inde-les-corps-de-sept-alpinistes-retrouves-dans-lhimalaya\/"},"modified":"2019-06-23T13:50:04","modified_gmt":"2019-06-23T17:50:04","slug":"inde-les-corps-de-sept-alpinistes-retrouves-dans-lhimalaya","status":"publish","type":"post","link":"https:\/\/linitiative.ca\/International\/inde-les-corps-de-sept-alpinistes-retrouves-dans-lhimalaya\/","title":{"rendered":"Inde : les corps de sept alpinistes retrouv\u00e9s dans l\u2019Himalaya"},"content":{"rendered":"<div readability=\"32\">\n<p>Publi\u00e9 le 23.06.2019 \u00e0 18h50 par AFP<\/p>\n<\/div>\n<div readability=\"120\">\n<p>Les corps de sept alpinistes disparus il y a pr\u00e8s d\u2019un mois en Inde sur un sommet de l\u2019Himalaya ont \u00e9t\u00e9 retrouv\u00e9s dimanche par une \u00e9quipe de secouristes sp\u00e9cialis\u00e9s dans les interventions en haute montagne.<\/p>\n<p>Ces secouristes \u00e9taient partis d\u00e9but juin \u00e0 la recherche de huit alpinistes \u2013 quatre Britanniques, deux Am\u00e9ricains, un Indien et une Australienne \u2013 dans la Nanda Devi, le deuxi\u00e8me plus haut massif d\u2019Inde pr\u00e8s de la fronti\u00e8re avec le N\u00e9pal.<\/p>\n<p>Les sept corps, qui ont pu \u00eatre r\u00e9cup\u00e9r\u00e9s au bout de sept heures de labeur, ont \u00e9t\u00e9 \u00ab\u00a0transport\u00e9s sur un site \u00e0 proximit\u00e9\u00a0\u00bb, a d\u00e9clar\u00e9 \u00e0 l\u2019AFP un porte-parole de la Police des fronti\u00e8res indo-tib\u00e9taine (ITBP), Vivek Kumar Pandey. \u00ab\u00a0Nous avons aussi d\u00e9couvert de l\u2019\u00e9quipement de montagne\u00a0\u00bb, a-t-il ajout\u00e9.<\/p>\n<p>Les recherches pour trouver le huiti\u00e8me alpiniste disparu se poursuivront lundi, a-t-il pr\u00e9cis\u00e9.<\/p>\n<p>\u2013 Sans autorisation \u2013<\/p>\n<p>\u00ab\u00a0Les conditions sur le terrain \u00e9taient extr\u00eamement difficiles en raison de la forte pente, de l\u2019accumulation de neige et des vents forts\u00a0\u00bb, a-t-il expliqu\u00e9.<\/p>\n<p>Les identit\u00e9s et nationalit\u00e9s des sept victimes retrouv\u00e9es n\u2019ont pas encore \u00e9t\u00e9 d\u00e9termin\u00e9es.<\/p>\n<p>Les huit alpinistes disparus sont les Britanniques Martin Moran, John McLaren, Rupert Whewel et Richard Payne, les Am\u00e9ricains Anthony Sudekum et Ronald Beimel, l\u2019Australienne Ruth McCance et leur guide indien Chetan Pandey.<\/p>\n<p>Quatre autres alpinistes britanniques secourus apr\u00e8s s\u2019\u00eatre s\u00e9par\u00e9s du groupe principal avaient aid\u00e9 les \u00e9quipes de secours \u00e0 localiser les huit autres.<\/p>\n<p>Le groupe d\u2019alpinistes, emmen\u00e9 par l\u2019alpiniste britannique chevronn\u00e9 Martin Moran, avait re\u00e7u l\u2019autorisation d\u2019escalader uniquement le sommet oriental de la Nanda Devi.<\/p>\n<p>Mais selon un message publi\u00e9 sur Facebook le 22 mai par la compagnie de M. Moran, ils avaient en fait l\u2019intention de tenter l\u2019ascension d\u2019un \u00ab\u00a0sommet qui n\u2019avait pas encore \u00e9t\u00e9 escalad\u00e9\u00a0\u00bb, haut d\u2019environ 6.500 m\u00e8tres, dans l\u2019Etat d\u2019Uttarakhand (nord).<\/p>\n<p>\u2013 Des centaines d\u2019alpinistes \u2013<\/p>\n<p>Des responsables ont indiqu\u00e9 \u00e0 l\u2019AFP que les alpinistes avaient pris un risque mortel en s\u2019engageant dans une ascension pour laquelle ils n\u2019avaient pas re\u00e7u d\u2019autorisation.<\/p>\n<p>Selon une source militaire, ils ont peut-\u00eatre chut\u00e9 d\u2019une cr\u00eate de glace ou alors \u00e9t\u00e9 emport\u00e9s par une avalanche.<\/p>\n<p>Les alpinistes disparus avaient communiqu\u00e9 pour la derni\u00e8re fois le 26 mai, la veille d\u2019importantes chutes de neige et avalanches.<\/p>\n<p>D\u2019importantes op\u00e9rations de recherches, \u00e0 l\u2019aide notamment d\u2019h\u00e9licopt\u00e8res, avaient \u00e9t\u00e9 lanc\u00e9es par les autorit\u00e9s indiennes, mais elles avaient \u00e9t\u00e9 affect\u00e9es par le mauvais temps, notamment des vents violents, le risque d\u2019avalanche et le terrain difficile.<\/p>\n<p>Des centaines d\u2019alpinistes du monde entier se rendent chaque ann\u00e9e en Inde pour escalader les sommets de l\u2019Himalaya, et ceux de la Nanda Devi sont consid\u00e9r\u00e9s comme parmi les plus difficiles.<\/p>\n<p>La premi\u00e8re ascension de la Nanda Devi couronn\u00e9e de succ\u00e8s remonte \u00e0 1936. L\u2019Inde compte sur son territoire dix sommets de plus de 7.000 m\u00e8tres, dont le troisi\u00e8me plus haut du monde, le Kangchenjunga (8.586 m), coinc\u00e9 entre l\u2019Inde et le N\u00e9pal.<\/p>\n<\/div>\n<p>Auteur: AFP<br \/>\n<a href=\"https:\/\/www.journalducameroun.com\/inde-les-corps-de-sept-alpinistes-retrouves-dans-lhimalaya-2\/\">Cliquez ici pour lire l&rsquo;article depuis sa source.<\/a><\/p>\n","protected":false},"excerpt":{"rendered":"<p>Publi\u00e9 le 23.06.2019 \u00e0 18h50 par AFP Les corps de sept alpinistes disparus il y a pr\u00e8s d\u2019un mois en Inde sur un sommet de l\u2019Himalaya ont \u00e9t\u00e9 retrouv\u00e9s dimanche par une \u00e9quipe de secouristes sp\u00e9cialis\u00e9s dans les interventions en haute montagne. Ces secouristes \u00e9taient partis d\u00e9but juin \u00e0 la recherche de huit alpinistes \u2013 [&hellip;]<\/p>\n","protected":false},"author":1965,"featured_media":0,"comment_status":"closed","ping_status":"closed","sticky":false,"template":"","format":"standard","meta":{"fifu_image_url":"","fifu_image_alt":"","footnotes":""},"categories":[73,82],"tags":[],"class_list":["post-42289","post","type-post","status-publish","format-standard","hentry","category-actualite","category-cameroun"],"_links":{"self":[{"href":"https:\/\/linitiative.ca\/International\/wp-json\/wp\/v2\/posts\/42289","targetHints":{"allow":["GET"]}}],"collection":[{"href":"https:\/\/linitiative.ca\/International\/wp-json\/wp\/v2\/posts"}],"about":[{"href":"https:\/\/linitiative.ca\/International\/wp-json\/wp\/v2\/types\/post"}],"author":[{"embeddable":true,"href":"https:\/\/linitiative.ca\/International\/wp-json\/wp\/v2\/users\/1965"}],"replies":[{"embeddable":true,"href":"https:\/\/linitiative.ca\/International\/wp-json\/wp\/v2\/comments?post=42289"}],"version-history":[{"count":0,"href":"https:\/\/linitiative.ca\/International\/wp-json\/wp\/v2\/posts\/42289\/revisions"}],"wp:attachment":[{"href":"https:\/\/linitiative.ca\/International\/wp-json\/wp\/v2\/media?parent=42289"}],"wp:term":[{"taxonomy":"category","embeddable":true,"href":"https:\/\/linitiative.ca\/International\/wp-json\/wp\/v2\/categories?post=42289"},{"taxonomy":"post_tag","embeddable":true,"href":"https:\/\/linitiative.ca\/International\/wp-json\/wp\/v2\/tags?post=42289"}],"curies":[{"name":"wp","href":"https:\/\/api.w.org\/{rel}","templated":true}]}}