{"id":42290,"date":"2019-06-23T13:50:05","date_gmt":"2019-06-23T17:50:05","guid":{"rendered":"https:\/\/linitiative.ca\/International\/rdc-tensions-autour-du-nouveau-retour-de-lopposant-bemba-a-kinshasa\/"},"modified":"2019-06-23T13:50:05","modified_gmt":"2019-06-23T17:50:05","slug":"rdc-tensions-autour-du-nouveau-retour-de-lopposant-bemba-a-kinshasa","status":"publish","type":"post","link":"https:\/\/linitiative.ca\/International\/rdc-tensions-autour-du-nouveau-retour-de-lopposant-bemba-a-kinshasa\/","title":{"rendered":"RDC: tensions autour du nouveau retour de l\u2019opposant Bemba \u00e0 Kinshasa"},"content":{"rendered":"<div readability=\"32\">\n<p>Publi\u00e9 le 23.06.2019 \u00e0 18h50 par AFP<\/p>\n<\/div>\n<div readability=\"127\">\n<p>Des tensions ont \u00e9clat\u00e9 dimanche \u00e0 Kinshasa autour du cort\u00e8ge de l\u2019opposant et ex-chef de guerre Jean-Pierre Bemba pour son deuxi\u00e8me retour en moins d\u2019un an en R\u00e9publique d\u00e9mocratique du Congo, apr\u00e8s son acquittement en juin 2018 par la Cour p\u00e9nale internationale (CPI).<\/p>\n<p>Des inconnus ont lanc\u00e9 des pierres contre le cort\u00e8ge de M. Bemba \u00e0 son arriv\u00e9e pr\u00e8s de la place d\u2019un quartier populaire o\u00f9 des milliers de personnes sont venues l\u2019\u00e9couter dans l\u2019apr\u00e8s-midi, a constat\u00e9 un journaliste de l\u2019AFP.<\/p>\n<p>Un proche de M. Bemba a \u00e9t\u00e9 l\u00e9g\u00e8rement touch\u00e9 \u00e0 l\u2019oreille, de m\u00eame source.<\/p>\n<p>Des incidents avaient aussi \u00e9clat\u00e9 en marge de la procession de plusieurs heures de M. Bemba et de ses supporteurs entre l\u2019a\u00e9roport de Ndjili et cette place, la place Sainte-Th\u00e9r\u00e8se.<\/p>\n<p>Des manifestants ont lanc\u00e9 des pierres et la police a ripost\u00e9 par des tirs de gaz lacrymog\u00e8nes, a constat\u00e9 un photographe de l\u2019AFP qui a entendu plusieurs types de d\u00e9tonations et vu au moins un homme bless\u00e9 \u00e0 la jambe.<\/p>\n<p>A sa descente le matin d\u2019un jet priv\u00e9 en provenance de Bruxelles, M. Bemba avait \u00e9t\u00e9 accueilli par Martin Fayulu, qui revendique la victoire \u00e0 l\u2019\u00e9lection pr\u00e9sidentielle du 30 d\u00e9cembre dernier face \u00e0 F\u00e9lix Tshisekedi, proclam\u00e9 vainqueur par la commission \u00e9lectorale et la Cour constitutionnelle.<\/p>\n<p>Lors de son premier retour d\u2019exil le 1er ao\u00fbt 2018, apr\u00e8s onze ans d\u2019absence, M. Bemba n\u2019\u00e9tait rest\u00e9 que quelques jours en RDC, le temps de d\u00e9poser sa candidature \u00e0 l\u2019\u00e9lection pr\u00e9sidentielle finalement invalid\u00e9e par la commission \u00e9lectorale.<\/p>\n<p>Il \u00e9tait alors rentr\u00e9 en Belgique d\u2019o\u00f9 il a anim\u00e9 \u00e0 distance la coalition Lamuka autour de la candidature de M. Fayulu avec un autre t\u00e9nor de l\u2019opposition, l\u2019ex-gouverneur du Katanga Mo\u00efse Katumbi.<\/p>\n<p>Des divergences sont apparues depuis au sein de la coalition Lamuka. M. Fayulu incarne une opposition radicale et r\u00e9clame la \u00ab\u00a0v\u00e9rit\u00e9 des urnes\u00a0\u00bb.<\/p>\n<p>A son propre retour d\u2019exil il y a un mois, Mo\u00efse Katumbi avait d\u00e9clar\u00e9 qu\u2019il ne combattrait pas F\u00e9lix Tshisekedi mais d\u00e9fendrait une \u00ab\u00a0opposition r\u00e9publicaine et exigeante\u00a0\u00bb.<\/p>\n<p>\u00ab\u00a0Jean-Pierre Bemba est revenu pr\u00eater main forte \u00e0 Martin Fayulu\u00a0\u00bb, a d\u00e9clar\u00e9 lors du meeting l\u2019une de ses proches politiques, Eve Bazaiba.<\/p>\n<p>Pr\u00e9sent sur l\u2019estrade aux c\u00f4t\u00e9s de M. Bemba, M. Fayulu a \u00e9t\u00e9 ovationn\u00e9 par la foule qui a en revanche siffl\u00e9 le nom de Mo\u00efse Katumbi, a constat\u00e9 le journaliste de l\u2019AFP.<\/p>\n<p>\u00ab\u00a0Donnez-nous des armes\u00a0\u00bb, ont scand\u00e9 certains dans la foule \u00e0 plusieurs reprises. \u00ab\u00a0Nous sommes des d\u00e9mocrates. On veut avoir le pouvoir par les \u00e9lections\u00a0\u00bb, a dit M. Bemba durant son meeting d\u2019un peu plus d\u2019une heure.<\/p>\n<p>Au moment m\u00eame du meeting de M. Bemba, le pr\u00e9sident Tshisekedi participait \u00e0 une \u00ab\u00a0journ\u00e9e nationale d\u2019action de gr\u00e2ce\u00a0\u00bb en pr\u00e9sence de plusieurs cultes religieux devant des milliers de personnes au stade des Martyrs, dans une autre commune de la ville.<\/p>\n<p>\u00ab\u00a0Au nom de toutes les autorit\u00e9s anciennes comme pr\u00e9sentes, je te demande pardon pour le sang des innocents qui a \u00e9t\u00e9 vers\u00e9 intentionnellement ou par de simples erreurs\u00a0\u00bb, a d\u00e9clar\u00e9 le pr\u00e9sident Tshisekedi tout de blanc v\u00eatu dans des propos rapport\u00e9s par le site actualit\u00e9.cd.<\/p>\n<p>Candidat malheureux \u00e0 la pr\u00e9sidentielle de 2006 face \u00e0 l\u2019ancien pr\u00e9sident Joseph Kabila, l\u2019ex vice-pr\u00e9sident Bemba a pass\u00e9 dix ans \u00e0 la prison de la CPI pour des crimes commis pas ses troupes en Centrafrique, avant d\u2019\u00eatre acquitt\u00e9 et lib\u00e9r\u00e9 en appel.<\/p>\n<p>Il revient en RDC alors que le pr\u00e9sident Tshisekedi est li\u00e9 par un accord de coalition avec son pr\u00e9d\u00e9cesseur Joseph Kabila, qui a gard\u00e9 une large majorit\u00e9 au Parlement. Cet accord n\u2019a toujours pas d\u00e9bouch\u00e9 sur la formation d\u2019un gouvernement.<\/p>\n<p>Les leaders de la coalition Lamuka ont pr\u00e9vu des manifestations dimanche prochain, jour de la f\u00eate de l\u2019Ind\u00e9pendance, pour protester contre l\u2019invalidation de l\u2019\u00e9lection d\u2019une vingtaine de leurs d\u00e9put\u00e9s par la Cour constitutionnelle.<\/p>\n<p>\u00ab\u00a0On ne veut pas de violences\u00a0\u00bb, a pr\u00e9venu M. Bemba.<\/p>\n<\/div>\n<p>Auteur: AFP<br \/>\n<a href=\"https:\/\/www.journalducameroun.com\/rdc-tensions-autour-du-nouveau-retour-de-lopposant-bemba-a-kinshasa\/\">Cliquez ici pour lire l&rsquo;article depuis sa source.<\/a><\/p>\n","protected":false},"excerpt":{"rendered":"<p>Publi\u00e9 le 23.06.2019 \u00e0 18h50 par AFP Des tensions ont \u00e9clat\u00e9 dimanche \u00e0 Kinshasa autour du cort\u00e8ge de l\u2019opposant et ex-chef de guerre Jean-Pierre Bemba pour son deuxi\u00e8me retour en moins d\u2019un an en R\u00e9publique d\u00e9mocratique du Congo, apr\u00e8s son acquittement en juin 2018 par la Cour p\u00e9nale internationale (CPI). Des inconnus ont lanc\u00e9 des [&hellip;]<\/p>\n","protected":false},"author":1965,"featured_media":0,"comment_status":"closed","ping_status":"closed","sticky":false,"template":"","format":"standard","meta":{"fifu_image_url":"","fifu_image_alt":"","footnotes":""},"categories":[73,82],"tags":[],"class_list":["post-42290","post","type-post","status-publish","format-standard","hentry","category-actualite","category-cameroun"],"_links":{"self":[{"href":"https:\/\/linitiative.ca\/International\/wp-json\/wp\/v2\/posts\/42290","targetHints":{"allow":["GET"]}}],"collection":[{"href":"https:\/\/linitiative.ca\/International\/wp-json\/wp\/v2\/posts"}],"about":[{"href":"https:\/\/linitiative.ca\/International\/wp-json\/wp\/v2\/types\/post"}],"author":[{"embeddable":true,"href":"https:\/\/linitiative.ca\/International\/wp-json\/wp\/v2\/users\/1965"}],"replies":[{"embeddable":true,"href":"https:\/\/linitiative.ca\/International\/wp-json\/wp\/v2\/comments?post=42290"}],"version-history":[{"count":0,"href":"https:\/\/linitiative.ca\/International\/wp-json\/wp\/v2\/posts\/42290\/revisions"}],"wp:attachment":[{"href":"https:\/\/linitiative.ca\/International\/wp-json\/wp\/v2\/media?parent=42290"}],"wp:term":[{"taxonomy":"category","embeddable":true,"href":"https:\/\/linitiative.ca\/International\/wp-json\/wp\/v2\/categories?post=42290"},{"taxonomy":"post_tag","embeddable":true,"href":"https:\/\/linitiative.ca\/International\/wp-json\/wp\/v2\/tags?post=42290"}],"curies":[{"name":"wp","href":"https:\/\/api.w.org\/{rel}","templated":true}]}}