{"id":42295,"date":"2019-06-23T15:50:02","date_gmt":"2019-06-23T19:50:02","guid":{"rendered":"https:\/\/linitiative.ca\/International\/can-2019-entree-parfaite-pour-le-senegal\/"},"modified":"2019-06-23T15:50:02","modified_gmt":"2019-06-23T19:50:02","slug":"can-2019-entree-parfaite-pour-le-senegal","status":"publish","type":"post","link":"https:\/\/linitiative.ca\/International\/can-2019-entree-parfaite-pour-le-senegal\/","title":{"rendered":"CAN-2019: entr\u00e9e parfaite pour le S\u00e9n\u00e9gal"},"content":{"rendered":"<div readability=\"32\">\n<p>Publi\u00e9 le 23.06.2019 \u00e0 20h50 par AFP<\/p>\n<\/div>\n<div readability=\"105\">\n<p>Le S\u00e9n\u00e9gal, sans Sadio Man\u00e9 suspendu, a montr\u00e9 qu\u2019il avait l\u2019\u00e9toffe d\u2019un futur vainqueur de la Coupe d\u2019Afrique des Nations, en gagnant logiquement son premier match contre la faible Tanzanie (2-0), dimanche au Caire.<\/p>\n<p>Samedi, le s\u00e9lectionneur Aliou Ciss\u00e9 disait qu\u2019il n\u2019avait pas chang\u00e9 depuis sa prise de fonction en 2015, \u00e0 part ses dreadlocks qui ont pouss\u00e9 de \u00ab\u00a0deux centim\u00e8tres\u00a0\u00bb. Le terrain lui a donn\u00e9 raison: ses Lions ont encore r\u00e9ussi leur d\u00e9part dans une comp\u00e9tition majeure sous ses ordres.<\/p>\n<p>Comme lors de la CAN-2017 et du Mondial-2018, ils sont entr\u00e9s en lice par la grande porte, avec un succ\u00e8s ma\u00eetris\u00e9. Mais c\u2019est bien sur sa sortie que cette \u00e9quipe, souvent favorite mais jamais titr\u00e9e, sera jug\u00e9e.<\/p>\n<p>En attendant les rencontres \u00e0 \u00e9limination directe qui sonnent souvent le glas de ses espoirs, et avant le choc en poule contre l\u2019Alg\u00e9rie jeudi, le S\u00e9n\u00e9gal est dans les clous, en imitant l\u2019Egypte, le Nigeria et le Maroc, ses autres concurrents les plus s\u00e9rieux, tous vainqueurs de leur premi\u00e8re rencontre.<\/p>\n<p>Malgr\u00e9 l\u2019absence de leur leader Man\u00e9 suspendu, les Blanc et Vert ont \u00e9tal\u00e9 l\u2019\u00e9tendue de leur talent, en dominant techniquement et physiquement de faibles Tanzaniens, qui n\u2019avaient plus disput\u00e9 la CAN depuis 1980.<\/p>\n<p>Align\u00e9 dans le couloir gauche \u00e0 la place de la star de Liverpool, Keita Bald\u00e9 a concr\u00e9tis\u00e9 la mainmise de son \u00e9quipe, d\u2019un but qui doit beaucoup \u00e0 la belle passe d\u00e9cisive d\u2019Idrissa Gueye (28).<\/p>\n<p>Le joueur de l\u2019Inter a \u00e9t\u00e9 en vue mais a trop g\u00e2ch\u00e9 (54), tout comme son comp\u00e8re de l\u2019axe Mbaye Niang (6, 32, 43, 69), Isma\u00efla Sarr (86) ou Papa Ndiaye (3).<\/p>\n<p>En d\u00e9fense, Kalidou Koulibaly a \u00e9t\u00e9 imp\u00e9rial, \u00e0 l\u2019image de son intervention de patron pour sauver une remise de la t\u00eate hasardeuse devant son but de Moussa Wagu\u00e9 (30). Sa bonne prestation, coupl\u00e9e \u00e0 la s\u00e9r\u00e9nit\u00e9 du gardien Edouard Mendy dans ses sorties, rappelle que le S\u00e9n\u00e9gal a l\u2019assise pour aller loin, m\u00eame si Salif San\u00e9 est sorti sur blessure (24).<\/p>\n<p>Mais dans cette \u00e9quipe, le danger ne vient pas uniquement des t\u00eates les plus connues: le milieu de Bruges Kr\u00e9pin Diatta a marqu\u00e9 le deuxi\u00e8me but (64) d\u2019une magnifique reprise des 20 m\u00e8tres, pour sanctionner une relance rat\u00e9e des Tanzaniens sur un corner.<\/p>\n<p>Avec Sadio Man\u00e9 de retour, le S\u00e9n\u00e9gal aura encore un argument suppl\u00e9mentaire \u00e0 faire valoir. L\u2019\u00e9toffe d\u2019un futur vainqueur.<\/p>\n<\/div>\n<p>Auteur: AFP<br \/>\n<a href=\"https:\/\/www.journalducameroun.com\/can-2019-entree-parfaite-pour-le-senegal\/\">Cliquez ici pour lire l&rsquo;article depuis sa source.<\/a><\/p>\n","protected":false},"excerpt":{"rendered":"<p>Publi\u00e9 le 23.06.2019 \u00e0 20h50 par AFP Le S\u00e9n\u00e9gal, sans Sadio Man\u00e9 suspendu, a montr\u00e9 qu\u2019il avait l\u2019\u00e9toffe d\u2019un futur vainqueur de la Coupe d\u2019Afrique des Nations, en gagnant logiquement son premier match contre la faible Tanzanie (2-0), dimanche au Caire. Samedi, le s\u00e9lectionneur Aliou Ciss\u00e9 disait qu\u2019il n\u2019avait pas chang\u00e9 depuis sa prise de [&hellip;]<\/p>\n","protected":false},"author":1965,"featured_media":0,"comment_status":"closed","ping_status":"closed","sticky":false,"template":"","format":"standard","meta":{"fifu_image_url":"","fifu_image_alt":"","footnotes":""},"categories":[73,82],"tags":[],"class_list":["post-42295","post","type-post","status-publish","format-standard","hentry","category-actualite","category-cameroun"],"_links":{"self":[{"href":"https:\/\/linitiative.ca\/International\/wp-json\/wp\/v2\/posts\/42295","targetHints":{"allow":["GET"]}}],"collection":[{"href":"https:\/\/linitiative.ca\/International\/wp-json\/wp\/v2\/posts"}],"about":[{"href":"https:\/\/linitiative.ca\/International\/wp-json\/wp\/v2\/types\/post"}],"author":[{"embeddable":true,"href":"https:\/\/linitiative.ca\/International\/wp-json\/wp\/v2\/users\/1965"}],"replies":[{"embeddable":true,"href":"https:\/\/linitiative.ca\/International\/wp-json\/wp\/v2\/comments?post=42295"}],"version-history":[{"count":0,"href":"https:\/\/linitiative.ca\/International\/wp-json\/wp\/v2\/posts\/42295\/revisions"}],"wp:attachment":[{"href":"https:\/\/linitiative.ca\/International\/wp-json\/wp\/v2\/media?parent=42295"}],"wp:term":[{"taxonomy":"category","embeddable":true,"href":"https:\/\/linitiative.ca\/International\/wp-json\/wp\/v2\/categories?post=42295"},{"taxonomy":"post_tag","embeddable":true,"href":"https:\/\/linitiative.ca\/International\/wp-json\/wp\/v2\/tags?post=42295"}],"curies":[{"name":"wp","href":"https:\/\/api.w.org\/{rel}","templated":true}]}}