{"id":42297,"date":"2019-06-23T16:50:02","date_gmt":"2019-06-23T20:50:02","guid":{"rendered":"https:\/\/linitiative.ca\/International\/environnement-a-chypre-une-course-de-voitures-solaires-low-cost\/"},"modified":"2019-06-23T16:50:02","modified_gmt":"2019-06-23T20:50:02","slug":"environnement-a-chypre-une-course-de-voitures-solaires-low-cost","status":"publish","type":"post","link":"https:\/\/linitiative.ca\/International\/environnement-a-chypre-une-course-de-voitures-solaires-low-cost\/","title":{"rendered":"Environnement: \u00e0 Chypre, une course de voitures solaires low cost"},"content":{"rendered":"<div readability=\"32\">\n<p>Publi\u00e9 le 23.06.2019 \u00e0 21h50 par AFP<\/p>\n<\/div>\n<div readability=\"151\">\n<p>Venetia, 16 ans, enfile son casque, appuie sur l\u2019acc\u00e9l\u00e9rateur de sa voiture solaire puis s\u2019\u00e9lance dans une course organis\u00e9e dimanche \u00e0 Nicosie, la capitale de Chypre, pour montrer que m\u00eame un budget low cost permet de rouler en prot\u00e9geant l\u2019environnement.<\/p>\n<p>Durant trois heures, les dix v\u00e9hicules participant au \u00ab\u00a0Cyprus Institute Solar Car Challenge\u00a0\u00bb ont tourn\u00e9 \u00e0 plusieurs dizaines de kilom\u00e8tres\/heure sur un parcours balis\u00e9 dans les rues de la cit\u00e9 chypriote, aliment\u00e9s uniquement par un soleil dardant g\u00e9n\u00e9reusement ses rayons dans cette \u00eele m\u00e9diterran\u00e9enne.<\/p>\n<p>Au volant, se sont succ\u00e9d\u00e9 de nombreux lyc\u00e9ens.<\/p>\n<p>\u00ab\u00a0Je suis la seule fille pilote engag\u00e9e, je suis fi\u00e8re\u00a0\u00bb, confie Venetia Chrysostomide, lyc\u00e9enne dans le village de Dali, pr\u00e8s de Nicosie.<\/p>\n<p>\u00ab\u00a0Avec ces voitures, on prend l\u2019\u00e9nergie du soleil et on peut r\u00e9duire la consommation de p\u00e9trole et la pollution de l\u2019air\u00a0\u00bb, ajoute cette adolescente passionn\u00e9e d\u2019environnement, de physique et math\u00e9matiques.<\/p>\n<p>Un objectif important sur une \u00eele qui a un des taux de motorisation les plus \u00e9lev\u00e9s de l\u2019Union europ\u00e9enne avec 595 voitures pour 1.000 habitants, selon des chiffres donn\u00e9s par Eurostat.<\/p>\n<p>En 2016, sur pr\u00e8s de 28.000 nouvelles voitures passagers immatricul\u00e9es, seules 22 \u00e9taient aliment\u00e9es par des sources d\u2019\u00e9nergie alternatives.<\/p>\n<p>C\u2019est un des professeurs de l\u2019\u00e9tablissement de Venetia, Tassos Falas, qui a particip\u00e9 au d\u00e9veloppement du prototype compos\u00e9 notamment de deux VTT, d\u2019un cadre m\u00e9tallique et de quatre panneaux solaires, un sur le toit, deux \u00e0 l\u2019avant et un \u00e0 l\u2019arri\u00e8re, reli\u00e9s \u00e0 des batteries.<\/p>\n<p>Durant des semaines, Tassos a travaill\u00e9 dans son garage priv\u00e9, avec un de ses coll\u00e8gues Anthoulis Hadjitali et un m\u00e9canicien, Simos Markitanis, afin de mettre au point ce v\u00e9hicule pouvant atteindre 80 km\/h. Co\u00fbt: \u00e0 peine 5.000 euros.<\/p>\n<p>La majorit\u00e9 des participants n\u2019ont d\u00e9pens\u00e9 qu\u2019environ 8.000 euros, selon les organisateurs.<\/p>\n<p>\u00ab\u00a0Nous voulions que tout le monde puisse participer et nous avons limit\u00e9 le co\u00fbt des v\u00e9hicules \u00e0 20.000 euros\u00a0\u00bb, explique \u00e0 l\u2019AFP Aristides Bonanos, professeur \u00e0 l\u2019Institut de recherches Cyprus Institute.<\/p>\n<p>Un imp\u00e9ratif qui fait l\u2019originalit\u00e9 de la comp\u00e9tition chypriote, loin des centaines de milliers d\u2019euros des voitures solaires concourant dans une course de 3.000 km en Australie, qui r\u00e9unit principalement de grandes universit\u00e9s aid\u00e9es par des industries.<\/p>\n<p>\u2013 Id\u00e9al pour les \u00eeles \u2013<\/p>\n<p>\u00ab\u00a0Notre but est de rendre un large public plus conscient\u00a0\u00bb des d\u00e9fis environnementaux, explique M. Bonanos.<\/p>\n<p>Les voitures \u00e9lectriques solaires, g\u00e9n\u00e9ralement moins autonomes que leurs homologues \u00e0 essence ou au gaz, sont particuli\u00e8rement int\u00e9ressantes pour des \u00eeles comme Chypre.<\/p>\n<p>\u00ab\u00a0Les distances sont de maximum 150 \u00e0 200 km, ce qui est tout \u00e0 fait dans les capacit\u00e9s des voitures que vous voyez ici avec leurs batteries conventionnelles\u00a0\u00bb, note le chercheur.<\/p>\n<p>D\u2019autres \u00eeles s\u2019int\u00e9ressent \u00e0 des v\u00e9hicules \u00e9lectriques \u00ab\u00a0nourris\u00a0\u00bb au soleil. Des voitures aliment\u00e9es gr\u00e2ce au surplus d\u2019\u00e9nergie g\u00e9n\u00e9r\u00e9 par les panneaux solaires install\u00e9s sur le toit des b\u00e2timents publics doivent \u00eatre propos\u00e9es cette ann\u00e9e en autopartage sur l\u2019\u00eele fran\u00e7aise de Belle-Ile-en-Mer (nord-ouest).<\/p>\n<p>Un programme similaire est d\u00e9velopp\u00e9 sur l\u2019\u00eele portugaise de Porto Santo.<\/p>\n<p>A Chypre, o\u00f9 le soleil brille plus de 320 jours par an, le potentiel est \u00e9norme, rel\u00e8ve M. Bonanos.<\/p>\n<p>Il permettrait de disposer de v\u00e9hicules plus \u00ab\u00a0propres\u00a0\u00bb. \u00ab\u00a0Pour l\u2019instant, si vous utilisez juste une voiture \u00e9lectrique, vous ne sauvez pas l\u2019environnement car l\u2019\u00e9lectricit\u00e9 est g\u00e9n\u00e9r\u00e9e \u00e0 Chypre gr\u00e2ce \u00e0 du p\u00e9trole\u00a0\u00bb, rel\u00e8ve M. Falas.<\/p>\n<p>Cette ann\u00e9e, son v\u00e9hicule ne terminera pas la course en raison d\u2019un accident. C\u2019est la voiture Hyperion 3 d\u00e9velopp\u00e9e par l\u2019\u00e9cole technique d\u2019Avgorou (sud-est) qui l\u2019a emport\u00e9.<\/p>\n<p>Beaucoup de participants r\u00eavent qu\u2019un jour ces prototypes puissent \u00eatre homologu\u00e9s. \u00ab\u00a0J\u2019irais au lyc\u00e9e en voiture solaire, je la laisserais charger sur le parking puis je rentrais chez moi sans avoir d\u00e9pens\u00e9 un sou en carburant\u00a0\u00bb, imagine Tassos Falas.<\/p>\n<\/div>\n<p>Auteur: AFP<br \/>\n<a href=\"https:\/\/www.journalducameroun.com\/environnement-a-chypre-une-course-de-voitures-solaires-low-cost\/\">Cliquez ici pour lire l&rsquo;article depuis sa source.<\/a><\/p>\n","protected":false},"excerpt":{"rendered":"<p>Publi\u00e9 le 23.06.2019 \u00e0 21h50 par AFP Venetia, 16 ans, enfile son casque, appuie sur l\u2019acc\u00e9l\u00e9rateur de sa voiture solaire puis s\u2019\u00e9lance dans une course organis\u00e9e dimanche \u00e0 Nicosie, la capitale de Chypre, pour montrer que m\u00eame un budget low cost permet de rouler en prot\u00e9geant l\u2019environnement. Durant trois heures, les dix v\u00e9hicules participant au [&hellip;]<\/p>\n","protected":false},"author":1965,"featured_media":0,"comment_status":"closed","ping_status":"closed","sticky":false,"template":"","format":"standard","meta":{"fifu_image_url":"","fifu_image_alt":"","footnotes":""},"categories":[73,82],"tags":[],"class_list":["post-42297","post","type-post","status-publish","format-standard","hentry","category-actualite","category-cameroun"],"_links":{"self":[{"href":"https:\/\/linitiative.ca\/International\/wp-json\/wp\/v2\/posts\/42297","targetHints":{"allow":["GET"]}}],"collection":[{"href":"https:\/\/linitiative.ca\/International\/wp-json\/wp\/v2\/posts"}],"about":[{"href":"https:\/\/linitiative.ca\/International\/wp-json\/wp\/v2\/types\/post"}],"author":[{"embeddable":true,"href":"https:\/\/linitiative.ca\/International\/wp-json\/wp\/v2\/users\/1965"}],"replies":[{"embeddable":true,"href":"https:\/\/linitiative.ca\/International\/wp-json\/wp\/v2\/comments?post=42297"}],"version-history":[{"count":0,"href":"https:\/\/linitiative.ca\/International\/wp-json\/wp\/v2\/posts\/42297\/revisions"}],"wp:attachment":[{"href":"https:\/\/linitiative.ca\/International\/wp-json\/wp\/v2\/media?parent=42297"}],"wp:term":[{"taxonomy":"category","embeddable":true,"href":"https:\/\/linitiative.ca\/International\/wp-json\/wp\/v2\/categories?post=42297"},{"taxonomy":"post_tag","embeddable":true,"href":"https:\/\/linitiative.ca\/International\/wp-json\/wp\/v2\/tags?post=42297"}],"curies":[{"name":"wp","href":"https:\/\/api.w.org\/{rel}","templated":true}]}}