{"id":42298,"date":"2019-06-23T16:50:03","date_gmt":"2019-06-23T20:50:03","guid":{"rendered":"https:\/\/linitiative.ca\/International\/netanyahu-dit-quil-considerera-de-maniere-juste-et-ouverte-le-plan-americain\/"},"modified":"2019-06-23T16:50:03","modified_gmt":"2019-06-23T20:50:03","slug":"netanyahu-dit-quil-considerera-de-maniere-juste-et-ouverte-le-plan-americain","status":"publish","type":"post","link":"https:\/\/linitiative.ca\/International\/netanyahu-dit-quil-considerera-de-maniere-juste-et-ouverte-le-plan-americain\/","title":{"rendered":"Netanyahu dit qu\u2019il consid\u00e8rera \u00ab\u00a0de mani\u00e8re juste et ouverte\u00a0\u00bb le plan am\u00e9ricain"},"content":{"rendered":"<div readability=\"32\">\n<p>Publi\u00e9 le 23.06.2019 \u00e0 21h50 par AFP<\/p>\n<\/div>\n<div readability=\"86\">\n<p>Le Premier ministre isra\u00e9lien Benjamin Netanyahu a dit dimanche qu\u2019il allait consid\u00e9rer \u00ab\u00a0de mani\u00e8re juste et ouverte\u00a0\u00bb le futur plan am\u00e9ricain pour r\u00e9soudre le conflit isra\u00e9lo-palestinien.<\/p>\n<p>\u00ab\u00a0Je ne comprends pas comment les Palestiniens ont rejet\u00e9 le plan avant m\u00eame d\u2019avoir pris connaissance de ce qu\u2019il contenait\u00a0\u00bb, a-t-il ajout\u00e9 \u00e0 quelques jours d\u2019une conf\u00e9rence \u00e0 Bahre\u00efn, boycott\u00e9e par les Palestiniens, d\u00e9di\u00e9e \u00e0 l\u2019aspect \u00e9conomique de ce plan. \u00ab\u00a0Ce n\u2019est pas comme \u00e7a qu\u2019on avance\u00a0\u00bb, a ajout\u00e9 M. Netanyahu.<\/p>\n<p>\u00ab\u00a0Nous allons consid\u00e9rer la proposition am\u00e9ricaine d\u2019une mani\u00e8re juste et ouverte\u00a0\u00bb, a d\u00e9clar\u00e9 le Premier ministre lors d\u2019une visite dans la vall\u00e9e du Jourdain avec le conseiller \u00e0 la s\u00e9curit\u00e9 nationale du pr\u00e9sident am\u00e9ricain, John Bolton.<\/p>\n<p>Concernant la souverainet\u00e9 isra\u00e9lienne sur la vall\u00e9e du Jourdain qui s\u00e9pare Isra\u00ebl de la Jordanie et dont une partie se trouve en Cisjordanie, un territoire palestinien occup\u00e9, il a d\u00e9clar\u00e9: \u00ab\u00a0A ceux qui pr\u00e9tendent que pour obtenir la paix, Isra\u00ebl doit quitter la vall\u00e9e du Jourdain, je dis: cela n\u2019apportera pas la paix, cela apportera la guerre et la terreur\u00a0\u00bb.<\/p>\n<p>Le conseiller am\u00e9ricain \u00e0 la s\u00e9curit\u00e9 nationale est en Isra\u00ebl pour des rencontres centr\u00e9es sur la \u00ab\u00a0s\u00e9curit\u00e9 r\u00e9gionale\u00a0\u00bb, selon la Maison Blanche, dans un climat de vives tensions entre Washington et T\u00e9h\u00e9ran.<\/p>\n<p>Les Etats-Unis ont indiqu\u00e9 samedi que le volet \u00e9conomique de leur futur plan cens\u00e9 r\u00e9soudre le conflit isra\u00e9lo-palestinien vise \u00e0 lever plus de 50 milliards de dollars pour les Palestiniens et \u00e0 cr\u00e9er un million d\u2019emplois en une d\u00e9cennie.<\/p>\n<p>Ce plan promis de longue date devrait inclure plus tard un volet politique, selon des responsables am\u00e9ricains.<\/p>\n<p>Mais l\u2019Autorit\u00e9 palestinienne boycotte la conf\u00e9rence de Bahre\u00efn estimant que l\u2019administration du pr\u00e9sident am\u00e9ricain Donald Trump, qui affiche son soutien \u00e0 Isra\u00ebl, cherche \u00e0 acheter les Palestiniens et \u00e0 les priver d\u2019un Etat ind\u00e9pendant auxquels ils aspirent.<\/p>\n<p>\u00ab\u00a0Nous avons besoin de (soutien) \u00e9conomique, d\u2019argent et d\u2019aide, mais avant tout, il faut une solution politique\u00a0\u00bb, a d\u00e9clar\u00e9 dimanche le pr\u00e9sident palestinien Mahmoud Abbas \u00e0 Ramallah.<\/p>\n<\/div>\n<p>Auteur: AFP<br \/>\n<a href=\"https:\/\/www.journalducameroun.com\/netanyahu-dit-quil-considerera-de-maniere-juste-et-ouverte-le-plan-americain\/\">Cliquez ici pour lire l&rsquo;article depuis sa source.<\/a><\/p>\n","protected":false},"excerpt":{"rendered":"<p>Publi\u00e9 le 23.06.2019 \u00e0 21h50 par AFP Le Premier ministre isra\u00e9lien Benjamin Netanyahu a dit dimanche qu\u2019il allait consid\u00e9rer \u00ab\u00a0de mani\u00e8re juste et ouverte\u00a0\u00bb le futur plan am\u00e9ricain pour r\u00e9soudre le conflit isra\u00e9lo-palestinien. \u00ab\u00a0Je ne comprends pas comment les Palestiniens ont rejet\u00e9 le plan avant m\u00eame d\u2019avoir pris connaissance de ce qu\u2019il contenait\u00a0\u00bb, a-t-il ajout\u00e9 [&hellip;]<\/p>\n","protected":false},"author":1965,"featured_media":0,"comment_status":"closed","ping_status":"closed","sticky":false,"template":"","format":"standard","meta":{"fifu_image_url":"","fifu_image_alt":"","footnotes":""},"categories":[73,82],"tags":[],"class_list":["post-42298","post","type-post","status-publish","format-standard","hentry","category-actualite","category-cameroun"],"_links":{"self":[{"href":"https:\/\/linitiative.ca\/International\/wp-json\/wp\/v2\/posts\/42298","targetHints":{"allow":["GET"]}}],"collection":[{"href":"https:\/\/linitiative.ca\/International\/wp-json\/wp\/v2\/posts"}],"about":[{"href":"https:\/\/linitiative.ca\/International\/wp-json\/wp\/v2\/types\/post"}],"author":[{"embeddable":true,"href":"https:\/\/linitiative.ca\/International\/wp-json\/wp\/v2\/users\/1965"}],"replies":[{"embeddable":true,"href":"https:\/\/linitiative.ca\/International\/wp-json\/wp\/v2\/comments?post=42298"}],"version-history":[{"count":0,"href":"https:\/\/linitiative.ca\/International\/wp-json\/wp\/v2\/posts\/42298\/revisions"}],"wp:attachment":[{"href":"https:\/\/linitiative.ca\/International\/wp-json\/wp\/v2\/media?parent=42298"}],"wp:term":[{"taxonomy":"category","embeddable":true,"href":"https:\/\/linitiative.ca\/International\/wp-json\/wp\/v2\/categories?post=42298"},{"taxonomy":"post_tag","embeddable":true,"href":"https:\/\/linitiative.ca\/International\/wp-json\/wp\/v2\/tags?post=42298"}],"curies":[{"name":"wp","href":"https:\/\/api.w.org\/{rel}","templated":true}]}}