{"id":42305,"date":"2019-06-24T07:08:36","date_gmt":"2019-06-24T11:08:36","guid":{"rendered":"https:\/\/linitiative.ca\/International\/prescolaire-la-banque-mondiale-accorde-un-pret-de-500-millions-de-dollars-au-maroc\/"},"modified":"2019-06-24T07:08:36","modified_gmt":"2019-06-24T11:08:36","slug":"prescolaire-la-banque-mondiale-accorde-un-pret-de-500-millions-de-dollars-au-maroc","status":"publish","type":"post","link":"https:\/\/linitiative.ca\/International\/prescolaire-la-banque-mondiale-accorde-un-pret-de-500-millions-de-dollars-au-maroc\/","title":{"rendered":"Pr\u00e9scolaire : La Banque mondiale accorde un pr\u00eat de 500 millions de dollars au Maroc"},"content":{"rendered":"<header>\n<\/header>\n<div class=\"entry-content clearfix\" readability=\"63\"><img decoding=\"async\" class=\"post_layout_5_img\" src=\"http:\/\/aujourdhui.ma\/wp-content\/uploads\/2018\/07\/Prescolaire-Ecole-maternelle.jpg?x29840\" alt=\"Pr\u00e9scolaire : La Banque mondiale accorde un pr\u00eat de 500 millions de dollars au Maroc\"\/><\/p>\n<p class=\"p1\"><span class=\"s1\"><span class=\"c4\"><strong>La Banque mondiale a annonc\u00e9 le lancement d\u2019un nouveau programme dot\u00e9 de 500 millions de dollars pour le pr\u00e9scolaire au Maroc.<\/strong><\/span><\/span> <span id=\"more-313517\"\/><\/p>\n<p class=\"p1\"><span class=\"s1\">Ce financement qui sera d\u00e9ploy\u00e9 sur cinq ans entend <em>\u00abappuyer le programme de r\u00e9formes ambitieux du minist\u00e8re de l\u2019\u00e9ducation\u00bb<\/em> pour am\u00e9liorer les performances g\u00e9n\u00e9rales du secteur selon la Vision 2015-2030 pour l\u2019\u00e9ducation qui pose les jalons de la \u00abnouvelle \u00e9cole marocaine\u00bb, indique l\u2019institution financi\u00e8re internationale dans un communiqu\u00e9. La Banque mondiale rappelle que <em>\u00able secteur de l\u2019\u00e9ducation repr\u00e9sente en moyenne 6,4% du Produit int\u00e9rieur brut (PIB) du Maroc et constitue un levier essentiel pour renforcer le capital humain du pays\u00bb.<\/em><\/span><\/p>\n<p class=\"p1\"><span class=\"s1\">Celle-ci estime qu\u2019<em>\u00abapr\u00e8s les rapides progr\u00e8s enregistr\u00e9s depuis 20 ans pour universaliser l\u2019acc\u00e8s \u00e0 l\u2019\u00e9ducation primaire des filles et des gar\u00e7ons, les autorit\u00e9s doivent d\u00e9sormais s\u2019employer \u00e0 am\u00e9liorer les apprentissages et les acquis de tous les \u00e9l\u00e8ves\u00bb<\/em>. <em>\u00abSeule une transformation profonde du fonctionnement du syst\u00e8me permettra de renforcer la qualit\u00e9 et l\u2019efficacit\u00e9 des services \u00e9ducatifs, en concentrant tous les efforts sur le processus d\u2019apprentissage\u00bb<\/em>, rel\u00e8ve l\u2019institution financi\u00e8re en rappelant que face \u00e0 cet enjeu, le minist\u00e8re de l\u2019\u00e9ducation a lanc\u00e9 un \u00abprogramme de r\u00e9formes ambitieux\u00bb conforme \u00e0 la Vision 2015-2030 pour l\u2019\u00e9ducation.<\/span><\/p>\n<p class=\"p1\"><span class=\"s1\">Le pr\u00eat-programme de la Banque mondiale compl\u00e9tera ainsi un volet de la strat\u00e9gie du Maroc qui vise \u00e0 <em>\u00abfavoriser un changement d\u2019approche au profit de principes de gouvernance ax\u00e9s sur les r\u00e9sultats et non plus sur les ressources, dans le but d\u2019am\u00e9liorer l\u2019apprentissage en classe\u00bb<\/em>. Selon la m\u00eame source, trois axes seront privil\u00e9gi\u00e9s: les capacit\u00e9s, l\u2019apprentissage et les comportements, pr\u00e9cisant que ce programme s\u2019articule autour de composantes d\u00e9finies en fonction des principaux freins aux progr\u00e8s du secteur. Il s\u2019agit, indique-t-on, d\u2019installer les conditions propices \u00e0 une \u00e9ducation pr\u00e9-primaire de qualit\u00e9, am\u00e9liorer la formation des enseignants et renforcer les capacit\u00e9s de gestion et la responsabilit\u00e9 au sein du secteur. Le programme sera mis en \u0153uvre par le minist\u00e8re de l\u2019\u00e9ducation, les Acad\u00e9mies r\u00e9gionales de l\u2019\u00e9ducation et de la formation, les directions provinciales et les \u00e9tablissements scolaires.<\/span><\/p>\n<\/div>\n<p>Auteur: ALM<br \/>\n<a href=\"http:\/\/aujourdhui.ma\/societe\/prescolaire-la-banque-mondiale-accorde-un-pret-de-500-millions-de-dollars-au-maroc\">Cliquez ici pour lire l&rsquo;article depuis sa source.<\/a><\/p>\n","protected":false},"excerpt":{"rendered":"<p>La Banque mondiale a annonc\u00e9 le lancement d\u2019un nouveau programme dot\u00e9 de 500 millions de dollars pour le pr\u00e9scolaire au Maroc. Ce financement qui sera d\u00e9ploy\u00e9 sur cinq ans entend \u00abappuyer le programme de r\u00e9formes ambitieux du minist\u00e8re de l\u2019\u00e9ducation\u00bb pour am\u00e9liorer les performances g\u00e9n\u00e9rales du secteur selon la Vision 2015-2030 pour l\u2019\u00e9ducation qui pose [&hellip;]<\/p>\n","protected":false},"author":1759,"featured_media":0,"comment_status":"closed","ping_status":"closed","sticky":false,"template":"","format":"standard","meta":{"fifu_image_url":"","fifu_image_alt":"","footnotes":""},"categories":[73,54],"tags":[],"class_list":["post-42305","post","type-post","status-publish","format-standard","hentry","category-actualite","category-maroc"],"_links":{"self":[{"href":"https:\/\/linitiative.ca\/International\/wp-json\/wp\/v2\/posts\/42305","targetHints":{"allow":["GET"]}}],"collection":[{"href":"https:\/\/linitiative.ca\/International\/wp-json\/wp\/v2\/posts"}],"about":[{"href":"https:\/\/linitiative.ca\/International\/wp-json\/wp\/v2\/types\/post"}],"author":[{"embeddable":true,"href":"https:\/\/linitiative.ca\/International\/wp-json\/wp\/v2\/users\/1759"}],"replies":[{"embeddable":true,"href":"https:\/\/linitiative.ca\/International\/wp-json\/wp\/v2\/comments?post=42305"}],"version-history":[{"count":0,"href":"https:\/\/linitiative.ca\/International\/wp-json\/wp\/v2\/posts\/42305\/revisions"}],"wp:attachment":[{"href":"https:\/\/linitiative.ca\/International\/wp-json\/wp\/v2\/media?parent=42305"}],"wp:term":[{"taxonomy":"category","embeddable":true,"href":"https:\/\/linitiative.ca\/International\/wp-json\/wp\/v2\/categories?post=42305"},{"taxonomy":"post_tag","embeddable":true,"href":"https:\/\/linitiative.ca\/International\/wp-json\/wp\/v2\/tags?post=42305"}],"curies":[{"name":"wp","href":"https:\/\/api.w.org\/{rel}","templated":true}]}}