{"id":42306,"date":"2019-06-24T07:15:57","date_gmt":"2019-06-24T11:15:57","guid":{"rendered":"https:\/\/linitiative.ca\/International\/25eme-festival-de-fes-des-musiques-sacrees-du-monde-du-gospel-et-flamenco-pour-marquer-la-fin\/"},"modified":"2019-06-24T07:15:57","modified_gmt":"2019-06-24T11:15:57","slug":"25eme-festival-de-fes-des-musiques-sacrees-du-monde-du-gospel-et-flamenco-pour-marquer-la-fin","status":"publish","type":"post","link":"https:\/\/linitiative.ca\/International\/25eme-festival-de-fes-des-musiques-sacrees-du-monde-du-gospel-et-flamenco-pour-marquer-la-fin\/","title":{"rendered":"25\u00e8me Festival de F\u00e8s des musiques sacr\u00e9es du monde : Du gospel et flamenco pour marquer la fin"},"content":{"rendered":"<p><img decoding=\"async\" class=\"post_layout_5_img\" src=\"http:\/\/aujourdhui.ma\/wp-content\/uploads\/2019\/06\/Festival-de-Fe%CC%80s-des-musiques-sacre%CC%81es-du-monde.jpg?x29840\" alt=\"25\u00e8me Festival de F\u00e8s des musiques sacr\u00e9es du monde : Du gospel et flamenco pour marquer la fin\"\/><\/p>\n<p class=\"p1\"><span class=\"c4\"><strong><em>La sc\u00e8ne de Bab El Makina s\u2019est transform\u00e9e en piste de danse pendant environ 45 minutes le temps de la performance du Kingdom Choir.<\/em><\/strong><\/span><span id=\"more-313523\"\/><\/p>\n<p class=\"p1\"><span class=\"s1\">C\u2019est un m\u00e9lange d\u2019airs de musique qui a cl\u00f4tur\u00e9, samedi soir \u00e0 Bab El Makina, le 25\u00e8me Festival de F\u00e8s des musiques sacr\u00e9es du monde. Entre gospel et flamenco, l\u2019ensemble des festivaliers a visiblement trouv\u00e9 son compte. Avant de laisser libre cours aux deux artistes espagnols, Jos\u00e9 Merc\u00e9 et Tomatito, c\u2019\u00e9tait au Kingdom Choir de Grande-Bretagne d\u2019animer la premi\u00e8re partie de ce concert de cl\u00f4ture.\u00a0<\/span><\/p>\n<p class=\"p3\"><strong><span class=\"s1\">Une piste de danse<\/span><\/strong><\/p>\n<p class=\"p1\"><span class=\"s1\">Apr\u00e8s que le groupe a interpr\u00e9t\u00e9 un premier single sur sc\u00e8ne, la chanteuse Karen Gibson, fondatrice et directrice du \u00abKingdom Choir\u00bb, s\u2019adresse au public pour le saluer et lui expliquer la nature de leur musique. <em>\u00abLe gospel veut dire \u00abgood news\u00bb (bonnes nouvelles) qui procurent de la joie\u00bb<\/em>, pr\u00e9cise-t-elle avant d\u2019apprendre au public que son groupe, connu lors du mariage du Prince Harry et de Meghan Markle, rendra hommage \u00e0 la star d\u00e9funte Aretha Franklin en interpr\u00e9tant l\u2019une de ses chansons \u00abHallelujah\u00bb.<\/span><\/p>\n<p class=\"p1\"><span class=\"s1\">Apr\u00e8s quoi, le groupe, compos\u00e9 d\u2019artistes britanniques, italiens, indiens et africains, encha\u00eene les morceaux sans manquer d\u2019associer les m\u00e9lomanes \u00e0 leur chant et danse en interpr\u00e9tant \u00e9galement des airs africains. Ainsi, la sc\u00e8ne de Bab El Makina s\u2019est transform\u00e9e en piste de danse pendant environ 45 minutes le temps de la performance du Kingdom Choir qui ne manque pas de demander au public de se lever pour danser. Entre \u00abStand by me\u00bb, \u00abLovely day\u00bb et \u00abCan you feel it\u00bb, les festivaliers n\u2019ont pu se retenir dans leurs places assises. <em>\u00abVotre ville est magnifique!<\/em>\u00bb, lance Karen Gibson qui<span class=\"Apple-converted-space\">\u00a0<\/span> n\u2019h\u00e9site pas \u00e0 devoir une fi\u00e8re chandelle aux organisateurs \u00e0 l\u2019issue de la performance du groupe. Quelques instants apr\u00e8s, c\u2019\u00e9tait au tour du chanteur Jos\u00e9 Merc\u00e9 et du guitariste Tomatito, de son vrai nom Jos\u00e9 Fern\u00e1ndez Torres, de monter sur sc\u00e8ne.<\/span><\/p>\n<p><a href=\"http:\/\/aujourdhui.ma\/wp-content\/uploads\/2019\/06\/Festival-de-Fe%CC%80s-des-musiques-sacre%CC%81es-du-monde-1.jpg?x29840\"><img loading=\"lazy\" decoding=\"async\" class=\"size-full wp-image-313524 aligncenter\" src=\"http:\/\/aujourdhui.ma\/wp-content\/uploads\/2019\/06\/Festival-de-Fe%CC%80s-des-musiques-sacre%CC%81es-du-monde-1.jpg?x29840\" alt=\"\" width=\"494\" height=\"716\" srcset=\"http:\/\/aujourdhui.ma\/wp-content\/uploads\/2019\/06\/Festival-de-Fe\u0300s-des-musiques-sacre\u0301es-du-monde-1.jpg 494w, http:\/\/aujourdhui.ma\/wp-content\/uploads\/2019\/06\/Festival-de-Fe\u0300s-des-musiques-sacre\u0301es-du-monde-1-207x300.jpg 207w\" sizes=\"auto, (max-width: 494px) 100vw, 494px\"\/><\/a><\/p>\n<p class=\"p3\"><strong><span class=\"s1\">Du flamenco non stop<\/span><\/strong><\/p>\n<p class=\"p1\"><span class=\"s1\">La deuxi\u00e8me partie du concert de cl\u00f4ture a \u00e9t\u00e9 entam\u00e9e par le chanteur \u00e0 la voix forte, Jos\u00e9 Merc\u00e9, qui a interpr\u00e9t\u00e9 des chants de flamenco en premier avant que le guitariste Tomatito, avec qui il vient de lancer l\u2019album \u00abDe Verdad\u00bb (Vraiment), monte sur sc\u00e8ne. Avec un bassiste, le guitariste fait vibrer<span class=\"Apple-converted-space\">\u00a0<\/span> le public. Et c\u2019\u00e9tait au chanteur de revenir sur sc\u00e8ne. <em>\u00abBonsoir F\u00e8s<\/em>!\u00bb, s\u2019adresse Jos\u00e9 Merc\u00e9 au public pour reprendre ses chants par la suite aux rythmes de la guitare de Tomatito. Ces deux artistes consid\u00e8rent d\u2019ailleurs que \u00ab<em>le flamenco est tr\u00e8s spirituel\u00bb<\/em>.<\/span><\/p>\n<p class=\"p1\"><span class=\"s1\">Puis, le bassiste remonte sur sc\u00e8ne avec la chorale pour une nouvelle prestation de battement de mains en suivant le rythme de la guitare de Tomatito qui ne manque pas de remercier le public en laissant libre cours aux rythmes d\u2019un autre guitariste qui a enflamm\u00e9 les festivaliers. La derni\u00e8re mont\u00e9e du groupe \u00e9tait accompagn\u00e9e d\u2019une chanteuse qui s\u2019est jointe \u00e0 la chorale. <em>\u00abUne bonne guitare flamenco\u00bb<\/em>, lance Jos\u00e9 Merc\u00e9 de temps \u00e0 autre en remerciant \u00e9galement le public. <em>\u00abVive F\u00e8s!\u00bb<\/em>, avance-t-il en encha\u00eenant les airs flamenco avant de se mettre debout avec Tomatito pour saluer le public en donnant l\u2019impression que le concert a pris fin. Et c\u2019\u00e9tait aux artistes de demander aux festivaliers de revenir pour savourer une derni\u00e8re chanson. A lui seul, Jos\u00e9 Merc\u00e9 a choisi de cl\u00f4turer le concert en beaut\u00e9 par une danse flamenco. Il le fallait bien!<\/span><\/p>\n<p>Auteur: Salima Guisser<br \/>\n<a href=\"http:\/\/aujourdhui.ma\/culture\/musique\/25eme-festival-de-fes-des-musiques-sacrees-du-monde-du-gospel-et-flamenco-pour-marquer-la-fin\">Cliquez ici pour lire l&rsquo;article depuis sa source.<\/a><\/p>\n","protected":false},"excerpt":{"rendered":"<p>La sc\u00e8ne de Bab El Makina s\u2019est transform\u00e9e en piste de danse pendant environ 45 minutes le temps de la performance du Kingdom Choir. C\u2019est un m\u00e9lange d\u2019airs de musique qui a cl\u00f4tur\u00e9, samedi soir \u00e0 Bab El Makina, le 25\u00e8me Festival de F\u00e8s des musiques sacr\u00e9es du monde. Entre gospel et flamenco, l\u2019ensemble des [&hellip;]<\/p>\n","protected":false},"author":1759,"featured_media":0,"comment_status":"closed","ping_status":"closed","sticky":false,"template":"","format":"standard","meta":{"fifu_image_url":"","fifu_image_alt":"","footnotes":""},"categories":[73,54],"tags":[],"class_list":["post-42306","post","type-post","status-publish","format-standard","hentry","category-actualite","category-maroc"],"_links":{"self":[{"href":"https:\/\/linitiative.ca\/International\/wp-json\/wp\/v2\/posts\/42306","targetHints":{"allow":["GET"]}}],"collection":[{"href":"https:\/\/linitiative.ca\/International\/wp-json\/wp\/v2\/posts"}],"about":[{"href":"https:\/\/linitiative.ca\/International\/wp-json\/wp\/v2\/types\/post"}],"author":[{"embeddable":true,"href":"https:\/\/linitiative.ca\/International\/wp-json\/wp\/v2\/users\/1759"}],"replies":[{"embeddable":true,"href":"https:\/\/linitiative.ca\/International\/wp-json\/wp\/v2\/comments?post=42306"}],"version-history":[{"count":0,"href":"https:\/\/linitiative.ca\/International\/wp-json\/wp\/v2\/posts\/42306\/revisions"}],"wp:attachment":[{"href":"https:\/\/linitiative.ca\/International\/wp-json\/wp\/v2\/media?parent=42306"}],"wp:term":[{"taxonomy":"category","embeddable":true,"href":"https:\/\/linitiative.ca\/International\/wp-json\/wp\/v2\/categories?post=42306"},{"taxonomy":"post_tag","embeddable":true,"href":"https:\/\/linitiative.ca\/International\/wp-json\/wp\/v2\/tags?post=42306"}],"curies":[{"name":"wp","href":"https:\/\/api.w.org\/{rel}","templated":true}]}}