{"id":42308,"date":"2019-06-24T08:00:54","date_gmt":"2019-06-24T12:00:54","guid":{"rendered":"https:\/\/linitiative.ca\/International\/financement-la-bad-renforce-ses-contributions-au-maroc\/"},"modified":"2019-06-24T08:00:54","modified_gmt":"2019-06-24T12:00:54","slug":"financement-la-bad-renforce-ses-contributions-au-maroc","status":"publish","type":"post","link":"https:\/\/linitiative.ca\/International\/financement-la-bad-renforce-ses-contributions-au-maroc\/","title":{"rendered":"Financement : La BAD renforce ses contributions au Maroc"},"content":{"rendered":"<header>\n<\/header>\n<div class=\"entry-content clearfix\" readability=\"64\"><img decoding=\"async\" class=\"post_layout_5_img\" src=\"http:\/\/aujourdhui.ma\/wp-content\/uploads\/2019\/06\/Mazouar-CGEM-et-BAD.jpg?x29840\" alt=\"Financement : La BAD renforce ses contributions au Maroc\"\/><\/p>\n<p class=\"p1\"><span class=\"s1\"><span class=\"c4\"><strong>La Banque africaine de d\u00e9veloppement (BAD) r\u00e9it\u00e8re son soutien au secteur priv\u00e9 marocain.<\/strong><\/span><\/span> <span id=\"more-313485\"\/><\/p>\n<p class=\"p1\"><span class=\"s1\">L\u2019institution financi\u00e8re a conclu en fin de semaine derni\u00e8re deux accords. Le premier avec la CGEM. Il s\u2019agit en effet d\u2019un accord de don de 560.000 dollars am\u00e9ricains. Ce don, le premier en son genre pour l\u2019institution financi\u00e8re africaine, vise le renforcement du r\u00f4le du secteur priv\u00e9 marocain dans la dynamique d\u2019int\u00e9gration du Maroc sur le continent africain. Ce partenariat vise, en effet, \u00e0 accompagner activement le d\u00e9veloppement des entreprises marocaines en Afrique subsaharienne consolidant ainsi la contribution du secteur priv\u00e9 dans le processus d\u2019industrialisation de l\u2019Afrique.<\/span><\/p>\n<p class=\"p1\"><span class=\"s1\">Il est \u00e0 noter que le don accord\u00e9 est financ\u00e9 \u00e0 travers le Fonds d\u2019assistance technique pour les pays \u00e0 revenu interm\u00e9diaire (FAT-PRI). Cet appui financier permettra de d\u00e9velopper une cartographie des \u00e9changes \u00e9conomiques et commerciaux intra-africains. Il financera \u00e9galement l\u2019organisation d\u00e9but 2020 d\u2019un forum international d\u00e9di\u00e9 \u00e0 la petite et moyenne entreprise (PME). Cet accord appuie par ailleurs la feuille de route d\u00e9finie par la Commission \u00abDiplomatie \u00e9conomique, Afrique et Sud-Sud\u00bb de la CGEM, en accord avec la priorit\u00e9 strat\u00e9gique de la banque en mati\u00e8re d\u2019int\u00e9gration r\u00e9gionale. Par ailleurs, la Banque africaine de d\u00e9veloppement a accord\u00e9 un pr\u00eat de 45 millions d\u2019euros \u00e0 la soci\u00e9t\u00e9 Tekcim pour la construction d\u2019une nouvelle cimenterie dans la commune d\u2019Oulad Ghanem dans la province d\u2019El Jadida.<\/span><\/p>\n<p class=\"p1\"><span class=\"s1\">La construction de ce projet s\u2019\u00e9talera sur trois ans pour une mise en service pr\u00e9vue en 2022. Le projet, d\u2019un co\u00fbt total de 240 millions d\u2019euros (environ 2,6 milliards de dirhams), contribuera \u00e0 r\u00e9pondre \u00e0 la demande croissante en ciment afin de satisfaire les besoins de logements et d\u2019infrastructures au Maroc et en Afrique. Cette cimenterie int\u00e9gr\u00e9e sera dot\u00e9e d\u2019une capacit\u00e9 de production de 1,11 million de tonnes par an de clinker et de 1,4 million de tonnes par an de ciment.<\/span><\/p>\n<p class=\"p1\"><span class=\"s1\">Ce projet s\u2019inscrit en parfaite ad\u00e9quation avec les strat\u00e9gies d\u2019intervention des deux institutions, en particulier avec les priorit\u00e9s strat\u00e9giques<span class=\"Apple-converted-space\">\u00a0<\/span> \u00abHigh 5\u00bb de la BAD en mati\u00e8re d\u2019industrialisation et d\u2019int\u00e9gration r\u00e9gionale.<\/span><\/p>\n<\/div>\n<p>Auteur: ALM<br \/>\n<a href=\"http:\/\/aujourdhui.ma\/economie\/financement-la-bad-renforce-ses-contributions-au-maroc\">Cliquez ici pour lire l&rsquo;article depuis sa source.<\/a><\/p>\n","protected":false},"excerpt":{"rendered":"<p>La Banque africaine de d\u00e9veloppement (BAD) r\u00e9it\u00e8re son soutien au secteur priv\u00e9 marocain. L\u2019institution financi\u00e8re a conclu en fin de semaine derni\u00e8re deux accords. Le premier avec la CGEM. Il s\u2019agit en effet d\u2019un accord de don de 560.000 dollars am\u00e9ricains. Ce don, le premier en son genre pour l\u2019institution financi\u00e8re africaine, vise le renforcement [&hellip;]<\/p>\n","protected":false},"author":1759,"featured_media":0,"comment_status":"closed","ping_status":"closed","sticky":false,"template":"","format":"standard","meta":{"fifu_image_url":"","fifu_image_alt":"","footnotes":""},"categories":[73,54],"tags":[],"class_list":["post-42308","post","type-post","status-publish","format-standard","hentry","category-actualite","category-maroc"],"_links":{"self":[{"href":"https:\/\/linitiative.ca\/International\/wp-json\/wp\/v2\/posts\/42308","targetHints":{"allow":["GET"]}}],"collection":[{"href":"https:\/\/linitiative.ca\/International\/wp-json\/wp\/v2\/posts"}],"about":[{"href":"https:\/\/linitiative.ca\/International\/wp-json\/wp\/v2\/types\/post"}],"author":[{"embeddable":true,"href":"https:\/\/linitiative.ca\/International\/wp-json\/wp\/v2\/users\/1759"}],"replies":[{"embeddable":true,"href":"https:\/\/linitiative.ca\/International\/wp-json\/wp\/v2\/comments?post=42308"}],"version-history":[{"count":0,"href":"https:\/\/linitiative.ca\/International\/wp-json\/wp\/v2\/posts\/42308\/revisions"}],"wp:attachment":[{"href":"https:\/\/linitiative.ca\/International\/wp-json\/wp\/v2\/media?parent=42308"}],"wp:term":[{"taxonomy":"category","embeddable":true,"href":"https:\/\/linitiative.ca\/International\/wp-json\/wp\/v2\/categories?post=42308"},{"taxonomy":"post_tag","embeddable":true,"href":"https:\/\/linitiative.ca\/International\/wp-json\/wp\/v2\/tags?post=42308"}],"curies":[{"name":"wp","href":"https:\/\/api.w.org\/{rel}","templated":true}]}}