{"id":42309,"date":"2019-06-24T09:00:23","date_gmt":"2019-06-24T13:00:23","guid":{"rendered":"https:\/\/linitiative.ca\/International\/le-bio-une-des-options-pour-atteindre-la-durabilite-dans-lagriculture\/"},"modified":"2019-06-24T09:00:23","modified_gmt":"2019-06-24T13:00:23","slug":"le-bio-une-des-options-pour-atteindre-la-durabilite-dans-lagriculture","status":"publish","type":"post","link":"https:\/\/linitiative.ca\/International\/le-bio-une-des-options-pour-atteindre-la-durabilite-dans-lagriculture\/","title":{"rendered":"Le bio, une des options pour atteindre la durabilit\u00e9 dans l\u2019agriculture"},"content":{"rendered":"<p><img decoding=\"async\" class=\"post_layout_5_img\" src=\"http:\/\/aujourdhui.ma\/wp-content\/uploads\/2019\/06\/Florence-Rolle-repre%CC%81sentante-de-la-FAO-au-Maroc-.jpg?x29840\" alt=\"Le bio, une des options pour atteindre la durabilit\u00e9 dans l\u2019agriculture\"\/><\/p>\n<p class=\"p1\"><span class=\"c4\"><strong><span class=\"s1\"><em>Questions \u00e0<\/em> Florence Rolle, <em>repr\u00e9sentante de la FAO au Maroc<\/em><\/span><\/strong><\/span><span id=\"more-313492\"\/><\/p>\n<p class=\"p1\"><span class=\"s1\"><strong>ALM\u00a0: Comment \u00e9valuez-vous l\u2019agriculture biologique au Maroc\u00a0?<\/strong><\/span><\/p>\n<p class=\"p1\"><span class=\"s1\"><strong>Florence Rolle\u00a0:<\/strong> L\u2019agriculture biologique au Maroc est \u00e0 ses d\u00e9buts, compar\u00e9 \u00e0 d\u2019autres secteurs bio dans d\u2019autres pays, notamment en Europe. Mais l\u2019exposition aujourd\u2019hui, qui est la premi\u00e8re en son genre, est le reflet d\u2019un engagement fort du Maroc dans ce domaine. On esp\u00e8re beaucoup de choses plus positives dans ce domaine.<\/span><\/p>\n<p class=\"p1\"><span class=\"s1\"><strong>La FAO vient de sceller un partenariat avec CEBio. Que repr\u00e9sente pour vous cette convention\u00a0?<\/strong><\/span><\/p>\n<p class=\"p1\"><span class=\"s1\">C\u2019est une convention importante dans la mesure o\u00f9 \u00ab\u00a0aboutir \u00e0 une agriculture durable\u00a0\u00bb est l\u2019un des d\u00e9fis que la FAO, Organisation des Nations Unies pour l\u2019alimentation et l\u2019agriculture, \u0153uvre \u00e0 relever.\u00a0<\/span><\/p>\n<p class=\"p1\"><span class=\"s1\">L\u2019agriculture biologique est, en effet, une des options pour atteindre cette durabilit\u00e9 dans l\u2019agriculture. Il est utile de souligner qu\u2019au Maroc nous travaillons conjointement avec le minist\u00e8re de l\u2019agriculture, de la p\u00eache maritime , du d\u00e9veloppement rural et des eaux et for\u00eats et l\u2019Agence nationale pour le d\u00e9veloppement des zones oasiennes et de l\u2019arganier (ANDZOA) \u00e0 soutenir les agriculteurs des zones oasiennes de fa\u00e7on int\u00e9gr\u00e9e. Ceci passe par une gestion int\u00e9gr\u00e9e du territoire oasien. Nous avons deux points d\u2019entr\u00e9e importants qui se r\u00e9f\u00e8rent \u00e0 notre convention \u00e0 savoir la biodiversit\u00e9 et l\u2019agriculture, biologique. D\u2019habitude nous agissons en amont de la fili\u00e8re mais aujourd\u2019hui gr\u00e2ce \u00e0 ce partenariat nous allons pouvoir travailler fortement sur l\u2019aval en essayant de promouvoir des liens entre la production et la commercialisation. Nous consid\u00e9rons cela comme \u00e9tant un atout important pour aborder la fili\u00e8re.<\/span><\/p>\n<p class=\"p1\"><span class=\"s1\"><strong>Quelles sont les modalit\u00e9s que vous comptez d\u00e9ployer pour concr\u00e9tiser ce partenariat\u00a0?<\/strong><\/span><\/p>\n<p class=\"p1\"><span class=\"s1\">Nous n\u2019avons pas encore identifi\u00e9 les modalit\u00e9s mais la FAO travaille de fa\u00e7on tr\u00e8s concr\u00e8te dans cinq sites oasiens et nous avons d\u00e9j\u00e0 soutenu des zones biologiques. Comme vous le savez, les exploitations agricoles sont tr\u00e8s petites au niveau des oasis. Donc nous avons pris des zones pour qu\u2019elles deviennent certifi\u00e9es biologiques. Nous sommes en attente de cette certification que nous pensons avoir tr\u00e8s bient\u00f4t. Par la suite nous allons r\u00e9fl\u00e9chir avec \u00abCEBio\u00bb \u00e0 comment assurer cette commercialisation. Nous voulons \u00e9galement \u00e9tendre cette approche et le partenariat avec CEBio<span class=\"Apple-converted-space\">\u00a0<\/span> va nous permettre de partir non pas de la production mais du march\u00e9 et donc de soutenir les producteurs sur ce que le march\u00e9 demande ou va demander.<\/span><\/p>\n<p>Auteur: Kawtar Tali<br \/>\n<a href=\"http:\/\/aujourdhui.ma\/economie\/le-bio-une-des-options-pour-atteindre-la-durabilite-dans-lagriculture\">Cliquez ici pour lire l&rsquo;article depuis sa source.<\/a><\/p>\n","protected":false},"excerpt":{"rendered":"<p>Questions \u00e0 Florence Rolle, repr\u00e9sentante de la FAO au Maroc ALM\u00a0: Comment \u00e9valuez-vous l\u2019agriculture biologique au Maroc\u00a0? Florence Rolle\u00a0: L\u2019agriculture biologique au Maroc est \u00e0 ses d\u00e9buts, compar\u00e9 \u00e0 d\u2019autres secteurs bio dans d\u2019autres pays, notamment en Europe. Mais l\u2019exposition aujourd\u2019hui, qui est la premi\u00e8re en son genre, est le reflet d\u2019un engagement fort du [&hellip;]<\/p>\n","protected":false},"author":1759,"featured_media":0,"comment_status":"closed","ping_status":"closed","sticky":false,"template":"","format":"standard","meta":{"fifu_image_url":"","fifu_image_alt":"","footnotes":""},"categories":[73,54],"tags":[],"class_list":["post-42309","post","type-post","status-publish","format-standard","hentry","category-actualite","category-maroc"],"_links":{"self":[{"href":"https:\/\/linitiative.ca\/International\/wp-json\/wp\/v2\/posts\/42309","targetHints":{"allow":["GET"]}}],"collection":[{"href":"https:\/\/linitiative.ca\/International\/wp-json\/wp\/v2\/posts"}],"about":[{"href":"https:\/\/linitiative.ca\/International\/wp-json\/wp\/v2\/types\/post"}],"author":[{"embeddable":true,"href":"https:\/\/linitiative.ca\/International\/wp-json\/wp\/v2\/users\/1759"}],"replies":[{"embeddable":true,"href":"https:\/\/linitiative.ca\/International\/wp-json\/wp\/v2\/comments?post=42309"}],"version-history":[{"count":0,"href":"https:\/\/linitiative.ca\/International\/wp-json\/wp\/v2\/posts\/42309\/revisions"}],"wp:attachment":[{"href":"https:\/\/linitiative.ca\/International\/wp-json\/wp\/v2\/media?parent=42309"}],"wp:term":[{"taxonomy":"category","embeddable":true,"href":"https:\/\/linitiative.ca\/International\/wp-json\/wp\/v2\/categories?post=42309"},{"taxonomy":"post_tag","embeddable":true,"href":"https:\/\/linitiative.ca\/International\/wp-json\/wp\/v2\/tags?post=42309"}],"curies":[{"name":"wp","href":"https:\/\/api.w.org\/{rel}","templated":true}]}}