{"id":42310,"date":"2019-06-24T09:27:18","date_gmt":"2019-06-24T13:27:18","guid":{"rendered":"https:\/\/linitiative.ca\/International\/cloture-de-la-22eme-edition-du-festival-gnaoua-et-musiques-du-monde-le-succes-toujours-au-rendez-vous\/"},"modified":"2019-06-24T09:27:18","modified_gmt":"2019-06-24T13:27:18","slug":"cloture-de-la-22eme-edition-du-festival-gnaoua-et-musiques-du-monde-le-succes-toujours-au-rendez-vous","status":"publish","type":"post","link":"https:\/\/linitiative.ca\/International\/cloture-de-la-22eme-edition-du-festival-gnaoua-et-musiques-du-monde-le-succes-toujours-au-rendez-vous\/","title":{"rendered":"Cl\u00f4ture de la 22\u00e8me \u00e9dition du Festival Gnaoua et musiques du monde : Le succ\u00e8s toujours au rendez-vous"},"content":{"rendered":"<p class=\"p1\"><span class=\"c4\"><strong><em>Tout au long de cette messe de la musique universelle aux couleurs africaines, la cit\u00e9 s\u2019est transform\u00e9e en un grand espace culturel. Grands artistes, artistes de rues, peintres, penseurs\u2026 se sont retrouv\u00e9s \u00e0 Essaouira le temps de ce festival.<\/em><\/strong><\/span><span id=\"more-313527\"\/><\/p>\n<p class=\"p1\">A sa 22eme \u00e9dition, le Festival du son gnaoui a tenu ses promesses. Du 20 au 23 juin 2019, la cit\u00e9 des aliz\u00e9s a vibr\u00e9 aux rythmes du guenbri et des crotales, au plus grand bonheur des amateurs du genre et des visiteurs de la ville. Tout au long de cette messe de la musique universelle aux couleurs africaines, la cit\u00e9 s\u2019est transform\u00e9e en un grand espace culturel. Grands artistes, artistes de rues, peintres, penseurs\u2026 se sont retrouv\u00e9s \u00e0 Essaouira le temps de ce festival. Fort des collaborations entre artistes et des fusions entre diff\u00e9rents genres musicaux, le Festival Gnaoua et musiques du monde a donc accueilli comme \u00e0 son accoutum\u00e9e une pl\u00e9iade de ma\u00e2lems et d\u2019artistes venant du monde entier. Apr\u00e8s la parade d\u2019ouverture \u00e0 Bab Dekkala, les festivaliers ont d\u00e9couvert un concert d\u2019ouverture in\u00e9dit sur la sc\u00e8ne Moulay Hassan. En effet, le ma\u00e2lem Hassan Bassou et l\u2019artiste cubain Osain d\u2019El Monte ont cr\u00e9\u00e9 la sensation avec une fusion entre les deux genres musicaux o\u00f9 ils excellent respectivement, \u00e0 savoir la tagnaouite et la rumba. S\u2019en sont suivies les performances sur sc\u00e8ne du ma\u00e2lem Omar Hayat et de l\u2019auteur-compositeur guin\u00e9en Moh! Kouat\u00e9. Les deux artistes ont pr\u00e9sent\u00e9 au public une collaboration musicale 100% africaine. La soir\u00e9e s\u2019est poursuivie dans diff\u00e9rents lieux de la ville comme Dar Loubane et Dar Souiri.<\/p>\n<p class=\"p3\">L\u2019universalit\u00e9 du son gnaoui<\/p>\n<p class=\"p1\">Ce n\u2019est un secret pour personne, la tagnaouite r\u00e9sonne dans le monde entier et s\u00e9duit de plus en plus d\u2019adeptes. Pour les organisateurs de cet \u00e9v\u00e9nement, tous les ma\u00e2lems, musiciens et artistes font qu\u2019on parle de musique de gnaoua comme on parle de rock, de reggae ou de rumba d\u2019autant plus qu\u2019une nouvelle g\u00e9n\u00e9ration de ma\u00e2lems prend la rel\u00e8ve pour diffuser cet art ancestral un peu partout dans le monde. Ma\u00e2lem Hassan Bassou, Abdelkbir et Hicham Merchane, Hassan Hakmoun, Hamid El Kasri\u2026 la programmation de cette ann\u00e9e s\u2019est caract\u00e9ris\u00e9e par la participation des grands noms de Gnaoua ainsi que la pr\u00e9sence des groupes comme Tinariwen (Mali), Imdiazen (Maroc), Maria del mar Moreno (Espagne), et de Susheela Raman (Royaume-Uni\/Inde). La musique marocaine contemporaine s\u2019est quant \u00e0 elle illustr\u00e9e gr\u00e2ce \u00e0 Nabyla Maan, Betweenatna, Mogador Band et Hahouma.<\/p>\n<p class=\"p3\"><strong>Concerts intimistes,\u00a0fusions et lilas<\/strong><\/p>\n<p class=\"p1\">Le public et les aficionados de ce patrimoine vivant \u00e9taient pr\u00e9sents aussi bien dans les concerts intimistes, que dans les lilas. Dar Loubane, situ\u00e9e au centre de la m\u00e9dina, a vibr\u00e9 au rythme des fusions acoustiques comme celle de ma\u00e2lem Alikane, sa troupe Tyour Gnaoua, du batteur Karim Ziad et du percussionniste Rhani Krija. Le temps d\u2019une soir\u00e9e, ce lieu a \u00e9galement fait d\u00e9couvrir aux amoureux des concerts de fusions la magie du m\u00e9lange entre le flamenco et tagnaouite r\u00e9alis\u00e9 par Jorge Pardo et le ma\u00e2lem Said Oughassal. Autre lieu: les lilas programm\u00e9es \u00e0 Dar Souiri. Celles-ci ont fait voyager dans le temps et dans l\u2019espace aussi bien les connaisseurs que les moins \u00e9rudits de tagnaouite. A l\u2019affiche : les lilas rbatie, chamalie et souirie ont ainsi offert le meilleur du r\u00e9pertoire de ces trois r\u00e9gions.<\/p>\n<p class=\"p3\"><strong>L\u2019h\u00e9ritage musical\u00a0\u00e0 l\u2019honneur<\/strong><\/p>\n<p class=\"p1\">Le festival a l\u2019habitude de rendre hommage aux artistes qui ont marqu\u00e9 les m\u00e9moires. Cette ann\u00e9e, le choix s\u2019est port\u00e9 sur le jazzman Randy Watson et l\u2019artiste gnaoui Sidi Hmed Laaraichi.<\/p>\n<div class=\"base-box mom_box_sc_custom mom_box_sc clear c7\" readability=\"26\">\n<p class=\"p1\"><span class=\"s1 c6\"><strong><span class=\"c5\">La force de la culture<\/span><\/strong><\/span><\/p>\n<p class=\"p1\">En marge de ce festival s\u2019est tenu le 8\u00e8me Forum des droits de l\u2019Homme d\u2019Essaouira.<\/p>\n<p class=\"p1\">Cette nouvelle \u00e9dition qui s\u2019est d\u00e9roul\u00e9e les 21 et 22 juin a \u00e9t\u00e9 plac\u00e9e sous le th\u00e8me \u00abLa force de la culture contre la culture de la violence\u00bb.<\/p>\n<p class=\"p1\">Artistes, acad\u00e9miciens et acteurs politiques et associatifs ont \u00e9chang\u00e9 leurs visions sur cette th\u00e9matique en apportant des t\u00e9moignages sur leurs exp\u00e9riences sur le terrain dans le cadre de deux panels \u00abViolences, entre origines et mat\u00e9rialisations actuelles\u00bb et \u00abLe r\u00f4le de la culture et l\u2019acteur culturel\u00bb.<\/p>\n<p class=\"p1\">Cette ann\u00e9e a \u00e9t\u00e9 marqu\u00e9e par la participation, entre autres, de la journaliste Laure Adler, de l\u2019\u00e9crivain<span class=\"Apple-converted-space\">\u00a0<\/span> Abdelkarim Jouaiti, du journaliste Edwy Plenel, de l\u2019artiste plasticien et \u00e9crivain Mahi Binebine ou encore de la com\u00e9dienne et r\u00e9alisatrice Maymouna N\u2019Diaye.<\/p>\n<\/div>\n<p>Auteur: ALM<br \/>\n<a href=\"http:\/\/aujourdhui.ma\/culture\/musique\/cloture-de-la-22eme-edition-du-festival-gnaoua-et-musiques-du-monde-le-succes-toujours-au-rendez-vous\">Cliquez ici pour lire l&rsquo;article depuis sa source.<\/a><\/p>\n","protected":false},"excerpt":{"rendered":"<p>Tout au long de cette messe de la musique universelle aux couleurs africaines, la cit\u00e9 s\u2019est transform\u00e9e en un grand espace culturel. Grands artistes, artistes de rues, peintres, penseurs\u2026 se sont retrouv\u00e9s \u00e0 Essaouira le temps de ce festival. A sa 22eme \u00e9dition, le Festival du son gnaoui a tenu ses promesses. Du 20 au [&hellip;]<\/p>\n","protected":false},"author":1759,"featured_media":0,"comment_status":"closed","ping_status":"closed","sticky":false,"template":"","format":"standard","meta":{"fifu_image_url":"","fifu_image_alt":"","footnotes":""},"categories":[73,54],"tags":[],"class_list":["post-42310","post","type-post","status-publish","format-standard","hentry","category-actualite","category-maroc"],"_links":{"self":[{"href":"https:\/\/linitiative.ca\/International\/wp-json\/wp\/v2\/posts\/42310","targetHints":{"allow":["GET"]}}],"collection":[{"href":"https:\/\/linitiative.ca\/International\/wp-json\/wp\/v2\/posts"}],"about":[{"href":"https:\/\/linitiative.ca\/International\/wp-json\/wp\/v2\/types\/post"}],"author":[{"embeddable":true,"href":"https:\/\/linitiative.ca\/International\/wp-json\/wp\/v2\/users\/1759"}],"replies":[{"embeddable":true,"href":"https:\/\/linitiative.ca\/International\/wp-json\/wp\/v2\/comments?post=42310"}],"version-history":[{"count":0,"href":"https:\/\/linitiative.ca\/International\/wp-json\/wp\/v2\/posts\/42310\/revisions"}],"wp:attachment":[{"href":"https:\/\/linitiative.ca\/International\/wp-json\/wp\/v2\/media?parent=42310"}],"wp:term":[{"taxonomy":"category","embeddable":true,"href":"https:\/\/linitiative.ca\/International\/wp-json\/wp\/v2\/categories?post=42310"},{"taxonomy":"post_tag","embeddable":true,"href":"https:\/\/linitiative.ca\/International\/wp-json\/wp\/v2\/tags?post=42310"}],"curies":[{"name":"wp","href":"https:\/\/api.w.org\/{rel}","templated":true}]}}