{"id":42311,"date":"2019-06-24T09:33:27","date_gmt":"2019-06-24T13:33:27","guid":{"rendered":"https:\/\/linitiative.ca\/International\/groupe-d-cote-divoire-afrique-du-sud-prendre-une-option-sur-le-2e-tour\/"},"modified":"2019-06-24T09:33:27","modified_gmt":"2019-06-24T13:33:27","slug":"groupe-d-cote-divoire-afrique-du-sud-prendre-une-option-sur-le-2e-tour","status":"publish","type":"post","link":"https:\/\/linitiative.ca\/International\/groupe-d-cote-divoire-afrique-du-sud-prendre-une-option-sur-le-2e-tour\/","title":{"rendered":"Groupe D C\u00f4te d\u2019Ivoire \u2013 Afrique du Sud : Prendre une option sur le 2e tour"},"content":{"rendered":"<header>\n<\/header>\n<div class=\"entry-content clearfix\" readability=\"58\"><img decoding=\"async\" class=\"post_layout_5_img\" src=\"http:\/\/aujourdhui.ma\/wp-content\/uploads\/2019\/06\/CIV-Co%CC%82te-d%E2%80%99Ivoire-Can-2019.jpg?x29840\" alt=\"Groupe D C\u00f4te d\u2019Ivoire \u2013 Afrique du Sud : Prendre une option sur le 2e tour\"\/><\/p>\n<p class=\"p1\"><span class=\"c4\"><strong>La C\u00f4te d\u2019Ivoire et l\u2019Afrique du Sud se donnent rendez-vous ce lundi dans le cadre de leur premi\u00e8re sortie dans le groupe D de la CAN 2019. Les deux s\u00e9lections ont respect\u00e9 la traditionnelle conf\u00e9rence de presse d\u2019avant-match.<\/strong><\/span><span id=\"more-313547\"\/><\/p>\n<p class=\"p1\">Prendre une option en vue de la qualification pour le second tour est l\u2019objectif des deux s\u00e9lectionneurs ainsi que les joueurs.<\/p>\n<p class=\"p1\">Lors de cette conf\u00e9rence, chaque s\u00e9lection a mis en exergue ses objectifs ainsi que la forte volont\u00e9 de faire long feu dans cette grande comp\u00e9tition continentale.<\/p>\n<p class=\"p1\"><em>\u00abOn veut bien jouer au football et aller loin. On n\u2019a pas l\u2019\u00e9quipe de 2015, mais le groupe est solide et a beaucoup d\u2019ambition\u00bb,<\/em> a d\u00e9clar\u00e9 avec r\u00e9alisme Ibrahim Kamara, s\u00e9lectionneur de la C\u00f4te d\u2019Ivoire.<\/p>\n<p class=\"p1\">Pour Serge Aurier, lat\u00e9ral des El\u00e9phants, <em>\u00abremporter la CAN cette ann\u00e9e est un r\u00eave pour n\u2019importe quel joueur. On l\u2019a d\u00e9j\u00e0 fait et on veut le refaire\u00bb<\/em>. Du c\u00f4t\u00e9 sud-africain, l\u2019entra\u00eeneur Stuart Baxter ne se laisse pas impressionner. <em>\u00abOn a de tr\u00e8s bons joueurs, tout comme la C\u00f4te d\u2019Ivoire, donc ce sera un gros match. Je veux promettre \u00e0 nos supporteurs que l\u2019on donnera tout \u00e0 chaque match\u00bb<\/em> a t-il affirm\u00e9.<\/p>\n<\/div>\n<p>Auteur: ALM<br \/>\n<a href=\"http:\/\/aujourdhui.ma\/special\/groupe-d-cote-divoire-afrique-du-sud-prendre-une-option-sur-le-2e-tour\">Cliquez ici pour lire l&rsquo;article depuis sa source.<\/a><\/p>\n","protected":false},"excerpt":{"rendered":"<p>La C\u00f4te d\u2019Ivoire et l\u2019Afrique du Sud se donnent rendez-vous ce lundi dans le cadre de leur premi\u00e8re sortie dans le groupe D de la CAN 2019. Les deux s\u00e9lections ont respect\u00e9 la traditionnelle conf\u00e9rence de presse d\u2019avant-match. Prendre une option en vue de la qualification pour le second tour est l\u2019objectif des deux s\u00e9lectionneurs [&hellip;]<\/p>\n","protected":false},"author":1759,"featured_media":0,"comment_status":"closed","ping_status":"closed","sticky":false,"template":"","format":"standard","meta":{"fifu_image_url":"","fifu_image_alt":"","footnotes":""},"categories":[73,54],"tags":[],"class_list":["post-42311","post","type-post","status-publish","format-standard","hentry","category-actualite","category-maroc"],"_links":{"self":[{"href":"https:\/\/linitiative.ca\/International\/wp-json\/wp\/v2\/posts\/42311","targetHints":{"allow":["GET"]}}],"collection":[{"href":"https:\/\/linitiative.ca\/International\/wp-json\/wp\/v2\/posts"}],"about":[{"href":"https:\/\/linitiative.ca\/International\/wp-json\/wp\/v2\/types\/post"}],"author":[{"embeddable":true,"href":"https:\/\/linitiative.ca\/International\/wp-json\/wp\/v2\/users\/1759"}],"replies":[{"embeddable":true,"href":"https:\/\/linitiative.ca\/International\/wp-json\/wp\/v2\/comments?post=42311"}],"version-history":[{"count":0,"href":"https:\/\/linitiative.ca\/International\/wp-json\/wp\/v2\/posts\/42311\/revisions"}],"wp:attachment":[{"href":"https:\/\/linitiative.ca\/International\/wp-json\/wp\/v2\/media?parent=42311"}],"wp:term":[{"taxonomy":"category","embeddable":true,"href":"https:\/\/linitiative.ca\/International\/wp-json\/wp\/v2\/categories?post=42311"},{"taxonomy":"post_tag","embeddable":true,"href":"https:\/\/linitiative.ca\/International\/wp-json\/wp\/v2\/tags?post=42311"}],"curies":[{"name":"wp","href":"https:\/\/api.w.org\/{rel}","templated":true}]}}