{"id":42316,"date":"2019-06-24T06:08:23","date_gmt":"2019-06-24T10:08:23","guid":{"rendered":"https:\/\/linitiative.ca\/International\/gouvernance-spatiale-et-developpement\/"},"modified":"2019-06-24T06:08:23","modified_gmt":"2019-06-24T10:08:23","slug":"gouvernance-spatiale-et-developpement","status":"publish","type":"post","link":"https:\/\/linitiative.ca\/International\/gouvernance-spatiale-et-developpement\/","title":{"rendered":"Gouvernance spatiale et d\u00e9veloppement"},"content":{"rendered":"<p class=\"c3\"><span class=\"c2\"><strong>Atelier de formation de l\u2019ADEP \u00e0 Tinghir<\/strong><\/span><\/p>\n<p class=\"c5\"><strong><span class=\"c2\">S<\/span><span class=\"c4\">ous le th\u00e8me: \u00abla gouvernance spatiale et les enjeux du d\u00e9veloppement\u00bb, la section provinciale du PPS \u00e0 Tinghir, en collaboration avec le bureau national de l\u2019association d\u00e9mocratique des \u00e9lus progressistes (ADEP), a organis\u00e9, samedi dernier, un atelier de formation auquel ont pris part plus de 160 conseillers de la province et de la r\u00e9gion Draa Tafilalet, en pr\u00e9sence de Karim Tej, secr\u00e9taire g\u00e9n\u00e9ral de l\u2019association et membre du bureau politique et d\u2019une importante d\u00e9l\u00e9gation de la direction du parti.<\/span><\/strong><\/p>\n<p class=\"c5\">A cette occasion, le premier secr\u00e9taire provincial de Tinghir, Mohamed Mekdad a souhait\u00e9 la bienvenue \u00e0 l\u2019assistance et a mis l\u2019accent dans son mot introductif sur la nature et la finalit\u00e9 de cette activit\u00e9 interne qui s\u2019inscrit dans les efforts entrepris pour consolider l\u2019outil partisan du PPS et fortifier la prestation de ses conseillers communaux.<\/p>\n<p class=\"c5\">Dans ce sens, Karim Tej, SG de l\u2019ADEP et membre du BP a fait savoir que cette rencontre s\u2019inscrit dans le programme national de l\u2019association qui sera suivi par d\u2019autres rencontres, \u00e0 travers toutes les r\u00e9gions du royaume. L\u2019importance de la communication entre conseillers et conseill\u00e8res est de nature \u00e0 mettre l\u2019\u00e9clairage et l\u2019\u00e9claircissement sur la situation politique dans le pays et ses d\u00e9veloppements actuels. En liaison\u00a0 avec ces \u00e9v\u00e9nements, il est aussi n\u00e9cessaire de mettre le point sur les t\u00e2ches du parti et des \u00e9lus, tout en estimant, pr\u00e9cise-t-il que la formation politique permet le renforcement des connaissances acad\u00e9miques ayant trait notamment aux lois de l\u2019action communale au niveau des attributions et les pr\u00e9rogatives des \u00e9lus.<\/p>\n<p class=\"c5\">De ce fait, l\u2019association a donc d\u00e9cid\u00e9 de travailler sur les volets pratiques relatifs \u00e0 l\u2019urbanisme et le foncier. Tout en esp\u00e9rant que cette rencontre se soldera par des conclusions qui traceraient les pistes \u00e0 suivre, l\u2019intervenant \u00e0 indiqu\u00e9 que cette r\u00e9union aura \u00e0 \u00e9lire un coordinateur provincial et un bureau dirigeant, apr\u00e8s l\u2019ach\u00e8vement de toutes les phases de la constitution de coordinations r\u00e9gionales, sachant que cette organisation provinciale s\u2019att\u00e8lera \u00e0 accompagner l\u2019action des \u00e9lus, \u00e0 r\u00e9pondre aux besoins des populations et \u00e0 toutes les questions sociales et \u00e9conomiques du v\u00e9cu quotidien des citoyens.<\/p>\n<p class=\"c5\">De son c\u00f4t\u00e9, Hamid Rais, membre du comit\u00e9 central du parti a fait un important expos\u00e9 sur les enjeux du d\u00e9veloppement entre les attributions de l\u2019administration et les t\u00e2ches des \u00e9lus, au niveau de l\u2019immobilier et de l\u2019urbanisme, \u00e0 partir de nombre de documents de\u00a0 l\u2019am\u00e9nagement et de l\u2019urbanisme. A ce propos, l\u2019intervenant a consid\u00e9r\u00e9 que le planning national de l\u2019am\u00e9nagement du territoire constituait un document d\u2019orientation qui permet une vision coh\u00e9rente du d\u00e9veloppement territorial, \u00e0 long terme et un cadre r\u00e9f\u00e9rentiel pouvant outiller les responsables des secteurs sur la r\u00e9flexion et l\u2019action par rapport \u00e0 l\u2019insertion des projets dans une conception globalis\u00e9e au niveau national. Ce document traduit bien en discours et en image les lignes de la\u00a0 \u00a0politique nationale de l\u2019am\u00e9nagement territorial qui ne peut \u00eatre que la traduction spatiale des grands choix du pays et d\u2019un v\u00e9ritable projet de soci\u00e9t\u00e9.<\/p>\n<p class=\"c5\">Concernant le plan r\u00e9gional d\u2019am\u00e9nagement du territoire, l\u2019intervenant estime qu\u2019il concerne les domaines locaux et leur int\u00e9gration dans les politiques et les choix de l\u2019am\u00e9nagement du territoire, en tant que document qui constitue une interaction entre le local et le national. De m\u00eame, il est consid\u00e9r\u00e9 comme un cadre de r\u00e9f\u00e9rence pour assurer une homog\u00e9n\u00e9it\u00e9 d\u2019actions entre les diff\u00e9rents acteurs au niveau r\u00e9gional. Dans le m\u00eame ordre d\u2019id\u00e9es, il souligne que ce document est aussi un outil souple qui aide \u00e0 prendre des d\u00e9cisions pour les collectivit\u00e9s territoriales, les acteurs politiques et administratifs et les autres d\u00e9cideurs, en rapport avec les grandes orientations du plan national de l\u2019am\u00e9nagement du territoire. De m\u00eame, ce plan est destin\u00e9 aux acteurs priv\u00e9s et la soci\u00e9t\u00e9 civile.<\/p>\n<p class=\"c5\">L\u2019intervenant a signal\u00e9 \u00e9galement que le plan d\u2019orientation de l\u2019am\u00e9nagement urbanistique constituait un outil de la planification urbaine qui d\u00e9termine, \u00e0 l\u2019horizon de 25 ans, les grandes orientations de l\u2019expansion int\u00e9gr\u00e9e des agglom\u00e9rations urbaines et des zones d\u2019influence directe. Et ce, \u00e0 travers le d\u00e9veloppement int\u00e9gr\u00e9 qu\u2019il propose et met en \u0153uvre par la mise en place d\u2019un plan global pour l\u2019usage de la terre et le syst\u00e8me de mobilit\u00e9. Par cons\u00e9quent, il est permis de programmer les grands \u00e9quipements et les travaux de l\u2019am\u00e9nagement qui d\u00e9finissent le profil des perspectives de l\u2019agglom\u00e9ration urbaine.<\/p>\n<p class=\"c5\">Par ailleurs, Rais consid\u00e8re que le plan d\u2019am\u00e9nagement est un important document urbanistique d\u2019organisation qui d\u00e9termine les structures de base de l\u2019utilisation du foncier \u00e0 l\u2019int\u00e9rieur de l\u2019espace territorial qu\u2019il couvre et traduit les orientations du plan de l\u2019am\u00e9nagement urbanistique conform\u00e9ment aux dispositions juridiques en vigueur.<\/p>\n<p class=\"c5\">En ce sens, l\u2019intervenant a expliqu\u00e9 que les objectifs strat\u00e9giques des choix du plan de l\u2019am\u00e9nagement de la ville de Tinghir tiennent compte des sp\u00e9cificit\u00e9s g\u00e9ographiques pour l\u2019am\u00e9lioration du tissu urbanistique, l\u2019espace oasien et le d\u00e9veloppement durable de la ville. Ces objectifs ont pour objet le rel\u00e8vement de l\u2019attractivit\u00e9 et de la comp\u00e9titivit\u00e9 de la cit\u00e9, en tant que capitale de la province et la consolidation des activit\u00e9s \u00e9conomiques.<\/p>\n<p class=\"c5\">A cet \u00e9gard, il d\u00e9finit les trois axes d\u2019intervention qui repr\u00e9sentent un pilier principal de l\u2019activit\u00e9 de d\u00e9veloppement urbain et appuie le tourisme et les services. Ces fondements permettent d\u2019augmenter la densit\u00e9 d\u00e9mographique au centre de la ville et le reste des quartiers, tout en \u00e9largissant le r\u00e9seau routier, en renfor\u00e7ant les routes nationales, en restructurant les ksours abandonn\u00e9s tout en freinant l\u2019\u00e9largissement urbanistique au d\u00e9triment des terres agricoles. D\u2019autre part, l\u2019intervenant a mis en exergue les probl\u00e8mes dont souffre la population de Tinghir relatifs \u00e0 la gestion du foncier qui renferme des agglom\u00e9rations d\u2019habitat anarchique et qui influe n\u00e9gativement sur la coh\u00e9sion urbanistique et sur l\u2019avenir de la ville.<\/p>\n<p class=\"c5\">Cette situation est trait\u00e9e dans le cadre de l\u2019ex\u00e9cution des dispositions du plan d\u2019am\u00e9nagement en optant pour une approche globalisante de la probl\u00e9matique fonci\u00e8re, \u00e0 travers la mise en place de lotissements qui permettent de cr\u00e9er des espaces sociaux, \u00e9conomiques et \u00e9cologiques, en vue de d\u00e9passer nombre de contraintes et r\u00e9aliser l\u2019\u00e9quilibre entre les composantes en termes d\u2019infrastructures de base et des \u00e9quipements et des espaces publics, en ce qui concerne les rives de Toufghz et les quartiers marginalis\u00e9s de la ville et le nouveau p\u00f4le urbain.<\/p>\n<p class=\"c5\">Apr\u00e8s quoi, l\u2019audience a eu droit \u00e0 des interventions des pr\u00e9sidents des communes et des \u00e9lus pr\u00e9sents, ainsi que les membres du bureau national de l\u2019association qui ont \u00e9clairci un certain nombre de point et de questionnement. En fin, l\u2019assistance \u00e0 \u00e9lu \u00e0 l\u2019unanimit\u00e9, le camarade Mohamed Kacha, pr\u00e9sident de la commune urbaine de Boumalne Dades, en tant que coordinateur de l\u2019association d\u00e9mocratique des \u00e9lus progressistes qui dans une br\u00e8ve communication, a consid\u00e9r\u00e9 que sa mission \u00e9tait d\u00e9licate du fait que la province renferme plus de 75 conseill\u00e8res et conseillers PPS et a promis de faire de son mieux pour fortifier les capacit\u00e9s de gestion et de communication, en parfaite coordination avec le bureau national et en rapport avec les principes et les positions du parti.<\/p>\n<p class=\"c6\"><strong>Saoudi El Amalki<\/strong><\/p>\n<p>Auteur: rahal mehamed<br \/>\n<a href=\"http:\/\/albayane.press.ma\/gouvernance-spatiale-et-developpement.html\">Cliquez ici pour lire l&rsquo;article depuis sa source.<\/a><\/p>\n","protected":false},"excerpt":{"rendered":"<p>Atelier de formation de l\u2019ADEP \u00e0 Tinghir Sous le th\u00e8me: \u00abla gouvernance spatiale et les enjeux du d\u00e9veloppement\u00bb, la section provinciale du PPS \u00e0 Tinghir, en collaboration avec le bureau national de l\u2019association d\u00e9mocratique des \u00e9lus progressistes (ADEP), a organis\u00e9, samedi dernier, un atelier de formation auquel ont pris part plus de 160 conseillers de [&hellip;]<\/p>\n","protected":false},"author":1760,"featured_media":0,"comment_status":"closed","ping_status":"closed","sticky":false,"template":"","format":"standard","meta":{"fifu_image_url":"","fifu_image_alt":"","footnotes":""},"categories":[73,54],"tags":[],"class_list":["post-42316","post","type-post","status-publish","format-standard","hentry","category-actualite","category-maroc"],"_links":{"self":[{"href":"https:\/\/linitiative.ca\/International\/wp-json\/wp\/v2\/posts\/42316","targetHints":{"allow":["GET"]}}],"collection":[{"href":"https:\/\/linitiative.ca\/International\/wp-json\/wp\/v2\/posts"}],"about":[{"href":"https:\/\/linitiative.ca\/International\/wp-json\/wp\/v2\/types\/post"}],"author":[{"embeddable":true,"href":"https:\/\/linitiative.ca\/International\/wp-json\/wp\/v2\/users\/1760"}],"replies":[{"embeddable":true,"href":"https:\/\/linitiative.ca\/International\/wp-json\/wp\/v2\/comments?post=42316"}],"version-history":[{"count":0,"href":"https:\/\/linitiative.ca\/International\/wp-json\/wp\/v2\/posts\/42316\/revisions"}],"wp:attachment":[{"href":"https:\/\/linitiative.ca\/International\/wp-json\/wp\/v2\/media?parent=42316"}],"wp:term":[{"taxonomy":"category","embeddable":true,"href":"https:\/\/linitiative.ca\/International\/wp-json\/wp\/v2\/categories?post=42316"},{"taxonomy":"post_tag","embeddable":true,"href":"https:\/\/linitiative.ca\/International\/wp-json\/wp\/v2\/tags?post=42316"}],"curies":[{"name":"wp","href":"https:\/\/api.w.org\/{rel}","templated":true}]}}