{"id":42317,"date":"2019-06-24T06:14:16","date_gmt":"2019-06-24T10:14:16","guid":{"rendered":"https:\/\/linitiative.ca\/International\/le-maroc-exprime-sa-satisfaction-quant-a-la-position-constructive-de-la-barbade\/"},"modified":"2019-06-24T06:14:16","modified_gmt":"2019-06-24T10:14:16","slug":"le-maroc-exprime-sa-satisfaction-quant-a-la-position-constructive-de-la-barbade","status":"publish","type":"post","link":"https:\/\/linitiative.ca\/International\/le-maroc-exprime-sa-satisfaction-quant-a-la-position-constructive-de-la-barbade\/","title":{"rendered":"Le Maroc exprime sa satisfaction quant \u00e0 la position constructive de la Barbade"},"content":{"rendered":"<p class=\"c4\"><strong><span class=\"c2\">L<\/span><span class=\"c3\">e Maroc exprime sa satisfaction quant \u00e0 la position constructive de la Barbade concernant la question du Sahara marocain, a affirm\u00e9, vendredi \u00e0 Rabat, le ministre des Affaires \u00e9trang\u00e8res et de la coop\u00e9ration internationale, Nasser Bourita.<\/span><\/strong><\/p>\n<p class=\"c4\">Le gouvernement de la Barbade, qui a gel\u00e9 sa reconnaissance de la pseudo \u00ab\u00a0rasd\u00a0\u00bb en 2013, a d\u00e9cid\u00e9, ce vendredi, de retirer sa reconnaissance de la pseudo \u00ab\u00a0rasd\u00a0\u00bb.<\/p>\n<p class=\"c4\">Cette position est en conformit\u00e9 avec la l\u00e9galit\u00e9 internationale et l\u2019orientation g\u00e9n\u00e9rale de la communaut\u00e9 internationale, a soulign\u00e9 M. Bourita lors d\u2019un point de presse conjoint avec Mme Mia Amor Mottley et M. Jerome Walcott, respectivement Premi\u00e8re ministre et ministre des Affaires \u00e9trang\u00e8res de la Barbade.<\/p>\n<p class=\"c4\">Il a, en outre, affirm\u00e9 que le Maroc et la Barbade sont convaincus que la coop\u00e9ration sud-sud peut aboutir \u00e0 des r\u00e9sultats fructueux gr\u00e2ce \u00e0 des projets concrets, r\u00e9it\u00e9rant la d\u00e9termination des deux pays \u00e0 approfondir leur partenariat dans tous les secteurs.<br \/>Le ministre a aussi relev\u00e9 que le Maroc et la Barbade partagent la m\u00eame vision concernant les relations entre les pays en d\u00e9veloppement, exprimant la disposition du Royaume \u00e0 aider les pays des Cara\u00efbes \u00e0 s\u2019ouvrir sur l\u2019espace arabo-africain.<\/p>\n<p class=\"c4\">Il a \u00e9galement indiqu\u00e9 que les deux pays ont les m\u00eames orientations concernant plusieurs questions dont la lutte contre le crime organis\u00e9 et les changements climatiques, ainsi que le renforcement de la place des pays en d\u00e9veloppement dans les n\u00e9gociations commerciales.<\/p>\n<p class=\"c4\">Les deux pays veulent renforcer leur coordination concernant plusieurs sujets relatifs aux changements climatiques, au commerce et au d\u00e9veloppement, a-t-il assur\u00e9, faisant savoir que la feuille de route de coop\u00e9ration bilat\u00e9rale triennale 2019-2021 pr\u00e9voit la r\u00e9alisation de projets concrets dans les secteurs du tourisme, du d\u00e9veloppement, de l\u2019investissement, de l\u2019agriculture et des \u00e9nergies renouvelables.<\/p>\n<p class=\"c4\">M. Bourita a par ailleurs affirm\u00e9 que la visite de travail au Maroc de la Premi\u00e8re ministre de la Barbade est une \u00e9tape importante qui confirme la volont\u00e9 commune \u00e0 promouvoir les relations bilat\u00e9rales.<\/p>\n<p class=\"c4\"><strong>La position de la Colombie soutenant le plan d\u2019autonomie salu\u00e9e<\/strong><\/p>\n<p class=\"c4\">Le Chef du gouvernement Sa\u00e2d Dine El Otmani a fait part, vendredi \u00e0 Rabat, de l\u2019estime et de la consid\u00e9ration du Royaume du Maroc pour la position du gouvernement de la R\u00e9publique de Colombie soutenant l\u2019int\u00e9grit\u00e9 territoriale du Royaume et le plan d\u2019autonomie pr\u00e9sent\u00e9 par le Maroc. M. El Otmani s\u2019exprimait lors d\u2019un entretien avec le ministre colombien des Affaires \u00e9trang\u00e8res, Carlos Holmes Trujillo Garcia, qui effectue une visite de travail au Maroc dans le cadre du renforcement des relations d\u2019amiti\u00e9 et de coop\u00e9ration entre les deux pays.<\/p>\n<p class=\"c4\">Selon un communiqu\u00e9 du d\u00e9partement du Chef du gouvernement, les deux responsables se sont f\u00e9licit\u00e9 de la qualit\u00e9 des relations d\u2019amiti\u00e9 entre le Maroc et la Colombie, d\u2019autant plus que les deux pays c\u00e9l\u00e8brent le 40\u00e8 anniversaire de leurs relations diplomatiques.<\/p>\n<p class=\"c4\">Dans ce cadre, ils ont insist\u00e9 sur la n\u00e9cessit\u00e9 de capitaliser sur cette occasion pour prospecter de nouveaux horizons de coop\u00e9ration, notamment dans le domaine \u00e9conomique, ajoutant que les \u00e9changes entre les deux pays demeurent en de\u00e7\u00e0 des potentialit\u00e9s r\u00e9elles qu\u2019offrent les deux \u00e9conomies.<\/p>\n<p class=\"c4\">Il est question, selon les deux responsables, d\u2019organiser des rencontres entre les hommes d\u2019affaires respectifs, de tirer le meilleur des opportunit\u00e9s prometteuses de partenariat et de tenir des \u00e9v\u00e8nements culturels et sportifs susceptibles de raffermir les liens d\u2019amiti\u00e9 entre les deux peuples et de servir de plateforme pour imprimer une nouvelle dynamique \u00e0 la coop\u00e9ration dans les diff\u00e9rents domaines.<\/p>\n<p class=\"c4\">Lors de cette entrevue, qui s\u2019est d\u00e9roul\u00e9e en pr\u00e9sence de l\u2019ambassadeur de Colombie \u00e0 Rabat, les deux parties ont fait \u00e9tat de la convergence des points de vue au sujet d\u2019une s\u00e9rie de questions internationales d\u2019int\u00e9r\u00eat commun telle la lutte contre l\u2019extr\u00e9misme et le terrorisme ainsi que contre les changements climatiques.<\/p>\n<p>Auteur: rahal mehamed<br \/>\n<a href=\"http:\/\/albayane.press.ma\/le-maroc-exprime-sa-satisfaction-quant-a-la-position-constructive-de-la-barbade.html\">Cliquez ici pour lire l&rsquo;article depuis sa source.<\/a><\/p>\n","protected":false},"excerpt":{"rendered":"<p>Le Maroc exprime sa satisfaction quant \u00e0 la position constructive de la Barbade concernant la question du Sahara marocain, a affirm\u00e9, vendredi \u00e0 Rabat, le ministre des Affaires \u00e9trang\u00e8res et de la coop\u00e9ration internationale, Nasser Bourita. Le gouvernement de la Barbade, qui a gel\u00e9 sa reconnaissance de la pseudo \u00ab\u00a0rasd\u00a0\u00bb en 2013, a d\u00e9cid\u00e9, ce [&hellip;]<\/p>\n","protected":false},"author":1760,"featured_media":0,"comment_status":"closed","ping_status":"closed","sticky":false,"template":"","format":"standard","meta":{"fifu_image_url":"","fifu_image_alt":"","footnotes":""},"categories":[73,54],"tags":[],"class_list":["post-42317","post","type-post","status-publish","format-standard","hentry","category-actualite","category-maroc"],"_links":{"self":[{"href":"https:\/\/linitiative.ca\/International\/wp-json\/wp\/v2\/posts\/42317","targetHints":{"allow":["GET"]}}],"collection":[{"href":"https:\/\/linitiative.ca\/International\/wp-json\/wp\/v2\/posts"}],"about":[{"href":"https:\/\/linitiative.ca\/International\/wp-json\/wp\/v2\/types\/post"}],"author":[{"embeddable":true,"href":"https:\/\/linitiative.ca\/International\/wp-json\/wp\/v2\/users\/1760"}],"replies":[{"embeddable":true,"href":"https:\/\/linitiative.ca\/International\/wp-json\/wp\/v2\/comments?post=42317"}],"version-history":[{"count":0,"href":"https:\/\/linitiative.ca\/International\/wp-json\/wp\/v2\/posts\/42317\/revisions"}],"wp:attachment":[{"href":"https:\/\/linitiative.ca\/International\/wp-json\/wp\/v2\/media?parent=42317"}],"wp:term":[{"taxonomy":"category","embeddable":true,"href":"https:\/\/linitiative.ca\/International\/wp-json\/wp\/v2\/categories?post=42317"},{"taxonomy":"post_tag","embeddable":true,"href":"https:\/\/linitiative.ca\/International\/wp-json\/wp\/v2\/tags?post=42317"}],"curies":[{"name":"wp","href":"https:\/\/api.w.org\/{rel}","templated":true}]}}