{"id":42318,"date":"2019-06-24T06:18:15","date_gmt":"2019-06-24T10:18:15","guid":{"rendered":"https:\/\/linitiative.ca\/International\/luniversite-ibn-zohr-en-apotheose\/"},"modified":"2019-06-24T06:18:15","modified_gmt":"2019-06-24T10:18:15","slug":"luniversite-ibn-zohr-en-apotheose","status":"publish","type":"post","link":"https:\/\/linitiative.ca\/International\/luniversite-ibn-zohr-en-apotheose\/","title":{"rendered":"L\u2019universit\u00e9 Ibn Zohr en apoth\u00e9ose!"},"content":{"rendered":"<p class=\"c4\"><span class=\"c3\"><strong><span class=\"c2\">L\u2019<\/span>une des citations les plus fr\u00e9quentes de notre v\u00e9cu quotidien serait sans doute, \u00a0celle qui revient \u00e0 chaque fois qu\u2019une personne, souvent basse et mesquine, tente de fustiger une autre dont le profil est largement sup\u00e9rieur. \u201cL\u2019arbre qu\u2019on s\u2019acharne \u00e0 lapider, donne forc\u00e9ment des fruits\u00a0!\u201c.<\/strong><\/span><\/p>\n<p class=\"c4\">Cette maxime parfum\u00e9e de rh\u00e9torique conviendrait, \u00e0 coup s\u00fbr, \u00e0 l\u2019\u00e9tat paradoxal qui marque, de bout en bout, le parcours du Dr Omar Halli, en tant que pr\u00e9sident de l\u2019universit\u00e9 Ibn Zohr de pas moins de cinq r\u00e9gions du sud. Comment comprendre l\u2019attitude born\u00e9e de certaines gens qui s\u2019obstinent \u00e0 \u00e9mousser l\u2019\u00e9loquent passage d\u2019un strat\u00e8ge av\u00e9r\u00e9 de la gestion, alors que tout le monde ne cesse l\u2019encenser, depuis son investiture? De la myopie qui circule dans les parages intent\u00e9e, chaque fois, par les m\u00eames personnes r\u00e9cidivistes!<\/p>\n<p class=\"c4\">R\u00e9cemment, on s\u2019en prend encore cette machine infernale qui ne d\u2019atterrir \u00e0 faire fleurir les b\u00e2tisses un peu partout dans immense espace r\u00e9gional de plus de la moiti\u00e9 territoire national, d\u2019implanter les \u00e9quipements les plus hupp\u00e9s dans les structures b\u00e2ties, de sillonner de long en large cette chevauch\u00e9e hercul\u00e9enne pour superviser, accompagner et anticiper sur les perspectives, de tisser les passerelles entre toutes les composantes des projets lanc\u00e9s dont l\u2019\u00e9tudiant tr\u00f4ne au c\u0153ur, de mette \u00e0 l\u2019avant les valeurs de l\u2019universit\u00e9, en tant que r\u00e9f\u00e9rence citoyenne de la nation\u2026Froidement et sans aucune vergogne, les mauvaises langues ne trouvent pas mieux que d\u2019affadir cet effort faramineux \u00a0hors pair!<\/p>\n<p class=\"c4\">Franchement, quelle mouche a bien piqu\u00e9 ces briseurs qui n\u2019ont jamais eu de cesse, depuis longtemps, de voir ces prouesses saillantes autrement\u00a0? Certes, le dicton pr\u00e9cit\u00e9 irait bien \u00e0 ces paradoxes, car il est bien connu dans le comportement social que plus on r\u00e9ussit, plus on jalouse. Cependant, dans le cas d\u2019esp\u00e8ce, on est en face de psychopathes qui, \u00e0 force de voir monter les \u00e9difices, la rage maladive monte d\u2019un cran.<\/p>\n<p class=\"c4\">On ne peut alors que d\u00e9plorer cette situation dans laquelle s\u2019\u00e9battent non seulement les coll\u00e8gues grincheux mais \u00e9galement d\u2019autres \u00e0 leur solde. Cette temp\u00eate envenim\u00e9e qui s\u2019est d\u00e9j\u00e0 d\u00e9clench\u00e9e \u00e0 la veille de sa reconduction \u00e0 la t\u00eate de l\u2019universit\u00e9 Ibn Zohr d\u2019Agadir, se r\u00e9veille \u00a0aujourd\u2019hui comme si le pr\u00e9sident allait postuler un troisi\u00e8me mandat, alors que le lui interdisait. Pourquoi toute cette haine, \u00e0 quelques jours de son d\u00e9part? Seuls les esprits r\u00e9ducteurs ont la r\u00e9ponse. Par contre, le partant m\u00e9rite un vibrant hommage pour tous les services qu\u2019il a rendu durant un itin\u00e9raire tout feu, tout flamme, n\u2019en d\u00e9plaise aux ren\u00e9gats!<\/p>\n<p>Auteur: rahal mehamed<br \/>\n<a href=\"http:\/\/albayane.press.ma\/luniversite-ibn-zohr-en-apotheose.html\">Cliquez ici pour lire l&rsquo;article depuis sa source.<\/a><\/p>\n","protected":false},"excerpt":{"rendered":"<p>L\u2019une des citations les plus fr\u00e9quentes de notre v\u00e9cu quotidien serait sans doute, \u00a0celle qui revient \u00e0 chaque fois qu\u2019une personne, souvent basse et mesquine, tente de fustiger une autre dont le profil est largement sup\u00e9rieur. \u201cL\u2019arbre qu\u2019on s\u2019acharne \u00e0 lapider, donne forc\u00e9ment des fruits\u00a0!\u201c. Cette maxime parfum\u00e9e de rh\u00e9torique conviendrait, \u00e0 coup s\u00fbr, \u00e0 [&hellip;]<\/p>\n","protected":false},"author":1760,"featured_media":0,"comment_status":"closed","ping_status":"closed","sticky":false,"template":"","format":"standard","meta":{"fifu_image_url":"","fifu_image_alt":"","footnotes":""},"categories":[73,54],"tags":[],"class_list":["post-42318","post","type-post","status-publish","format-standard","hentry","category-actualite","category-maroc"],"_links":{"self":[{"href":"https:\/\/linitiative.ca\/International\/wp-json\/wp\/v2\/posts\/42318","targetHints":{"allow":["GET"]}}],"collection":[{"href":"https:\/\/linitiative.ca\/International\/wp-json\/wp\/v2\/posts"}],"about":[{"href":"https:\/\/linitiative.ca\/International\/wp-json\/wp\/v2\/types\/post"}],"author":[{"embeddable":true,"href":"https:\/\/linitiative.ca\/International\/wp-json\/wp\/v2\/users\/1760"}],"replies":[{"embeddable":true,"href":"https:\/\/linitiative.ca\/International\/wp-json\/wp\/v2\/comments?post=42318"}],"version-history":[{"count":0,"href":"https:\/\/linitiative.ca\/International\/wp-json\/wp\/v2\/posts\/42318\/revisions"}],"wp:attachment":[{"href":"https:\/\/linitiative.ca\/International\/wp-json\/wp\/v2\/media?parent=42318"}],"wp:term":[{"taxonomy":"category","embeddable":true,"href":"https:\/\/linitiative.ca\/International\/wp-json\/wp\/v2\/categories?post=42318"},{"taxonomy":"post_tag","embeddable":true,"href":"https:\/\/linitiative.ca\/International\/wp-json\/wp\/v2\/tags?post=42318"}],"curies":[{"name":"wp","href":"https:\/\/api.w.org\/{rel}","templated":true}]}}