{"id":42323,"date":"2019-06-24T06:00:00","date_gmt":"2019-06-24T10:00:00","guid":{"rendered":"https:\/\/linitiative.ca\/International\/on-veut-remporter-la-coupe-dafrique\/"},"modified":"2019-06-24T06:00:00","modified_gmt":"2019-06-24T10:00:00","slug":"on-veut-remporter-la-coupe-dafrique","status":"publish","type":"post","link":"https:\/\/linitiative.ca\/International\/on-veut-remporter-la-coupe-dafrique\/","title":{"rendered":"\u201cOn veut remporter la coupe d\u2019Afrique\u201d"},"content":{"rendered":"<div id=\"originalText\" readability=\"68\">\n<p class=\"c11\"><img decoding=\"async\" alt=\"\" src=\"\/data\/upload\/CAN%202019\/19%20Logo%20CAN%202019.png\" class=\"c10\"\/><\/p>\n<p>A\u00efssa Mandi, le d\u00e9fenseur de l\u2019\u00e9quipe nationale, a accord\u00e9 une longue interview \u00e0 France Football. Le d\u00e9fenseur de B\u00e9tis S\u00e9ville a \u00e9voqu\u00e9 beaucoup de choses dont la CAN-2019 qui se tient en ce moment en \u00c9gypte. Le d\u00e9fenseur de 27 ans pense que l\u2019Alg\u00e9rie a de grandes ambitions durant cette CAN et que lui et ses co\u00e9quipiers viseront le sacre final : \u201cDans ce genre de comp\u00e9titions, venant de l&rsquo;Alg\u00e9rie, il faut \u00eatre ambitieux. On va passer par des moments difficiles, on sait tr\u00e8s bien qu&rsquo;il ne faudra pas baisser la t\u00eate et \u00eatre courageux. Notre ambition, c&rsquo;est de la gagner, le coach l&rsquo;a dit clairement. Et nous, les joueurs, on est d&rsquo;accord avec lui. Quand on commence quelque chose, il ne faut pas se dire : \u201cAllez, on va essayer de passer les poules\u201d ; \u201cAllez, on va passer les quarts\u201d. Non. Quand on est vraiment comp\u00e9titeur dans l&rsquo;\u00e2me, c&rsquo;est la gagne. Quand tu vois une \u00e9quipe qui dispute la m\u00eame comp\u00e9tition que toi et qui la gagne, \u00e7a fout les boules. On a envie de gagner cette CAN\u201d, souligne Mandi. Et d\u2019ajouter : \u201cIl est vrai que cela n&rsquo;a pas \u00e9t\u00e9 top en s\u00e9lection durant ces deux ou trois derni\u00e8res ann\u00e9es. On a encha\u00een\u00e9 les coaches, les joueurs&#8230; C&rsquo;\u00e9tait un peu bizarre. On n&rsquo;a pas eu les r\u00e9sultats escompt\u00e9s. Tout le monde a \u00e9t\u00e9 pointer du doigt. Avec les joueurs en premiers. Ce sont nous qui sommes sur le terrain et il faut r\u00e9pondre pr\u00e9sent quand on y est. L\u00e0, on sent un autre \u00e9tat d&rsquo;esprit dans le groupe et dans la fa\u00e7on de jouer\u201d, fait savoir l\u2019international alg\u00e9rien.<\/p>\n<p>En outre, Mandi estime qu\u2019avec Djamel Belmadi comme sectionneur, les choses ont chang\u00e9 vers le mieux. \u201c\u00c0 peu pr\u00e8s sur tous les aspects. Dans les efforts, dans la discipline, etc. \u00c7a ne veut pas dire qu&rsquo;on \u00e9tait indisciplin\u00e9s auparavant mais on a essay\u00e9 de s&rsquo;am\u00e9liorer dans tous les aspects du jeu et hors terrain. Il faut se remettre en question quand on conna\u00eet de tels \u00e9checs. Ce n&rsquo;\u00e9tait pas catastrophique, mais il fallait am\u00e9liorer des choses. Et c&rsquo;est ce qu&rsquo;on essaie de faire au quotidien. L&rsquo;arriv\u00e9e de Djamel Belmadi a aussi \u00e9t\u00e9 un changement important. Il a su nous dire les choses qu&rsquo;on devait entendre. Et on a su les entendre aussi. Des discussions n\u00e9cessaires\u201d, explique le joueur \u00e0 45 s\u00e9lections avec l\u2019EN. Enfin, concernant les favoris de la CAN-2019, A\u00efssa Mandi a indiqu\u00e9 qu\u2019\u201cil y a beaucoup de bonnes \u00e9quipes. Le S\u00e9n\u00e9gal a fait une superbe Coupe du monde en 2018, ils sont assez complets. Les grandes nations reviennent tout le temps. On verra. C&rsquo;est le terrain et la comp\u00e9tition qui d\u00e9cideront\u201d, conclut-il.<br \/>\u00a0<\/p>\n<p class=\"c12\"><strong>S. M.<\/strong><\/p>\n<\/div>\n<div id=\"text_core\" readability=\"68\">\n<p class=\"c11\"><img decoding=\"async\" alt=\"\" src=\"\/data\/upload\/CAN%202019\/19%20Logo%20CAN%202019.png\" class=\"c10\"\/><\/p>\n<p>A\u00efssa Mandi, le d\u00e9fenseur de l\u2019\u00e9quipe nationale, a accord\u00e9 une longue interview \u00e0 France Football. Le d\u00e9fenseur de B\u00e9tis S\u00e9ville a \u00e9voqu\u00e9 beaucoup de choses dont la CAN-2019 qui se tient en ce moment en \u00c9gypte. Le d\u00e9fenseur de 27 ans pense que l\u2019Alg\u00e9rie a de grandes ambitions durant cette CAN et que lui et ses co\u00e9quipiers viseront le sacre final : \u201cDans ce genre de comp\u00e9titions, venant de l&rsquo;Alg\u00e9rie, il faut \u00eatre ambitieux. On va passer par des moments difficiles, on sait tr\u00e8s bien qu&rsquo;il ne faudra pas baisser la t\u00eate et \u00eatre courageux. Notre ambition, c&rsquo;est de la gagner, le coach l&rsquo;a dit clairement. Et nous, les joueurs, on est d&rsquo;accord avec lui. Quand on commence quelque chose, il ne faut pas se dire : \u201cAllez, on va essayer de passer les poules\u201d ; \u201cAllez, on va passer les quarts\u201d. Non. Quand on est vraiment comp\u00e9titeur dans l&rsquo;\u00e2me, c&rsquo;est la gagne. Quand tu vois une \u00e9quipe qui dispute la m\u00eame comp\u00e9tition que toi et qui la gagne, \u00e7a fout les boules. On a envie de gagner cette CAN\u201d, souligne Mandi. Et d\u2019ajouter : \u201cIl est vrai que cela n&rsquo;a pas \u00e9t\u00e9 top en s\u00e9lection durant ces deux ou trois derni\u00e8res ann\u00e9es. On a encha\u00een\u00e9 les coaches, les joueurs&#8230; C&rsquo;\u00e9tait un peu bizarre. On n&rsquo;a pas eu les r\u00e9sultats escompt\u00e9s. Tout le monde a \u00e9t\u00e9 pointer du doigt. Avec les joueurs en premiers. Ce sont nous qui sommes sur le terrain et il faut r\u00e9pondre pr\u00e9sent quand on y est. L\u00e0, on sent un autre \u00e9tat d&rsquo;esprit dans le groupe et dans la fa\u00e7on de jouer\u201d, fait savoir l\u2019international alg\u00e9rien.<\/p>\n<p>En outre, Mandi estime qu\u2019avec Djamel Belmadi comme sectionneur, les choses ont chang\u00e9 vers le mieux. \u201c\u00c0 peu pr\u00e8s sur tous les aspects. Dans les efforts, dans la discipline, etc. \u00c7a ne veut pas dire qu&rsquo;on \u00e9tait indisciplin\u00e9s auparavant mais on a essay\u00e9 de s&rsquo;am\u00e9liorer dans tous les aspects du jeu et hors terrain. Il faut se remettre en question quand on conna\u00eet de tels \u00e9checs. Ce n&rsquo;\u00e9tait pas catastrophique, mais il fallait am\u00e9liorer des choses. Et c&rsquo;est ce qu&rsquo;on essaie de faire au quotidien. L&rsquo;arriv\u00e9e de Djamel Belmadi a aussi \u00e9t\u00e9 un changement important. Il a su nous dire les choses qu&rsquo;on devait entendre. Et on a su les entendre aussi. Des discussions n\u00e9cessaires\u201d, explique le joueur \u00e0 45 s\u00e9lections avec l\u2019EN. Enfin, concernant les favoris de la CAN-2019, A\u00efssa Mandi a indiqu\u00e9 qu\u2019\u201cil y a beaucoup de bonnes \u00e9quipes. Le S\u00e9n\u00e9gal a fait une superbe Coupe du monde en 2018, ils sont assez complets. Les grandes nations reviennent tout le temps. On verra. C&rsquo;est le terrain et la comp\u00e9tition qui d\u00e9cideront\u201d, conclut-il.<br \/>\u00a0<\/p>\n<p class=\"c12\"><strong>S. M.<\/strong><\/p>\n<\/div>\n<p>Auteur:<br \/>\n<a href=\"https:\/\/www.liberte-algerie.com\/sports\/on-veut-remporter-la-coupe-dafrique-318468\">Cliquez ici pour lire l&rsquo;article depuis sa source.<\/a><\/p>\n","protected":false},"excerpt":{"rendered":"<p>A\u00efssa Mandi, le d\u00e9fenseur de l\u2019\u00e9quipe nationale, a accord\u00e9 une longue interview \u00e0 France Football. Le d\u00e9fenseur de B\u00e9tis S\u00e9ville a \u00e9voqu\u00e9 beaucoup de choses dont la CAN-2019 qui se tient en ce moment en \u00c9gypte. Le d\u00e9fenseur de 27 ans pense que l\u2019Alg\u00e9rie a de grandes ambitions durant cette CAN et que lui et [&hellip;]<\/p>\n","protected":false},"author":1742,"featured_media":42324,"comment_status":"closed","ping_status":"closed","sticky":false,"template":"","format":"standard","meta":{"fifu_image_url":"","fifu_image_alt":"","footnotes":""},"categories":[73,53],"tags":[],"class_list":["post-42323","post","type-post","status-publish","format-standard","has-post-thumbnail","hentry","category-actualite","category-algerie"],"_links":{"self":[{"href":"https:\/\/linitiative.ca\/International\/wp-json\/wp\/v2\/posts\/42323","targetHints":{"allow":["GET"]}}],"collection":[{"href":"https:\/\/linitiative.ca\/International\/wp-json\/wp\/v2\/posts"}],"about":[{"href":"https:\/\/linitiative.ca\/International\/wp-json\/wp\/v2\/types\/post"}],"author":[{"embeddable":true,"href":"https:\/\/linitiative.ca\/International\/wp-json\/wp\/v2\/users\/1742"}],"replies":[{"embeddable":true,"href":"https:\/\/linitiative.ca\/International\/wp-json\/wp\/v2\/comments?post=42323"}],"version-history":[{"count":0,"href":"https:\/\/linitiative.ca\/International\/wp-json\/wp\/v2\/posts\/42323\/revisions"}],"wp:featuredmedia":[{"embeddable":true,"href":"https:\/\/linitiative.ca\/International\/wp-json\/"}],"wp:attachment":[{"href":"https:\/\/linitiative.ca\/International\/wp-json\/wp\/v2\/media?parent=42323"}],"wp:term":[{"taxonomy":"category","embeddable":true,"href":"https:\/\/linitiative.ca\/International\/wp-json\/wp\/v2\/categories?post=42323"},{"taxonomy":"post_tag","embeddable":true,"href":"https:\/\/linitiative.ca\/International\/wp-json\/wp\/v2\/tags?post=42323"}],"curies":[{"name":"wp","href":"https:\/\/api.w.org\/{rel}","templated":true}]}}