{"id":42325,"date":"2019-06-24T06:00:00","date_gmt":"2019-06-24T10:00:00","guid":{"rendered":"https:\/\/linitiative.ca\/International\/un-enfant-retrouve-mort-le-lendemain-de-sa-disparition\/"},"modified":"2019-06-24T06:00:00","modified_gmt":"2019-06-24T10:00:00","slug":"un-enfant-retrouve-mort-le-lendemain-de-sa-disparition","status":"publish","type":"post","link":"https:\/\/linitiative.ca\/International\/un-enfant-retrouve-mort-le-lendemain-de-sa-disparition\/","title":{"rendered":"Un enfant retrouv\u00e9 mort le lendemain de sa disparition"},"content":{"rendered":"<div id=\"originalText\" readability=\"45\">\n<p class=\"c10\">Un enfant port\u00e9 disparu a \u00e9t\u00e9 retrouv\u00e9 mort hier soir \u00e0 oued A\u00efn Sefra, au centre-ville de Mostaganem, a-t-on appris de source s\u00e9curitaire. Cet enfant, \u00e2g\u00e9 de 8 ans, avait disparu samedi soir. Aussit\u00f4t alert\u00e9s, les policiers ont d\u00e9clench\u00e9 des recherches depuis samedi \u00e0 19h et ont retrouv\u00e9 les habits qu&rsquo;il portait \u00e0 proximit\u00e9 de ha\u00ef Derb, \u00e0 Oued A\u00efn Sefra. Dans la m\u00eame wilaya de Mostaganem, un autre enfant port\u00e9 disparu, il y a dix jours, a \u00e9t\u00e9 retrouv\u00e9 mort dans un puits, vingt-quatre heures plus tard.<\/p>\n<\/div>\n<div id=\"text_core\" readability=\"45\">\n<p class=\"c10\">Un enfant port\u00e9 disparu a \u00e9t\u00e9 retrouv\u00e9 mort hier soir \u00e0 oued A\u00efn Sefra, au centre-ville de Mostaganem, a-t-on appris de source s\u00e9curitaire. Cet enfant, \u00e2g\u00e9 de 8 ans, avait disparu samedi soir. Aussit\u00f4t alert\u00e9s, les policiers ont d\u00e9clench\u00e9 des recherches depuis samedi \u00e0 19h et ont retrouv\u00e9 les habits qu&rsquo;il portait \u00e0 proximit\u00e9 de ha\u00ef Derb, \u00e0 Oued A\u00efn Sefra. Dans la m\u00eame wilaya de Mostaganem, un autre enfant port\u00e9 disparu, il y a dix jours, a \u00e9t\u00e9 retrouv\u00e9 mort dans un puits, vingt-quatre heures plus tard.<\/p>\n<\/div>\n<p>Auteur:<br \/>\n<a href=\"https:\/\/www.liberte-algerie.com\/actualite\/un-enfant-retrouve-mort-le-lendemain-de-sa-disparition-318467\">Cliquez ici pour lire l&rsquo;article depuis sa source.<\/a><\/p>\n","protected":false},"excerpt":{"rendered":"<p>Un enfant port\u00e9 disparu a \u00e9t\u00e9 retrouv\u00e9 mort hier soir \u00e0 oued A\u00efn Sefra, au centre-ville de Mostaganem, a-t-on appris de source s\u00e9curitaire. Cet enfant, \u00e2g\u00e9 de 8 ans, avait disparu samedi soir. Aussit\u00f4t alert\u00e9s, les policiers ont d\u00e9clench\u00e9 des recherches depuis samedi \u00e0 19h et ont retrouv\u00e9 les habits qu&rsquo;il portait \u00e0 proximit\u00e9 de [&hellip;]<\/p>\n","protected":false},"author":1742,"featured_media":0,"comment_status":"closed","ping_status":"closed","sticky":false,"template":"","format":"standard","meta":{"fifu_image_url":"","fifu_image_alt":"","footnotes":""},"categories":[73,53],"tags":[],"class_list":["post-42325","post","type-post","status-publish","format-standard","hentry","category-actualite","category-algerie"],"_links":{"self":[{"href":"https:\/\/linitiative.ca\/International\/wp-json\/wp\/v2\/posts\/42325","targetHints":{"allow":["GET"]}}],"collection":[{"href":"https:\/\/linitiative.ca\/International\/wp-json\/wp\/v2\/posts"}],"about":[{"href":"https:\/\/linitiative.ca\/International\/wp-json\/wp\/v2\/types\/post"}],"author":[{"embeddable":true,"href":"https:\/\/linitiative.ca\/International\/wp-json\/wp\/v2\/users\/1742"}],"replies":[{"embeddable":true,"href":"https:\/\/linitiative.ca\/International\/wp-json\/wp\/v2\/comments?post=42325"}],"version-history":[{"count":0,"href":"https:\/\/linitiative.ca\/International\/wp-json\/wp\/v2\/posts\/42325\/revisions"}],"wp:attachment":[{"href":"https:\/\/linitiative.ca\/International\/wp-json\/wp\/v2\/media?parent=42325"}],"wp:term":[{"taxonomy":"category","embeddable":true,"href":"https:\/\/linitiative.ca\/International\/wp-json\/wp\/v2\/categories?post=42325"},{"taxonomy":"post_tag","embeddable":true,"href":"https:\/\/linitiative.ca\/International\/wp-json\/wp\/v2\/tags?post=42325"}],"curies":[{"name":"wp","href":"https:\/\/api.w.org\/{rel}","templated":true}]}}