{"id":42326,"date":"2019-06-24T06:00:00","date_gmt":"2019-06-24T10:00:00","guid":{"rendered":"https:\/\/linitiative.ca\/International\/la-date-de-laudience-pourrait-etre-fixee-la-semaine-prochaine\/"},"modified":"2019-06-24T06:00:00","modified_gmt":"2019-06-24T10:00:00","slug":"la-date-de-laudience-pourrait-etre-fixee-la-semaine-prochaine","status":"publish","type":"post","link":"https:\/\/linitiative.ca\/International\/la-date-de-laudience-pourrait-etre-fixee-la-semaine-prochaine\/","title":{"rendered":"La date de l\u2019audience pourrait \u00eatre fix\u00e9e la semaine prochaine"},"content":{"rendered":"<div id=\"originalText\" readability=\"67\">\n<p class=\"c10\">Les avocats de Louisa Hanoune ont d\u00e9pos\u00e9, hier, une nouvelle demande de mise en libert\u00e9 de la secr\u00e9taire g\u00e9n\u00e9rale du Parti des travailleurs (PT), d\u00e9tenue depuis le\u00a0 9 mai dernier \u00e0 l\u2019issue d\u2019une convocation qui lui a \u00e9t\u00e9 adress\u00e9e par le tribunal militaire de Blida. Aucune r\u00e9ponse n\u2019a \u00e9t\u00e9 encore formul\u00e9e \u00e0 cette demande. Cependant, selon des indiscr\u00e9tions, il est probable que la date de l\u2019audience soit fix\u00e9e la semaine prochaine. Les avocats de Louisa Hanoune ont \u00e0 maintes reprises assur\u00e9 que la mise en d\u00e9tention provisoire de la SG du PT n\u2019a pas de raison d\u2019\u00eatre puisqu\u2019elle pr\u00e9sente toutes les garanties pour rester \u00e0 la disposition de la justice.<\/p>\n<p class=\"c10\">Dans un communiqu\u00e9, son parti a, une nouvelle fois, appel\u00e9, hier, \u00e0 la lib\u00e9ration de sa secr\u00e9taire g\u00e9n\u00e9rale, ainsi que de l\u2019ensemble des politiques et des d\u00e9tenus d\u2019opinion. Pour rappel, Louisa Hanoune a \u00e9t\u00e9 plac\u00e9e sous mandat de d\u00e9p\u00f4t le 9 mai dernier par le procureur du tribunal militaire de Blida. Son parti a aussit\u00f4t r\u00e9agi \u00e0 cette incarc\u00e9ration, y voyant une arrestation \u201cpolitique\u201d. \u201cLouisa Hanoune est arr\u00eat\u00e9e pour ses positions politiques\u201d, avait d\u00e9nonc\u00e9 la direction du PT. Hier encore, le Parti des travailleurs a soulign\u00e9 que l\u2019arrestation de sa secr\u00e9taire g\u00e9n\u00e9rale est en lien direct avec ses activit\u00e9s politiques. Cette mise sous mandat de d\u00e9p\u00f4t de Louisa Hanoune a suscit\u00e9 l\u2019\u00e9moi et une solidarit\u00e9 \u00e0 la fois nationale et internationale. Plusieurs p\u00e9titions initi\u00e9es en faveur de sa lib\u00e9ration ont \u00e9t\u00e9 sign\u00e9es par des centaines de personnalit\u00e9s nationales et internationales.<\/p>\n<p class=\"c10\">Sa mise en libert\u00e9 provisoire, en attendant l\u2019organisation du proc\u00e8s, a \u00e9t\u00e9 maintes fois r\u00e9clam\u00e9e par son collectif d\u2019avocats sans que cette demande soit valid\u00e9e par la justice. En effet, les autorit\u00e9s judiciaires ont accus\u00e9 une fin de non-recevoir \u00e0 l\u2019ensemble des demandes de mise en libert\u00e9 provisoire d\u00e9pos\u00e9es par les avocats. Ceux-ci, outre les garanties pr\u00e9sent\u00e9es quant \u00e0 la disponibilit\u00e9 de Louisa Hanoune \u00e0 r\u00e9pondre aux convocations des juges, son \u00e9tat de sant\u00e9, qualifi\u00e9 de tr\u00e8s fragile, plaident pour sa mise en libert\u00e9 provisoire vu la n\u00e9cessit\u00e9 pour la d\u00e9tenue de b\u00e9n\u00e9ficier d\u2019une prise en charge m\u00e9dicale sp\u00e9ciale.\u00a0 \u00a0 \u00a0 \u00a0<\/p>\n<p class=\"c10\">\u00a0<\/p>\n<p class=\"c11\"><strong>Ali Titouche<\/strong><\/p>\n<\/div>\n<div id=\"text_core\" readability=\"67\">\n<p class=\"c10\">Les avocats de Louisa Hanoune ont d\u00e9pos\u00e9, hier, une nouvelle demande de mise en libert\u00e9 de la secr\u00e9taire g\u00e9n\u00e9rale du Parti des travailleurs (PT), d\u00e9tenue depuis le\u00a0 9 mai dernier \u00e0 l\u2019issue d\u2019une convocation qui lui a \u00e9t\u00e9 adress\u00e9e par le tribunal militaire de Blida. Aucune r\u00e9ponse n\u2019a \u00e9t\u00e9 encore formul\u00e9e \u00e0 cette demande. Cependant, selon des indiscr\u00e9tions, il est probable que la date de l\u2019audience soit fix\u00e9e la semaine prochaine. Les avocats de Louisa Hanoune ont \u00e0 maintes reprises assur\u00e9 que la mise en d\u00e9tention provisoire de la SG du PT n\u2019a pas de raison d\u2019\u00eatre puisqu\u2019elle pr\u00e9sente toutes les garanties pour rester \u00e0 la disposition de la justice.<\/p>\n<p class=\"c10\">Dans un communiqu\u00e9, son parti a, une nouvelle fois, appel\u00e9, hier, \u00e0 la lib\u00e9ration de sa secr\u00e9taire g\u00e9n\u00e9rale, ainsi que de l\u2019ensemble des politiques et des d\u00e9tenus d\u2019opinion. Pour rappel, Louisa Hanoune a \u00e9t\u00e9 plac\u00e9e sous mandat de d\u00e9p\u00f4t le 9 mai dernier par le procureur du tribunal militaire de Blida. Son parti a aussit\u00f4t r\u00e9agi \u00e0 cette incarc\u00e9ration, y voyant une arrestation \u201cpolitique\u201d. \u201cLouisa Hanoune est arr\u00eat\u00e9e pour ses positions politiques\u201d, avait d\u00e9nonc\u00e9 la direction du PT. Hier encore, le Parti des travailleurs a soulign\u00e9 que l\u2019arrestation de sa secr\u00e9taire g\u00e9n\u00e9rale est en lien direct avec ses activit\u00e9s politiques. Cette mise sous mandat de d\u00e9p\u00f4t de Louisa Hanoune a suscit\u00e9 l\u2019\u00e9moi et une solidarit\u00e9 \u00e0 la fois nationale et internationale. Plusieurs p\u00e9titions initi\u00e9es en faveur de sa lib\u00e9ration ont \u00e9t\u00e9 sign\u00e9es par des centaines de personnalit\u00e9s nationales et internationales.<\/p>\n<p class=\"c10\">Sa mise en libert\u00e9 provisoire, en attendant l\u2019organisation du proc\u00e8s, a \u00e9t\u00e9 maintes fois r\u00e9clam\u00e9e par son collectif d\u2019avocats sans que cette demande soit valid\u00e9e par la justice. En effet, les autorit\u00e9s judiciaires ont accus\u00e9 une fin de non-recevoir \u00e0 l\u2019ensemble des demandes de mise en libert\u00e9 provisoire d\u00e9pos\u00e9es par les avocats. Ceux-ci, outre les garanties pr\u00e9sent\u00e9es quant \u00e0 la disponibilit\u00e9 de Louisa Hanoune \u00e0 r\u00e9pondre aux convocations des juges, son \u00e9tat de sant\u00e9, qualifi\u00e9 de tr\u00e8s fragile, plaident pour sa mise en libert\u00e9 provisoire vu la n\u00e9cessit\u00e9 pour la d\u00e9tenue de b\u00e9n\u00e9ficier d\u2019une prise en charge m\u00e9dicale sp\u00e9ciale.\u00a0 \u00a0 \u00a0 \u00a0<\/p>\n<p class=\"c10\">\u00a0<\/p>\n<p class=\"c11\"><strong>Ali Titouche<\/strong><\/p>\n<\/div>\n<p>Auteur:<br \/>\n<a href=\"https:\/\/www.liberte-algerie.com\/actualite\/la-date-de-laudience-pourrait-etre-fixee-la-semaine-prochaine-318466\">Cliquez ici pour lire l&rsquo;article depuis sa source.<\/a><\/p>\n","protected":false},"excerpt":{"rendered":"<p>Les avocats de Louisa Hanoune ont d\u00e9pos\u00e9, hier, une nouvelle demande de mise en libert\u00e9 de la secr\u00e9taire g\u00e9n\u00e9rale du Parti des travailleurs (PT), d\u00e9tenue depuis le\u00a0 9 mai dernier \u00e0 l\u2019issue d\u2019une convocation qui lui a \u00e9t\u00e9 adress\u00e9e par le tribunal militaire de Blida. Aucune r\u00e9ponse n\u2019a \u00e9t\u00e9 encore formul\u00e9e \u00e0 cette demande. Cependant, [&hellip;]<\/p>\n","protected":false},"author":1742,"featured_media":0,"comment_status":"closed","ping_status":"closed","sticky":false,"template":"","format":"standard","meta":{"fifu_image_url":"","fifu_image_alt":"","footnotes":""},"categories":[73,53],"tags":[],"class_list":["post-42326","post","type-post","status-publish","format-standard","hentry","category-actualite","category-algerie"],"_links":{"self":[{"href":"https:\/\/linitiative.ca\/International\/wp-json\/wp\/v2\/posts\/42326","targetHints":{"allow":["GET"]}}],"collection":[{"href":"https:\/\/linitiative.ca\/International\/wp-json\/wp\/v2\/posts"}],"about":[{"href":"https:\/\/linitiative.ca\/International\/wp-json\/wp\/v2\/types\/post"}],"author":[{"embeddable":true,"href":"https:\/\/linitiative.ca\/International\/wp-json\/wp\/v2\/users\/1742"}],"replies":[{"embeddable":true,"href":"https:\/\/linitiative.ca\/International\/wp-json\/wp\/v2\/comments?post=42326"}],"version-history":[{"count":0,"href":"https:\/\/linitiative.ca\/International\/wp-json\/wp\/v2\/posts\/42326\/revisions"}],"wp:attachment":[{"href":"https:\/\/linitiative.ca\/International\/wp-json\/wp\/v2\/media?parent=42326"}],"wp:term":[{"taxonomy":"category","embeddable":true,"href":"https:\/\/linitiative.ca\/International\/wp-json\/wp\/v2\/categories?post=42326"},{"taxonomy":"post_tag","embeddable":true,"href":"https:\/\/linitiative.ca\/International\/wp-json\/wp\/v2\/tags?post=42326"}],"curies":[{"name":"wp","href":"https:\/\/api.w.org\/{rel}","templated":true}]}}