{"id":42327,"date":"2019-06-24T06:00:00","date_gmt":"2019-06-24T10:00:00","guid":{"rendered":"https:\/\/linitiative.ca\/International\/karim-ziani-raccroche-les-crampons\/"},"modified":"2019-06-24T06:00:00","modified_gmt":"2019-06-24T10:00:00","slug":"karim-ziani-raccroche-les-crampons","status":"publish","type":"post","link":"https:\/\/linitiative.ca\/International\/karim-ziani-raccroche-les-crampons\/","title":{"rendered":"Karim Ziani raccroche les crampons"},"content":{"rendered":"<div id=\"originalText\" readability=\"79\">\n<p class=\"c11\"><img decoding=\"async\" alt=\"\" src=\"\/data\/upload\/CAN%202019\/19%20Logo%20CAN%202019.png\" class=\"c10\"\/><\/p>\n<p>\u00c0 36 ans, l\u2019ex-international Karim Ziani a d\u00e9cid\u00e9 de mettre fin \u00e0 sa carri\u00e8re de joueur. Le club d\u2019US Orl\u00e9ans, avec qui le joueur \u00e9volue depuis 2016, a annonc\u00e9 dans un communiqu\u00e9 que le milieu de terrain arr\u00eate sa carri\u00e8re. Toutefois, Ziani ne quittera pas d\u00e9finitivement les terrains de football et continuera \u00e0 servir son club d\u2019USO, comme \u00e9ducateur au centre de formation.<br \/>Ziani a d\u00e9but\u00e9 sa carri\u00e8re professionnelle avec le club de Troyes en 2001, o\u00f9 il r\u00e9ussit tout de suite \u00e0 s\u2019imposer et devenir un titulaire indiscutable sous les commandes d\u2019Alain Perrin. Issu d\u2019une m\u00e8re fran\u00e7aise et d\u2019un p\u00e8re alg\u00e9rien, Karim Ziani avait le choix entre la s\u00e9lection fran\u00e7aise et alg\u00e9rienne, mais il a tranch\u00e9 d\u00e8s le d\u00e9but en optant pour les Verts : \u201c\u00c7a me ferait chaud au c\u0153ur de repr\u00e9senter mon pays d\u2019origine. C\u2019est un r\u00eave de gamin, et j\u2019esp\u00e8re que \u00e7a se r\u00e9alisera\u201d, avait-il d\u00e9clar\u00e9 aux m\u00e9dias fran\u00e7ais, alors qu\u2019il n\u2019avait \u00e0 ce moment que 19 ans, avant d\u2019inaugurer sa premi\u00e8re s\u00e9lection le 12 f\u00e9vrier 2003 avec l\u2019Alg\u00e9rie, driv\u00e9e par le technicien belge George Leekens, \u00e0 l\u2019occasion du match amical de l\u2019EN face \u00e0 la Belgique (1-3) \u00e0 Annaba. En 2004, alors qu\u2019il venait de quitter Troyes pour rejoindre le FC Lorient \u00e0 titre de pr\u00eat, le s\u00e9lectionneur national de l\u2019\u00e9poque, Rabah Sa\u00e2dane, le compte parmi le groupe qui disputera la phase finale de la CAN 2004 en Tunisie, o\u00f9 il a vol\u00e9 la vedette \u00e0 la star Belmadi pour devenir ensuite un titulaire indiscutable au sein des Verts.\u00a0<br \/>Son caract\u00e8re, sa d\u00e9termination et l\u2019exp\u00e9rience, au fil des ann\u00e9es, le propulsent au titre de leader. En optant pour l\u2019Olympique de Marseille, puis le club champion d\u2019Allemagne Wolfsburg entre 2007 et 2011, il y sera pour beaucoup dans la qualification des Verts en Coupe du monde 2010 en Afrique du Sud apr\u00e8s 24 ans. Karim Ziani, apr\u00e8s Wolfsburg en passant par Keiserispor (Turquie), Al-Jeich et Al-Arabi (Qatar), Ajman et Fujairah (\u00c9mirats arabes unis), Petrolul Ploiesti (Roumanie) et finissant \u00e0 l\u2019US Orl\u00e9ans, a disput\u00e9 564 matches depuis ses d\u00e9buts, en 2001 \u00e0 Troyes. Il compte \u00e9galement 62 s\u00e9lections avec les Verts o\u00f9 il a inscrit 5 buts, tous sur balle arr\u00eat\u00e9e (un coup franc direct et 4 penalties). Toutefois, l\u2019arriv\u00e9e du Bosnien Vahid Halilhodzic \u00e0 la t\u00eate de la s\u00e9lection nationale d\u2019Alg\u00e9rie poussera Ziani \u00e0 sortir par la petite porte. Il a \u00e9t\u00e9 d\u2019ailleurs suivi par Antar Yahia, Yazid Mansouri, Nadir Belhadj, Karim Matmour entre autres.\u00a0<br \/>Ziani avait, en effet, jou\u00e9 son dernier match face \u00e0 la Tanzanie, dans le cadre des \u00e9liminatoires de la CAN, le 3 septembre 2011. \u201cOn ne m\u2019a jamais expliqu\u00e9 pourquoi on m\u2019a \u00e9cart\u00e9\u2026 Ils ont fait leur choix, il n\u2019y a pas de sentiments. Je ne demanderai jamais des explications. D\u00e9j\u00e0 pour leur dire quoi ? Je pr\u00e9f\u00e8re qu\u2019ils ne me disent rien, qu\u2019ils me mentent\u2026 Cela me fera toujours mal, pour la vie. On sortira tous un jour, mais il y a la mani\u00e8re que je ne pardonnerai jamais\u201d, dira Ziani sur le sujet.<br \/>\u00a0<\/p>\n<p class=\"c12\"><strong>Ahmed Ifticen\u00a0<\/strong><\/p>\n<\/div>\n<div id=\"text_core\" readability=\"79\">\n<p class=\"c11\"><img decoding=\"async\" alt=\"\" src=\"\/data\/upload\/CAN%202019\/19%20Logo%20CAN%202019.png\" class=\"c10\"\/><\/p>\n<p>\u00c0 36 ans, l\u2019ex-international Karim Ziani a d\u00e9cid\u00e9 de mettre fin \u00e0 sa carri\u00e8re de joueur. Le club d\u2019US Orl\u00e9ans, avec qui le joueur \u00e9volue depuis 2016, a annonc\u00e9 dans un communiqu\u00e9 que le milieu de terrain arr\u00eate sa carri\u00e8re. Toutefois, Ziani ne quittera pas d\u00e9finitivement les terrains de football et continuera \u00e0 servir son club d\u2019USO, comme \u00e9ducateur au centre de formation.<br \/>Ziani a d\u00e9but\u00e9 sa carri\u00e8re professionnelle avec le club de Troyes en 2001, o\u00f9 il r\u00e9ussit tout de suite \u00e0 s\u2019imposer et devenir un titulaire indiscutable sous les commandes d\u2019Alain Perrin. Issu d\u2019une m\u00e8re fran\u00e7aise et d\u2019un p\u00e8re alg\u00e9rien, Karim Ziani avait le choix entre la s\u00e9lection fran\u00e7aise et alg\u00e9rienne, mais il a tranch\u00e9 d\u00e8s le d\u00e9but en optant pour les Verts : \u201c\u00c7a me ferait chaud au c\u0153ur de repr\u00e9senter mon pays d\u2019origine. C\u2019est un r\u00eave de gamin, et j\u2019esp\u00e8re que \u00e7a se r\u00e9alisera\u201d, avait-il d\u00e9clar\u00e9 aux m\u00e9dias fran\u00e7ais, alors qu\u2019il n\u2019avait \u00e0 ce moment que 19 ans, avant d\u2019inaugurer sa premi\u00e8re s\u00e9lection le 12 f\u00e9vrier 2003 avec l\u2019Alg\u00e9rie, driv\u00e9e par le technicien belge George Leekens, \u00e0 l\u2019occasion du match amical de l\u2019EN face \u00e0 la Belgique (1-3) \u00e0 Annaba. En 2004, alors qu\u2019il venait de quitter Troyes pour rejoindre le FC Lorient \u00e0 titre de pr\u00eat, le s\u00e9lectionneur national de l\u2019\u00e9poque, Rabah Sa\u00e2dane, le compte parmi le groupe qui disputera la phase finale de la CAN 2004 en Tunisie, o\u00f9 il a vol\u00e9 la vedette \u00e0 la star Belmadi pour devenir ensuite un titulaire indiscutable au sein des Verts.\u00a0<br \/>Son caract\u00e8re, sa d\u00e9termination et l\u2019exp\u00e9rience, au fil des ann\u00e9es, le propulsent au titre de leader. En optant pour l\u2019Olympique de Marseille, puis le club champion d\u2019Allemagne Wolfsburg entre 2007 et 2011, il y sera pour beaucoup dans la qualification des Verts en Coupe du monde 2010 en Afrique du Sud apr\u00e8s 24 ans. Karim Ziani, apr\u00e8s Wolfsburg en passant par Keiserispor (Turquie), Al-Jeich et Al-Arabi (Qatar), Ajman et Fujairah (\u00c9mirats arabes unis), Petrolul Ploiesti (Roumanie) et finissant \u00e0 l\u2019US Orl\u00e9ans, a disput\u00e9 564 matches depuis ses d\u00e9buts, en 2001 \u00e0 Troyes. Il compte \u00e9galement 62 s\u00e9lections avec les Verts o\u00f9 il a inscrit 5 buts, tous sur balle arr\u00eat\u00e9e (un coup franc direct et 4 penalties). Toutefois, l\u2019arriv\u00e9e du Bosnien Vahid Halilhodzic \u00e0 la t\u00eate de la s\u00e9lection nationale d\u2019Alg\u00e9rie poussera Ziani \u00e0 sortir par la petite porte. Il a \u00e9t\u00e9 d\u2019ailleurs suivi par Antar Yahia, Yazid Mansouri, Nadir Belhadj, Karim Matmour entre autres.\u00a0<br \/>Ziani avait, en effet, jou\u00e9 son dernier match face \u00e0 la Tanzanie, dans le cadre des \u00e9liminatoires de la CAN, le 3 septembre 2011. \u201cOn ne m\u2019a jamais expliqu\u00e9 pourquoi on m\u2019a \u00e9cart\u00e9\u2026 Ils ont fait leur choix, il n\u2019y a pas de sentiments. Je ne demanderai jamais des explications. D\u00e9j\u00e0 pour leur dire quoi ? Je pr\u00e9f\u00e8re qu\u2019ils ne me disent rien, qu\u2019ils me mentent\u2026 Cela me fera toujours mal, pour la vie. On sortira tous un jour, mais il y a la mani\u00e8re que je ne pardonnerai jamais\u201d, dira Ziani sur le sujet.<br \/>\u00a0<\/p>\n<p class=\"c12\"><strong>Ahmed Ifticen\u00a0<\/strong><\/p>\n<\/div>\n<p>Auteur:<br \/>\n<a href=\"https:\/\/www.liberte-algerie.com\/sports\/karim-ziani-raccroche-les-crampons-318465\">Cliquez ici pour lire l&rsquo;article depuis sa source.<\/a><\/p>\n","protected":false},"excerpt":{"rendered":"<p>\u00c0 36 ans, l\u2019ex-international Karim Ziani a d\u00e9cid\u00e9 de mettre fin \u00e0 sa carri\u00e8re de joueur. Le club d\u2019US Orl\u00e9ans, avec qui le joueur \u00e9volue depuis 2016, a annonc\u00e9 dans un communiqu\u00e9 que le milieu de terrain arr\u00eate sa carri\u00e8re. Toutefois, Ziani ne quittera pas d\u00e9finitivement les terrains de football et continuera \u00e0 servir son [&hellip;]<\/p>\n","protected":false},"author":1742,"featured_media":42328,"comment_status":"closed","ping_status":"closed","sticky":false,"template":"","format":"standard","meta":{"fifu_image_url":"","fifu_image_alt":"","footnotes":""},"categories":[73,53],"tags":[],"class_list":["post-42327","post","type-post","status-publish","format-standard","has-post-thumbnail","hentry","category-actualite","category-algerie"],"_links":{"self":[{"href":"https:\/\/linitiative.ca\/International\/wp-json\/wp\/v2\/posts\/42327","targetHints":{"allow":["GET"]}}],"collection":[{"href":"https:\/\/linitiative.ca\/International\/wp-json\/wp\/v2\/posts"}],"about":[{"href":"https:\/\/linitiative.ca\/International\/wp-json\/wp\/v2\/types\/post"}],"author":[{"embeddable":true,"href":"https:\/\/linitiative.ca\/International\/wp-json\/wp\/v2\/users\/1742"}],"replies":[{"embeddable":true,"href":"https:\/\/linitiative.ca\/International\/wp-json\/wp\/v2\/comments?post=42327"}],"version-history":[{"count":0,"href":"https:\/\/linitiative.ca\/International\/wp-json\/wp\/v2\/posts\/42327\/revisions"}],"wp:featuredmedia":[{"embeddable":true,"href":"https:\/\/linitiative.ca\/International\/wp-json\/"}],"wp:attachment":[{"href":"https:\/\/linitiative.ca\/International\/wp-json\/wp\/v2\/media?parent=42327"}],"wp:term":[{"taxonomy":"category","embeddable":true,"href":"https:\/\/linitiative.ca\/International\/wp-json\/wp\/v2\/categories?post=42327"},{"taxonomy":"post_tag","embeddable":true,"href":"https:\/\/linitiative.ca\/International\/wp-json\/wp\/v2\/tags?post=42327"}],"curies":[{"name":"wp","href":"https:\/\/api.w.org\/{rel}","templated":true}]}}