{"id":42330,"date":"2019-06-24T07:43:00","date_gmt":"2019-06-24T11:43:00","guid":{"rendered":"https:\/\/linitiative.ca\/International\/rassemblement-de-soutien-devant-le-tribunal-de-sidi-mhamed\/"},"modified":"2019-06-24T07:43:00","modified_gmt":"2019-06-24T11:43:00","slug":"rassemblement-de-soutien-devant-le-tribunal-de-sidi-mhamed","status":"publish","type":"post","link":"https:\/\/linitiative.ca\/International\/rassemblement-de-soutien-devant-le-tribunal-de-sidi-mhamed\/","title":{"rendered":"Rassemblement de soutien devant le tribunal de Sidi M\u2019hamed"},"content":{"rendered":"<div id=\"originalText\" readability=\"61\">\n<p>Des dizaines de citoyens sont rassembl\u00e9s, ce lundi, depuis la matin\u00e9e, devant le tribunal de Sidi M\u2019hamed, \u00e0 Alger, pour r\u00e9clamer la lib\u00e9ration des 17 manifestants arr\u00eat\u00e9s lors du 18e vendredi de marches, et plac\u00e9s, hier dimanche, sous mandat de d\u00e9p\u00f4t.<\/p>\n<p>Il s\u2019agit, pour rappel, de 13 manifestants plac\u00e9s en d\u00e9tention provisoire par le tribunal de Sidi M\u2019hamed, 3 autres par le tribunal de Bab El-Oued, sis \u00e0 Ba\u00efnem, et un autre par le tribunal de B\u00e9ja\u00efa.<\/p>\n<p>Les protestataires rassembl\u00e9s depuis ce matin, rue Abane Ramdane, ont scand\u00e9 \u00abAdala Intikalya Machi Intikamya (justice transitionnelle et non pas de repr\u00e9sailles)\u00bb.<\/p>\n<p>\u00c0 signaler que d&rsquo;autres rassemblements sont \u00e9galement en cours, devant plusieurs autres tribunaux, notamment ceux de B\u00e9ja\u00efa et Boumerd\u00e8s.\u00a0<\/p>\n<p><iframe loading=\"lazy\" allowfullscreen=\"true\" allowtransparency=\"true\" frameborder=\"0\" height=\"322\" scrolling=\"no\" src=\"https:\/\/www.facebook.com\/plugins\/video.php?href=https%3A%2F%2Fwww.facebook.com%2Fawelht%2Fvideos%2F10157397272484104%2F&#038;show_text=0&#038;width=560\" class=\"c10\" width=\"560\">[embedded content]<\/iframe><\/p>\n<p class=\"c11\"><strong>R\u00e9daction Web<\/strong><\/p>\n<\/div>\n<div id=\"text_core\" readability=\"61\">\n<p>Des dizaines de citoyens sont rassembl\u00e9s, ce lundi, depuis la matin\u00e9e, devant le tribunal de Sidi M\u2019hamed, \u00e0 Alger, pour r\u00e9clamer la lib\u00e9ration des 17 manifestants arr\u00eat\u00e9s lors du 18e vendredi de marches, et plac\u00e9s, hier dimanche, sous mandat de d\u00e9p\u00f4t.<\/p>\n<p>Il s\u2019agit, pour rappel, de 13 manifestants plac\u00e9s en d\u00e9tention provisoire par le tribunal de Sidi M\u2019hamed, 3 autres par le tribunal de Bab El-Oued, sis \u00e0 Ba\u00efnem, et un autre par le tribunal de B\u00e9ja\u00efa.<\/p>\n<p>Les protestataires rassembl\u00e9s depuis ce matin, rue Abane Ramdane, ont scand\u00e9 \u00abAdala Intikalya Machi Intikamya (justice transitionnelle et non pas de repr\u00e9sailles)\u00bb.<\/p>\n<p>\u00c0 signaler que d&rsquo;autres rassemblements sont \u00e9galement en cours, devant plusieurs autres tribunaux, notamment ceux de B\u00e9ja\u00efa et Boumerd\u00e8s.\u00a0<\/p>\n<p><iframe loading=\"lazy\" allowfullscreen=\"true\" allowtransparency=\"true\" frameborder=\"0\" height=\"322\" scrolling=\"no\" src=\"https:\/\/www.facebook.com\/plugins\/video.php?href=https%3A%2F%2Fwww.facebook.com%2Fawelht%2Fvideos%2F10157397272484104%2F&#038;show_text=0&#038;width=560\" class=\"c10\" width=\"560\">[embedded content]<\/iframe><\/p>\n<p class=\"c11\"><strong>R\u00e9daction Web<\/strong><\/p>\n<\/div>\n<p>Auteur:<br \/>\n<a href=\"https:\/\/www.liberte-algerie.com\/actualite\/rassemblement-de-soutien-devant-le-tribunal-de-sidi-mhamed-318535\">Cliquez ici pour lire l&rsquo;article depuis sa source.<\/a><\/p>\n","protected":false},"excerpt":{"rendered":"<p>Des dizaines de citoyens sont rassembl\u00e9s, ce lundi, depuis la matin\u00e9e, devant le tribunal de Sidi M\u2019hamed, \u00e0 Alger, pour r\u00e9clamer la lib\u00e9ration des 17 manifestants arr\u00eat\u00e9s lors du 18e vendredi de marches, et plac\u00e9s, hier dimanche, sous mandat de d\u00e9p\u00f4t. Il s\u2019agit, pour rappel, de 13 manifestants plac\u00e9s en d\u00e9tention provisoire par le tribunal [&hellip;]<\/p>\n","protected":false},"author":1742,"featured_media":0,"comment_status":"closed","ping_status":"closed","sticky":false,"template":"","format":"standard","meta":{"fifu_image_url":"","fifu_image_alt":"","footnotes":""},"categories":[73,53],"tags":[],"class_list":["post-42330","post","type-post","status-publish","format-standard","hentry","category-actualite","category-algerie"],"_links":{"self":[{"href":"https:\/\/linitiative.ca\/International\/wp-json\/wp\/v2\/posts\/42330","targetHints":{"allow":["GET"]}}],"collection":[{"href":"https:\/\/linitiative.ca\/International\/wp-json\/wp\/v2\/posts"}],"about":[{"href":"https:\/\/linitiative.ca\/International\/wp-json\/wp\/v2\/types\/post"}],"author":[{"embeddable":true,"href":"https:\/\/linitiative.ca\/International\/wp-json\/wp\/v2\/users\/1742"}],"replies":[{"embeddable":true,"href":"https:\/\/linitiative.ca\/International\/wp-json\/wp\/v2\/comments?post=42330"}],"version-history":[{"count":0,"href":"https:\/\/linitiative.ca\/International\/wp-json\/wp\/v2\/posts\/42330\/revisions"}],"wp:attachment":[{"href":"https:\/\/linitiative.ca\/International\/wp-json\/wp\/v2\/media?parent=42330"}],"wp:term":[{"taxonomy":"category","embeddable":true,"href":"https:\/\/linitiative.ca\/International\/wp-json\/wp\/v2\/categories?post=42330"},{"taxonomy":"post_tag","embeddable":true,"href":"https:\/\/linitiative.ca\/International\/wp-json\/wp\/v2\/tags?post=42330"}],"curies":[{"name":"wp","href":"https:\/\/api.w.org\/{rel}","templated":true}]}}