{"id":42370,"date":"2019-06-24T09:33:28","date_gmt":"2019-06-24T13:33:28","guid":{"rendered":"https:\/\/linitiative.ca\/International\/91052-chambre-de-commerce-et-d-industrie-de-l-oranie-une-commission-specialisee-pour-les-jm\/"},"modified":"2019-06-24T09:33:28","modified_gmt":"2019-06-24T13:33:28","slug":"91052-chambre-de-commerce-et-d-industrie-de-l-oranie-une-commission-specialisee-pour-les-jm","status":"publish","type":"post","link":"https:\/\/linitiative.ca\/International\/91052-chambre-de-commerce-et-d-industrie-de-l-oranie-une-commission-specialisee-pour-les-jm\/","title":{"rendered":"Chambre de commerce et d\u2019industrie de l\u2019Oranie: Une commission sp\u00e9cialis\u00e9e pour les JM"},"content":{"rendered":"<div>\n<div class=\"K2FeedImage\"><img decoding=\"async\" src=\"http:\/\/www.aps.dz\/media\/k2\/items\/cache\/ce942e9d5c3fb2a90f847607274961b0_S.jpg\" alt=\"Chambre de commerce et d\u2019industrie de l\u2019Oranie: Une commission sp\u00e9cialis\u00e9e pour les JM\"><\/div>\n<div class=\"K2FeedIntroText\">\n<p><strong>ORAN &#8211; Une commission sp\u00e9cialis\u00e9e dans les jeux m\u00e9diterran\u00e9ens (JM) que va accueillir Oran en 2021, a \u00e9t\u00e9 mise en place par la Chambre locale de commerce et d&rsquo;industrie de l\u2019Oranie, a-t-on appris lundi du directeur g\u00e9n\u00e9ral de cet \u00e9v\u00e9nement sportif r\u00e9gional, Mohamed El-Moro.<\/strong><\/p>\n<\/div>\n<div class=\"K2FeedFullText\">\n<p>La commission, pr\u00e9sid\u00e9e par Charchar Rachid et son adjoint Saleh Mohammed Sofiane, a \u00e9t\u00e9 install\u00e9e la veille, dimanche, en pr\u00e9sence d&rsquo;un groupe d&rsquo;acteurs \u00e9conomiques aux c\u00f4t\u00e9s du directeur g\u00e9n\u00e9ral des JM et du repr\u00e9sentant de Wali Oran, selon la m\u00eame source.<\/p>\n<p>El-Moro, dans une d\u00e9claration \u00e0 l\u2019APS, a salu\u00e9 cette initiative, mais a \u00e9galement appel\u00e9 leurs auteurs \u00e0 \u00ab\u00a0fixer avec exactitude les objectifs et la strat\u00e9gie \u00e0 suivre\u00a0\u00bb.<\/p>\n<p>Ce m\u00eame responsable s\u2019est d\u00e9clar\u00e9 pr\u00eat \u00e0 contribuer \u00e0 cette t\u00e2che, d\u2019autant qu\u2019il s\u2019agit, selon lui, d\u2019un effort collectif consistant \u00e0 investir dans cet \u00e9v\u00e8nement de taille \u00e0 Oran afin de tirer le maximum de dividendes \u00e9conomiques et sociales au profit des habitants de la ville et ses jeunes en particulier.<\/p>\n<p>\u00ab\u00a0Le r\u00f4le de ce comit\u00e9 devrait correspondre \u00e0 la vision du comit\u00e9 d&rsquo;organisation des JM en identifiant les domaines dans lesquels la Chambre de commerce et d&rsquo;industrie souhaite intervenir. Sa t\u00e2che qui lui convient dans ce registre \u00e9tant de contribuer \u00e0 la cr\u00e9ation d\u2019emplois en accompagnant les petites entreprises notamment les \u00ab\u00a0Start-up\u00a0\u00bb appartenant aux jeunes universitaires et chercheurs, par exemple, ainsi que les promouvoir\u00a0\u00bb, a-t-il encore expliqu\u00e9.<\/p>\n<p>Il a, en outre, a indiqu\u00e9 qu&rsquo;il a \u00e9t\u00e9 d\u00e9cid\u00e9 de cr\u00e9er un comit\u00e9 ad-hoc compos\u00e9 de membres de l&rsquo;organe cr\u00e9\u00e9 par la Chambre de commerce et d&rsquo;industrie et de repr\u00e9sentants du comit\u00e9 d&rsquo;organisation des JM afin de concr\u00e9tiser une vision commune de la contribution de la Chambre au succ\u00e8s de cette manifestation sportive que l&rsquo;Alg\u00e9rie accueille pour la deuxi\u00e8me fois de son histoire. Le comit\u00e9 ad-hoc devra se r\u00e9unir une fois toutes les deux semaines.<\/p>\n<p>A cette occasion, El Moro a profit\u00e9 de sa pr\u00e9sence parmi les membres de la Chambre de commerce et d\u2019industrie, constitu\u00e9e d\u2019hommes d\u2019affaires et d\u2019industriels, pour renouveler son invitation \u00e0 se joindre \u00e0 la Commission marketing, publicit\u00e9 et parrainage dans la perspective de r\u00e9colter les meilleurs fruits possibles dans le domaine \u00e9conomique de la tenue des JM dans la capitale de l&rsquo;Ouest du pays.<\/p>\n<\/div>\n<p><img loading=\"lazy\" decoding=\"async\" src=\"http:\/\/feeds.feedburner.com\/~r\/aps-sport\/~4\/WRTgDmGBnBs\" height=\"1\" width=\"1\" alt=\"\"><\/div>\n<p>Auteur:<br \/>\n<a href=\"http:\/\/www.aps.dz\/sport\/91052-chambre-de-commerce-et-d-industrie-de-l-oranie-une-commission-specialisee-pour-les-jm?utm_source=feedburner&#038;utm_medium=feed&#038;utm_campaign=Feed%3A+aps-sport+%28APS+-+SPORT%29\">Cliquez ici pour lire l&rsquo;article depuis sa source.<\/a><\/p>\n","protected":false},"excerpt":{"rendered":"<p>ORAN &#8211; Une commission sp\u00e9cialis\u00e9e dans les jeux m\u00e9diterran\u00e9ens (JM) que va accueillir Oran en 2021, a \u00e9t\u00e9 mise en place par la Chambre locale de commerce et d&rsquo;industrie de l\u2019Oranie, a-t-on appris lundi du directeur g\u00e9n\u00e9ral de cet \u00e9v\u00e9nement sportif r\u00e9gional, Mohamed El-Moro. La commission, pr\u00e9sid\u00e9e par Charchar Rachid et son adjoint Saleh Mohammed [&hellip;]<\/p>\n","protected":false},"author":1790,"featured_media":42371,"comment_status":"closed","ping_status":"closed","sticky":false,"template":"","format":"standard","meta":{"fifu_image_url":"","fifu_image_alt":"","footnotes":""},"categories":[53,75],"tags":[],"class_list":["post-42370","post","type-post","status-publish","format-standard","has-post-thumbnail","hentry","category-algerie","category-sport"],"_links":{"self":[{"href":"https:\/\/linitiative.ca\/International\/wp-json\/wp\/v2\/posts\/42370","targetHints":{"allow":["GET"]}}],"collection":[{"href":"https:\/\/linitiative.ca\/International\/wp-json\/wp\/v2\/posts"}],"about":[{"href":"https:\/\/linitiative.ca\/International\/wp-json\/wp\/v2\/types\/post"}],"author":[{"embeddable":true,"href":"https:\/\/linitiative.ca\/International\/wp-json\/wp\/v2\/users\/1790"}],"replies":[{"embeddable":true,"href":"https:\/\/linitiative.ca\/International\/wp-json\/wp\/v2\/comments?post=42370"}],"version-history":[{"count":0,"href":"https:\/\/linitiative.ca\/International\/wp-json\/wp\/v2\/posts\/42370\/revisions"}],"wp:featuredmedia":[{"embeddable":true,"href":"https:\/\/linitiative.ca\/International\/wp-json\/"}],"wp:attachment":[{"href":"https:\/\/linitiative.ca\/International\/wp-json\/wp\/v2\/media?parent=42370"}],"wp:term":[{"taxonomy":"category","embeddable":true,"href":"https:\/\/linitiative.ca\/International\/wp-json\/wp\/v2\/categories?post=42370"},{"taxonomy":"post_tag","embeddable":true,"href":"https:\/\/linitiative.ca\/International\/wp-json\/wp\/v2\/tags?post=42370"}],"curies":[{"name":"wp","href":"https:\/\/api.w.org\/{rel}","templated":true}]}}