{"id":42374,"date":"2019-06-24T10:10:45","date_gmt":"2019-06-24T14:10:45","guid":{"rendered":"https:\/\/linitiative.ca\/International\/91054-football-billel-dziri-nouvel-entraineur-de-l-usm-alger\/"},"modified":"2019-06-24T10:10:45","modified_gmt":"2019-06-24T14:10:45","slug":"91054-football-billel-dziri-nouvel-entraineur-de-l-usm-alger","status":"publish","type":"post","link":"https:\/\/linitiative.ca\/International\/91054-football-billel-dziri-nouvel-entraineur-de-l-usm-alger\/","title":{"rendered":"Football : Billel Dziri nouvel entra\u00eeneur de l&rsquo;USM Alger"},"content":{"rendered":"<div>\n<div class=\"K2FeedImage\"><img decoding=\"async\" src=\"http:\/\/www.aps.dz\/media\/k2\/items\/cache\/9c1d9852fd3e01076787c9c64626b1dc_S.jpg\" alt=\"Football : Billel Dziri nouvel entra\u00eeneur de l'USM Alger\"><\/div>\n<div class=\"K2FeedIntroText\">\n<p><strong>ALGER &#8211; L&rsquo;ancien international alg\u00e9rien \u00ab\u00a0Billel Dziri sera le nouvel entra\u00eeneur de l&rsquo;USM Alger\u00a0\u00bb avec lequel \u00ab\u00a0il signera son contrat d&rsquo;engagement ce lundi\u00a0\u00bb a annonc\u00e9 dimanche soir la Direction du club champion d&rsquo;Alg\u00e9rie en titre.<\/strong><\/p>\n<\/div>\n<div class=\"K2FeedFullText\">\n<p>\u00ab\u00a0L&rsquo;USMA est heureuse d&rsquo;annoncer qu&rsquo;un accord a \u00e9t\u00e9 trouv\u00e9 avec l&rsquo;entra\u00eeneur Billel Dziri, qui signera son contrat lundi\u00a0\u00bb a indiqu\u00e9 la direction des Rouge et Noir dans un communiqu\u00e9, dans lequel elle a tenu \u00e0 \u00ab\u00a0remercier\u00a0\u00bb son embl\u00e9matique ancien num\u00e9ro 8, qui selon elle \u00ab\u00a0a accept\u00e9 de faire d&rsquo;importantes concessions sur le plan financier\u00a0\u00bb pour rendre possible cet engagement entre lui et son club de c\u0153ur.<\/p>\n<p>\u00ab\u00a0L&rsquo;USMA est vraiment honor\u00e9e que Dziri ait accept\u00e9 de faire un tel effort et d&rsquo;accepter le d\u00e9fi\u00a0\u00bb a encore tenu \u00e0 faire savoir la Direction des Rouge et Noir, ajoutant avoir confi\u00e9 les pleins pouvoirs \u00e0 son ancien capitaine embl\u00e9matique, qui \u00ab\u00a0choisira lui-m\u00eame les membres de son staff et dirigera les entra\u00eenements qui vont bient\u00f4t reprendre\u00a0\u00bb.<\/p>\n<p>Un revirement total donc dans le volet technique de l&rsquo;\u00e9quipe premi\u00e8re, car la Direction de l&rsquo;USMA avait commenc\u00e9 par en confier les commandes au Tunisien Kais Ya\u00e2koubi, dont la nomination avait \u00e9t\u00e9 officiellement annonc\u00e9e dans un communiqu\u00e9 de presse, publi\u00e9 le 13 juin courant sur le site du club.<\/p>\n<p>Il avait m\u00eame \u00e9t\u00e9 pr\u00e9cis\u00e9 dans ce communiqu\u00e9 que \u00ab\u00a0l&rsquo;accord avec Ya\u00e2koubi a \u00e9t\u00e9 scell\u00e9 \u00e0 Annaba\u00a0\u00bb, en pr\u00e9sence du Coordinateur g\u00e9n\u00e9ral Salah Allache, le Directeur technique sportif Rachid A\u00eft Mohamed et le Coordinateur sportif Mustapha Aksouh.<\/p>\n<p>A ce moment-l\u00e0, l&rsquo;USMA disait avoir trouv\u00e9 en Ya\u00e2koubi \u00ab\u00a0l&rsquo;homme de la situation\u00a0\u00bb, car ce technicien de 52 ans est \u00ab\u00a0tr\u00e8s r\u00e9put\u00e9 en Tunisie et poss\u00e8de une riche exp\u00e9rience\u00a0\u00bb, notamment, pour avoir dirig\u00e9 de prestigieuses formations, comme le Club Africain (Tunisie), Al Weehdat (Arabie saoudite) et Al Arabi (Qatar).<\/p>\n<p>Finalement, dix jours apr\u00e8s cette nomination quasi officielle du Tunisien, la Direction des Rouge et Noir a d\u00e9cid\u00e9 de faire marche-arri\u00e8re et de confier les commandes techniques de son \u00e9quipe premi\u00e8re \u00e0 Billel Dziri, l&rsquo;ancien coach du CA Bordj Bou Arr\u00e9ridj, qu&rsquo;il a r\u00e9ussi \u00e0 maintenir en Ligue 1 lors du pr\u00e9c\u00e9dent exercice.<\/p>\n<p>C&rsquo;est donc Bilel Dziri qui va succ\u00e9der \u00e0 Lamine Kebir, qui avait conduit l&rsquo;USM Alger \u00e0 son 8e titre de champion d&rsquo;Alg\u00e9rie.<\/p>\n<\/div>\n<p><img loading=\"lazy\" decoding=\"async\" src=\"http:\/\/feeds.feedburner.com\/~r\/aps-sport\/~4\/0v6hCvUbExQ\" height=\"1\" width=\"1\" alt=\"\"><\/div>\n<p>Auteur:<br \/>\n<a href=\"http:\/\/www.aps.dz\/sport\/91054-football-billel-dziri-nouvel-entraineur-de-l-usm-alger?utm_source=feedburner&#038;utm_medium=feed&#038;utm_campaign=Feed%3A+aps-sport+%28APS+-+SPORT%29\">Cliquez ici pour lire l&rsquo;article depuis sa source.<\/a><\/p>\n","protected":false},"excerpt":{"rendered":"<p>ALGER &#8211; L&rsquo;ancien international alg\u00e9rien \u00ab\u00a0Billel Dziri sera le nouvel entra\u00eeneur de l&rsquo;USM Alger\u00a0\u00bb avec lequel \u00ab\u00a0il signera son contrat d&rsquo;engagement ce lundi\u00a0\u00bb a annonc\u00e9 dimanche soir la Direction du club champion d&rsquo;Alg\u00e9rie en titre. \u00ab\u00a0L&rsquo;USMA est heureuse d&rsquo;annoncer qu&rsquo;un accord a \u00e9t\u00e9 trouv\u00e9 avec l&rsquo;entra\u00eeneur Billel Dziri, qui signera son contrat lundi\u00a0\u00bb a indiqu\u00e9 [&hellip;]<\/p>\n","protected":false},"author":1790,"featured_media":42375,"comment_status":"closed","ping_status":"closed","sticky":false,"template":"","format":"standard","meta":{"fifu_image_url":"","fifu_image_alt":"","footnotes":""},"categories":[53,75],"tags":[],"class_list":["post-42374","post","type-post","status-publish","format-standard","has-post-thumbnail","hentry","category-algerie","category-sport"],"_links":{"self":[{"href":"https:\/\/linitiative.ca\/International\/wp-json\/wp\/v2\/posts\/42374","targetHints":{"allow":["GET"]}}],"collection":[{"href":"https:\/\/linitiative.ca\/International\/wp-json\/wp\/v2\/posts"}],"about":[{"href":"https:\/\/linitiative.ca\/International\/wp-json\/wp\/v2\/types\/post"}],"author":[{"embeddable":true,"href":"https:\/\/linitiative.ca\/International\/wp-json\/wp\/v2\/users\/1790"}],"replies":[{"embeddable":true,"href":"https:\/\/linitiative.ca\/International\/wp-json\/wp\/v2\/comments?post=42374"}],"version-history":[{"count":0,"href":"https:\/\/linitiative.ca\/International\/wp-json\/wp\/v2\/posts\/42374\/revisions"}],"wp:featuredmedia":[{"embeddable":true,"href":"https:\/\/linitiative.ca\/International\/wp-json\/"}],"wp:attachment":[{"href":"https:\/\/linitiative.ca\/International\/wp-json\/wp\/v2\/media?parent=42374"}],"wp:term":[{"taxonomy":"category","embeddable":true,"href":"https:\/\/linitiative.ca\/International\/wp-json\/wp\/v2\/categories?post=42374"},{"taxonomy":"post_tag","embeddable":true,"href":"https:\/\/linitiative.ca\/International\/wp-json\/wp\/v2\/tags?post=42374"}],"curies":[{"name":"wp","href":"https:\/\/api.w.org\/{rel}","templated":true}]}}