{"id":42387,"date":"2019-06-24T11:33:00","date_gmt":"2019-06-24T15:33:00","guid":{"rendered":"https:\/\/linitiative.ca\/International\/tunisie-larmee-nationale-a-63-ans-les-livres-a-lire\/"},"modified":"2019-06-24T11:33:00","modified_gmt":"2019-06-24T15:33:00","slug":"tunisie-larmee-nationale-a-63-ans-les-livres-a-lire","status":"publish","type":"post","link":"https:\/\/linitiative.ca\/International\/tunisie-larmee-nationale-a-63-ans-les-livres-a-lire\/","title":{"rendered":"Tunisie &#8211;  L\u2019Arm\u00e9e nationale a 63 ans : Les livres \u00e0 lire"},"content":{"rendered":"<p>L\u2019arm\u00e9e nationale c\u00e9l\u00e8bre ce lundi 24 juin le 63e anniversaire de sa cr\u00e9ation. Nous vous proposons ces quelques r\u00e9flexions sur le pr\u00e9sent et le devenir de notre arm\u00e9e tir\u00e9es des livres \u00ab\u00a0<a href=\"https:\/\/www.leaders.com.tn\/article\/16499-defense-securite-nationale-quelles-reformes-pour-l-ere-democratique\" target=\"_blank\" rel=\"noopener noreferrer\">Quelles r\u00e9formes pour l&rsquo;\u00e8re d\u00e9mocratique<\/a>\u00ab\u00a0, <a href=\"https:\/\/www.leaders.com.tn\/article\/20019-avant-propos\" target=\"_blank\" rel=\"noopener noreferrer\">Invincible Tunisie<\/a>\u00a0\u00bb et \u00ab\u00a0<a href=\"https:\/\/www.leaders.com.tn\/article\/26113-enfin-un-livre-sur-l-epopee-de-rejim-maatoug-edite-par-leaders\" target=\"_blank\" rel=\"noopener noreferrer\">Regim Maatoug<\/a>\u00ab\u00a0, publi\u00e9s par <span class=\"c2\"><strong>Leaders Editions.<\/strong><\/span><\/p>\n<p><em>Disponibles chez votre libraire ou aupr\u00e8s de Leaders: Tel 71 232 111 \/ email: contact@leaders.com.tn\u00a0<\/em><\/p>\n<p class=\"c3\"><strong>Lire aussi<\/strong><\/p>\n<ul>\n<li><a href=\"https:\/\/www.leaders.com.tn\/article\/27331-le24-juin-anniversaire-de-la-creation-de-l-armee-nationale-quelles-inspirations-quels-espoirs-quels-projets\" target=\"_blank\" rel=\"noopener noreferrer\">Le 24 juin, anniversaire de la cr\u00e9ation de l\u2019arm\u00e9e nationale : quelles perspectives, quels espoirs ?<\/a><\/li>\n<li><a href=\"https:\/\/www.leaders.com.tn\/article\/19093-tout-sur-le-rideau-de-sable-de-l-armee-tunisienne-sur-la-frontiere-avec-la-libye-video\" target=\"_blank\" rel=\"noopener noreferrer\">Tout sur le rideau de sable de l\u2019arm\u00e9e tunisienne sur la fronti\u00e8re avec la Libye (Vid\u00e9o)<\/a><\/li>\n<li><a href=\"https:\/\/www.leaders.com.tn\/article\/17697-femmes-d-exception-commandantes-de-patrouilleurs\" target=\"_blank\" rel=\"noopener noreferrer\">Femmes d\u2019exception: Commandantes de patrouilleurs<\/a><\/li>\n<li><a href=\"https:\/\/www.leaders.com.tn\/article\/17701-hana-ultrarapide-furtive-elle-fonce-droit-sur-l-objectif-et-l-atteint\" target=\"_blank\" rel=\"noopener noreferrer\">Hana, Commandante de patrouilleur : Ultrarapide, furtive, elle fonce droit sur l\u2019objectif&#8230; et l\u2019atteint<\/a><\/li>\n<li><a href=\"https:\/\/www.leaders.com.tn\/article\/17715-armee-de-terre-ikbeltransmission-hertzienne-une-communication-permanente\" target=\"_blank\" rel=\"noopener noreferrer\">Arm\u00e9e de Terre: Ikbel commandante de compagnie<\/a><\/li>\n<li><a href=\"https:\/\/www.leaders.com.tn\/article\/19264-femmes-et-militaires-ces-tunisiennes-qui-nous-honorent\" target=\"_blank\" rel=\"noopener noreferrer\">Femmes et militaires : Ces tunisiennes qui nous honorent<\/a><\/li>\n<li><a href=\"https:\/\/www.leaders.com.tn\/article\/17217-ces-femmes-pilotes-de-l-armee-tunisienne\" target=\"_blank\" rel=\"noopener noreferrer\">Qui sont ces femmes pilotes de chasse de l&rsquo;arm\u00e9e tunisienne<\/a><\/li>\n<li><a href=\"https:\/\/www.leaders.com.tn\/article\/19544-arret-sur-image\" target=\"_blank\" rel=\"noopener noreferrer\">Profession : D\u00e9mineur, une grande comp\u00e9tence de l\u2019arm\u00e9e tunisienne<\/a><\/li>\n<li><a href=\"https:\/\/www.leaders.com.tn\/article\/19058-regiment-d-honneur-un-ceremonial-militaire-fastueux\" target=\"_blank\" rel=\"noopener noreferrer\">R\u00e9giment d\u2019honneur: Un c\u00e9r\u00e9monial militaire fastueux (Vid\u00e9o)<\/a><\/li>\n<li><a href=\"https:\/\/www.leaders.com.tn\/article\/19092-la-cavalerie-du-regiment-d-honneur-de-l-armee-nationale\" target=\"_blank\" rel=\"noopener noreferrer\">La cavalerie du r\u00e9giment d\u2019honneur de l\u2019arm\u00e9e nationale (Vid\u00e9o)<\/a><\/li>\n<li><a href=\"https:\/\/www.leaders.com.tn\/article\/19082-en-premiere-ligne-sur-la-frontiere-tuniso-libyenne-comment-la-tunisie-se-protege-contre-le-terrorisme-et-la-contrebande-video\" target=\"_blank\" rel=\"noopener noreferrer\">En premi\u00e8re ligne sur la fronti\u00e8re tuniso-libyenne : comment la Tunisie se prot\u00e8ge contre le terrorisme et la contrebande (Vid\u00e9o)<\/a><\/li>\n<li><a href=\"https:\/\/www.leaders.com.tn\/article\/16554-reflexions-sur-l-armee-de-2030-menaces-missions-doctrine-les-exigences-techniques-de-la-defense\" target=\"_blank\" rel=\"noopener noreferrer\">R\u00e9flexions sur l\u2019arm\u00e9e de 2030: Menaces, missions, doctrine &#8211; Les exigences techniques de la d\u00e9fense<\/a><\/li>\n<li><a href=\"https:\/\/www.leaders.com.tn\/article\/19517-la-nation-et-ses-militaires\" target=\"_blank\" rel=\"noopener noreferrer\">La nation et ses militaires<\/a><\/li>\n<li><a href=\"https:\/\/www.leaders.com.tn\/article\/20014-l-elite-militaire-tunisienne-existe-t-elle\" target=\"_blank\" rel=\"noopener noreferrer\">L\u2019\u00e9lite militaire tunisienne existe-t-elle?<\/a><\/li>\n<li><a href=\"https:\/\/www.leaders.com.tn\/article\/17705-rym-equipements-et-logistique-elle-assure\" target=\"_blank\" rel=\"noopener noreferrer\">Rym: enseigne de vaisseau 1\u00e8re classe<\/a><\/li>\n<li><a href=\"https:\/\/www.leaders.com.tn\/article\/17700-siwar-une-femme-de-poigne\" target=\"_blank\" rel=\"noopener noreferrer\">Siwar, Commandante de patrouilleur : Une femme de poigne<\/a><\/li>\n<li><a href=\"https:\/\/www.leaders.com.tn\/article\/17722-randa-le-transport-doit-assurer\" target=\"_blank\" rel=\"noopener noreferrer\">Randa, commandante de compagnie \u00e0 la garnison de Tunis<\/a><\/li>\n<\/ul>\n<p>\u00a0<\/p>\n<p>Auteur:<br \/>\n<a href=\"https:\/\/www.leaders.com.tn\/article\/27356-tunisie-l-armee-nationale-a-63-ans\">Cliquez ici pour lire l&rsquo;article depuis sa source.<\/a><\/p>\n","protected":false},"excerpt":{"rendered":"<p>L\u2019arm\u00e9e nationale c\u00e9l\u00e8bre ce lundi 24 juin le 63e anniversaire de sa cr\u00e9ation. Nous vous proposons ces quelques r\u00e9flexions sur le pr\u00e9sent et le devenir de notre arm\u00e9e tir\u00e9es des livres \u00ab\u00a0Quelles r\u00e9formes pour l&rsquo;\u00e8re d\u00e9mocratique\u00ab\u00a0, Invincible Tunisie\u00a0\u00bb et \u00ab\u00a0Regim Maatoug\u00ab\u00a0, publi\u00e9s par Leaders Editions. Disponibles chez votre libraire ou aupr\u00e8s de Leaders: Tel 71 [&hellip;]<\/p>\n","protected":false},"author":1772,"featured_media":0,"comment_status":"closed","ping_status":"closed","sticky":false,"template":"","format":"standard","meta":{"fifu_image_url":"","fifu_image_alt":"","footnotes":""},"categories":[73,55],"tags":[],"class_list":["post-42387","post","type-post","status-publish","format-standard","hentry","category-actualite","category-tunisie"],"_links":{"self":[{"href":"https:\/\/linitiative.ca\/International\/wp-json\/wp\/v2\/posts\/42387","targetHints":{"allow":["GET"]}}],"collection":[{"href":"https:\/\/linitiative.ca\/International\/wp-json\/wp\/v2\/posts"}],"about":[{"href":"https:\/\/linitiative.ca\/International\/wp-json\/wp\/v2\/types\/post"}],"author":[{"embeddable":true,"href":"https:\/\/linitiative.ca\/International\/wp-json\/wp\/v2\/users\/1772"}],"replies":[{"embeddable":true,"href":"https:\/\/linitiative.ca\/International\/wp-json\/wp\/v2\/comments?post=42387"}],"version-history":[{"count":0,"href":"https:\/\/linitiative.ca\/International\/wp-json\/wp\/v2\/posts\/42387\/revisions"}],"wp:attachment":[{"href":"https:\/\/linitiative.ca\/International\/wp-json\/wp\/v2\/media?parent=42387"}],"wp:term":[{"taxonomy":"category","embeddable":true,"href":"https:\/\/linitiative.ca\/International\/wp-json\/wp\/v2\/categories?post=42387"},{"taxonomy":"post_tag","embeddable":true,"href":"https:\/\/linitiative.ca\/International\/wp-json\/wp\/v2\/tags?post=42387"}],"curies":[{"name":"wp","href":"https:\/\/api.w.org\/{rel}","templated":true}]}}