{"id":42390,"date":"2019-06-24T13:24:00","date_gmt":"2019-06-24T17:24:00","guid":{"rendered":"https:\/\/linitiative.ca\/International\/forces-speciales-tunisiennes-la-haute-performance-et-lexploit-edifiant-photos-et-video\/"},"modified":"2019-06-24T13:24:00","modified_gmt":"2019-06-24T17:24:00","slug":"forces-speciales-tunisiennes-la-haute-performance-et-lexploit-edifiant-photos-et-video","status":"publish","type":"post","link":"https:\/\/linitiative.ca\/International\/forces-speciales-tunisiennes-la-haute-performance-et-lexploit-edifiant-photos-et-video\/","title":{"rendered":"Forces sp\u00e9ciales tunisiennes: la haute performance et l\u2019exploit \u00e9difiant (Photos et Vid\u00e9o)"},"content":{"rendered":"<p>Corps d\u2019\u00e9lite regroupant les combattants les plus dou\u00e9s et les plus motiv\u00e9s, jouissant d\u2019une formation de tr\u00e8s haut niveau et d\u2019\u00e9quipement de technologies avanc\u00e9es, le Groupement des Forces sp\u00e9ciales constituent une fiert\u00e9 tunisienne.<\/p>\n<div class=\"c2\"><img loading=\"lazy\" decoding=\"async\" src=\"\/uploads\/FCK_files\/5%20fevrier(3).jpg\" alt=\"\" width=\"700\" vspace=\"5\" hspace=\"5\" height=\"427\" align=\"middle\"\/><\/div>\n<p>Nuit et jours \u00e0 la traque des terroristes, dans les endroits les plus recul\u00e9s et les plus imp\u00e9n\u00e9trables, pr\u00eats \u00e0 intervenir pour lib\u00e9rer des otages, exfiltrer des personnalit\u00e9s, assurer la protection d\u2019institutions et de personnalit\u00e9s, ses \u00e9l\u00e9ments s\u2019engagent avec enthousiasme et patriotisme, dans la discr\u00e9tion le plus absolue. Constamment \u00e0 l\u2019appui des forces arm\u00e9es et de s\u00e9curit\u00e9 int\u00e9rieure.<\/p>\n<div class=\"c2\"><img loading=\"lazy\" decoding=\"async\" src=\"\/uploads\/FCK_files\/7(10).jpg\" alt=\"\" width=\"700\" vspace=\"5\" hspace=\"5\" height=\"467\" align=\"middle\"\/><\/div>\n<p>Les Forces sp\u00e9ciales sont celles que redoutent le plus les ennemis de la Nation.<\/p>\n<p class=\"c3\"><iframe loading=\"lazy\" src=\"https:\/\/www.youtube.com\/embed\/RFUgB-8Aklo\" allow=\"accelerometer; autoplay; encrypted-media; gyroscope; picture-in-picture\" allowfullscreen=\"\" width=\"560\" height=\"315\" frameborder=\"0\">[embedded content]<\/iframe><\/p>\n<p>Ce corps, le plus expos\u00e9 aux risques et dangers est celui qui a le plus pay\u00e9 le prix de notre s\u00e9curit\u00e9: 18 martyrs et 74 bless\u00e9s. Honorer leur m\u00e9moire fait de leur devise \u00ab Vaincre ou tomber en martyr \u00bb plus qu\u2019un devoir, un engagement.<\/p>\n<div class=\"c2\"><img loading=\"lazy\" decoding=\"async\" src=\"\/uploads\/FCK_files\/3(36).jpg\" alt=\"\" width=\"700\" vspace=\"5\" hspace=\"5\" height=\"492\" align=\"middle\"\/><\/div>\n<p>A l\u2019occasion du 63\u00e8me anniversaire, ce 24 juin 2019, de la constitution de l\u2019Arm\u00e9e nationale tunisienne, Leaders, en grande exclusivit\u00e9, consacre au Groupement des Forces sp\u00e9ciales, une s\u00e9rie de reportages vid\u00e9o ainsi qu\u2019un dossier sp\u00e9cial \u00e0 para\u00eetre dans le prochain num\u00e9ro de Leaders Magazine (Juillet 2019). Honneur \u00e0 nos martyrs, Gloire \u00e0 notre Arm\u00e9e.<\/p>\n<div class=\"c2\"><img loading=\"lazy\" decoding=\"async\" src=\"\/uploads\/FCK_files\/6(11).jpg\" alt=\"\" width=\"700\" vspace=\"5\" hspace=\"5\" height=\"465\" align=\"middle\"\/><\/div>\n<p>Auteur:<br \/>\n<a href=\"https:\/\/www.leaders.com.tn\/article\/27358-forces-speciales-tunisiennes-la-haute-performance-et-l-exploit-edifiant-video\">Cliquez ici pour lire l&rsquo;article depuis sa source.<\/a><\/p>\n","protected":false},"excerpt":{"rendered":"<p>Corps d\u2019\u00e9lite regroupant les combattants les plus dou\u00e9s et les plus motiv\u00e9s, jouissant d\u2019une formation de tr\u00e8s haut niveau et d\u2019\u00e9quipement de technologies avanc\u00e9es, le Groupement des Forces sp\u00e9ciales constituent une fiert\u00e9 tunisienne. Nuit et jours \u00e0 la traque des terroristes, dans les endroits les plus recul\u00e9s et les plus imp\u00e9n\u00e9trables, pr\u00eats \u00e0 intervenir pour [&hellip;]<\/p>\n","protected":false},"author":1772,"featured_media":42391,"comment_status":"closed","ping_status":"closed","sticky":false,"template":"","format":"standard","meta":{"fifu_image_url":"","fifu_image_alt":"","footnotes":""},"categories":[73,55],"tags":[],"class_list":["post-42390","post","type-post","status-publish","format-standard","has-post-thumbnail","hentry","category-actualite","category-tunisie"],"_links":{"self":[{"href":"https:\/\/linitiative.ca\/International\/wp-json\/wp\/v2\/posts\/42390","targetHints":{"allow":["GET"]}}],"collection":[{"href":"https:\/\/linitiative.ca\/International\/wp-json\/wp\/v2\/posts"}],"about":[{"href":"https:\/\/linitiative.ca\/International\/wp-json\/wp\/v2\/types\/post"}],"author":[{"embeddable":true,"href":"https:\/\/linitiative.ca\/International\/wp-json\/wp\/v2\/users\/1772"}],"replies":[{"embeddable":true,"href":"https:\/\/linitiative.ca\/International\/wp-json\/wp\/v2\/comments?post=42390"}],"version-history":[{"count":0,"href":"https:\/\/linitiative.ca\/International\/wp-json\/wp\/v2\/posts\/42390\/revisions"}],"wp:featuredmedia":[{"embeddable":true,"href":"https:\/\/linitiative.ca\/International\/wp-json\/"}],"wp:attachment":[{"href":"https:\/\/linitiative.ca\/International\/wp-json\/wp\/v2\/media?parent=42390"}],"wp:term":[{"taxonomy":"category","embeddable":true,"href":"https:\/\/linitiative.ca\/International\/wp-json\/wp\/v2\/categories?post=42390"},{"taxonomy":"post_tag","embeddable":true,"href":"https:\/\/linitiative.ca\/International\/wp-json\/wp\/v2\/tags?post=42390"}],"curies":[{"name":"wp","href":"https:\/\/api.w.org\/{rel}","templated":true}]}}