{"id":42392,"date":"2019-06-24T14:01:00","date_gmt":"2019-06-24T18:01:00","guid":{"rendered":"https:\/\/linitiative.ca\/International\/nord-ouest-tunisien-canada-des-projets-en-perspective-pour-la-promotion-des-communes-forestieres\/"},"modified":"2019-06-24T14:01:00","modified_gmt":"2019-06-24T18:01:00","slug":"nord-ouest-tunisien-canada-des-projets-en-perspective-pour-la-promotion-des-communes-forestieres","status":"publish","type":"post","link":"https:\/\/linitiative.ca\/International\/nord-ouest-tunisien-canada-des-projets-en-perspective-pour-la-promotion-des-communes-forestieres\/","title":{"rendered":"Nord-ouest tunisien \u2013 Canada : des projets en perspective pour la promotion des communes foresti\u00e8res"},"content":{"rendered":"<p>Sous le th\u00e8me : D\u00e9veloppement des communes foresti\u00e8res du Nord-ouest, un s\u00e9minaire d\u2019\u00e9change aura lieu le 27 Juin 2019, dont le principal objectif est d\u2019identifier des moyens concrets et p\u00e9rennes pour le d\u00e9veloppement de ces communes. L\u2019atelier s\u2019inscrit dans la cadre de la deuxi\u00e8me \u00e9dition de la semaine foresti\u00e8re Tuniso-canadienne.<\/p>\n<p>L\u2019atelier est organis\u00e9 par l\u2019association tunisienne des eaux et des for\u00eats (ATEF) en collaboration avec le bureau international du travail(BIT) et l\u2019union europ\u00e9enne(UE), sous la tutelle du minist\u00e8re des affaires locales et de l\u2019environnement(MALE) et l\u2019instance de prospective et d\u2019accompagnement du processus de d\u00e9centralisation(IPAPD), l\u2019atelier accueillera \u00e9galement son excellence madame l\u2019ambassadrice du Canada, en Tunisie.<\/p>\n<p>Le minist\u00e8re des affaires locales et de l\u2019environnement, l\u2019instance de prospective et d\u2019accompagnement du processus de d\u00e9centralisation en collaboration avec le projet IPDLI, financ\u00e9 par l\u2019Union Europ\u00e9enne et mis en \u0153uvre par le BIT, a lanc\u00e9 un programme sp\u00e9cifique visant \u00e0 accompagner les 86 nouvelles communes. Le programme s\u2019est bas\u00e9 sur deux axes:<\/p>\n<ul>\n<li>La collecte et production des donn\u00e9es statistiques avec un visa du conseil national des statistiques, l\u2019INS et le minist\u00e8re du d\u00e9veloppement, le l\u2019investissement et de la coop\u00e9ration internationale, et une cartographie de l\u2019ensemble des \u00e9tablissements priv\u00e9s, \u00e9tatiques, publiques, sociaux \u2026<\/li>\n<li>L\u2019accompagnement de ces 86 nouvelles communes dans l\u2019\u00e9laboration de leurs programmes d\u2019investissement sur 3 ans.<\/li>\n<\/ul>\n<p>Dans la continuit\u00e9 de ce travail, ce s\u00e9minaire, se veut l\u2019occasion de discuter le potentiel des communes foresti\u00e8res et de d\u00e9finir un plan d\u2019actions concr\u00e8tes pour leur d\u00e9veloppement, en concertation avec les pr\u00e9sidents de ces communes, les minist\u00e8res de l\u2019agriculture, le minist\u00e8re des affaires locales et de l\u2019environnement, l\u2019ambassade du Canada en Tunisie, et tous les acteurs du d\u00e9veloppement et partenaires techniques et administratifs.<br \/>\u00a0<\/p>\n<p>Auteur:<br \/>\n<a href=\"https:\/\/www.leaders.com.tn\/article\/27359-nord-ouest-tunisien-canada-des-projets-en-perspective-pour-la-promotion-des-communes-forestieres\">Cliquez ici pour lire l&rsquo;article depuis sa source.<\/a><\/p>\n","protected":false},"excerpt":{"rendered":"<p>Sous le th\u00e8me : D\u00e9veloppement des communes foresti\u00e8res du Nord-ouest, un s\u00e9minaire d\u2019\u00e9change aura lieu le 27 Juin 2019, dont le principal objectif est d\u2019identifier des moyens concrets et p\u00e9rennes pour le d\u00e9veloppement de ces communes. L\u2019atelier s\u2019inscrit dans la cadre de la deuxi\u00e8me \u00e9dition de la semaine foresti\u00e8re Tuniso-canadienne. L\u2019atelier est organis\u00e9 par l\u2019association [&hellip;]<\/p>\n","protected":false},"author":1772,"featured_media":0,"comment_status":"closed","ping_status":"closed","sticky":false,"template":"","format":"standard","meta":{"fifu_image_url":"","fifu_image_alt":"","footnotes":""},"categories":[73,55],"tags":[],"class_list":["post-42392","post","type-post","status-publish","format-standard","hentry","category-actualite","category-tunisie"],"_links":{"self":[{"href":"https:\/\/linitiative.ca\/International\/wp-json\/wp\/v2\/posts\/42392","targetHints":{"allow":["GET"]}}],"collection":[{"href":"https:\/\/linitiative.ca\/International\/wp-json\/wp\/v2\/posts"}],"about":[{"href":"https:\/\/linitiative.ca\/International\/wp-json\/wp\/v2\/types\/post"}],"author":[{"embeddable":true,"href":"https:\/\/linitiative.ca\/International\/wp-json\/wp\/v2\/users\/1772"}],"replies":[{"embeddable":true,"href":"https:\/\/linitiative.ca\/International\/wp-json\/wp\/v2\/comments?post=42392"}],"version-history":[{"count":0,"href":"https:\/\/linitiative.ca\/International\/wp-json\/wp\/v2\/posts\/42392\/revisions"}],"wp:attachment":[{"href":"https:\/\/linitiative.ca\/International\/wp-json\/wp\/v2\/media?parent=42392"}],"wp:term":[{"taxonomy":"category","embeddable":true,"href":"https:\/\/linitiative.ca\/International\/wp-json\/wp\/v2\/categories?post=42392"},{"taxonomy":"post_tag","embeddable":true,"href":"https:\/\/linitiative.ca\/International\/wp-json\/wp\/v2\/tags?post=42392"}],"curies":[{"name":"wp","href":"https:\/\/api.w.org\/{rel}","templated":true}]}}