{"id":42397,"date":"2019-06-24T06:00:00","date_gmt":"2019-06-24T10:00:00","guid":{"rendered":"https:\/\/linitiative.ca\/International\/aubergines-en-tartines\/"},"modified":"2019-06-24T06:00:00","modified_gmt":"2019-06-24T10:00:00","slug":"aubergines-en-tartines","status":"publish","type":"post","link":"https:\/\/linitiative.ca\/International\/aubergines-en-tartines\/","title":{"rendered":"Aubergines en tartines"},"content":{"rendered":"<p><a href=\"\/profil\/hakim-laalam\"\/><\/p>\n<p class=\"type-text\">Pousse avec eux<\/p>\n<p class=\"author-date\"><a href=\"\/profil\/hakim-laalam\"><strong>Hakim La\u00e2lam<\/strong><\/a> &#8211; 24\/06\/2019<\/p>\n<p><a href=\"\/pousse-avec-eux\/qui-a-demande-a-la-potiche-de-parler-25894\"\/><\/p>\n<p class=\"title-text\">Qui a demand\u00e9 \u00e0 la potiche de parler ?<\/p>\n<p><a href=\"\/pousse-avec-eux\/qui-a-demande-a-la-potiche-de-parler-25894\"\/><\/p>\n<p class=\"paragraph\">\u00c7a fait peur ! Et si \u00e7a ne vous fait pas peur, \u00e7a devrait, pourtant. Un jour, un ministre d\u2019un gouvernement \u00e0 qui l\u2019on a assign\u00e9 la mission, la seule mission de faire potiche au coin d\u2019une pi\u00e8ce non \u00e9clair\u00e9e se r\u00e9veille pourtant bruyamment, s\u2019\u00e9tire les membres, se racle la gorge, puis l\u00e2che \u00e0 la cantonade endormie : \u00ab Wallah que je r\u00e9fl\u00e9chis s\u00e9rieusement \u00e0 supprimer<\/p>\n<p>Auteur:<br \/>\n<a href=\"https:\/\/www.lesoirdalgerie.com\/femme-magazine\/aubergines-en-tartines-25888\">Cliquez ici pour lire l&rsquo;article depuis sa source.<\/a><\/p>\n","protected":false},"excerpt":{"rendered":"<p>Pousse avec eux Hakim La\u00e2lam &#8211; 24\/06\/2019 Qui a demand\u00e9 \u00e0 la potiche de parler ? \u00c7a fait peur ! Et si \u00e7a ne vous fait pas peur, \u00e7a devrait, pourtant. Un jour, un ministre d\u2019un gouvernement \u00e0 qui l\u2019on a assign\u00e9 la mission, la seule mission de faire potiche au coin d\u2019une pi\u00e8ce non [&hellip;]<\/p>\n","protected":false},"author":1741,"featured_media":0,"comment_status":"closed","ping_status":"closed","sticky":false,"template":"","format":"standard","meta":{"fifu_image_url":"","fifu_image_alt":"","footnotes":""},"categories":[73,53],"tags":[],"class_list":["post-42397","post","type-post","status-publish","format-standard","hentry","category-actualite","category-algerie"],"_links":{"self":[{"href":"https:\/\/linitiative.ca\/International\/wp-json\/wp\/v2\/posts\/42397","targetHints":{"allow":["GET"]}}],"collection":[{"href":"https:\/\/linitiative.ca\/International\/wp-json\/wp\/v2\/posts"}],"about":[{"href":"https:\/\/linitiative.ca\/International\/wp-json\/wp\/v2\/types\/post"}],"author":[{"embeddable":true,"href":"https:\/\/linitiative.ca\/International\/wp-json\/wp\/v2\/users\/1741"}],"replies":[{"embeddable":true,"href":"https:\/\/linitiative.ca\/International\/wp-json\/wp\/v2\/comments?post=42397"}],"version-history":[{"count":0,"href":"https:\/\/linitiative.ca\/International\/wp-json\/wp\/v2\/posts\/42397\/revisions"}],"wp:attachment":[{"href":"https:\/\/linitiative.ca\/International\/wp-json\/wp\/v2\/media?parent=42397"}],"wp:term":[{"taxonomy":"category","embeddable":true,"href":"https:\/\/linitiative.ca\/International\/wp-json\/wp\/v2\/categories?post=42397"},{"taxonomy":"post_tag","embeddable":true,"href":"https:\/\/linitiative.ca\/International\/wp-json\/wp\/v2\/tags?post=42397"}],"curies":[{"name":"wp","href":"https:\/\/api.w.org\/{rel}","templated":true}]}}