{"id":42401,"date":"2019-06-24T06:19:02","date_gmt":"2019-06-24T10:19:02","guid":{"rendered":"https:\/\/linitiative.ca\/International\/can-2019-120-millions-de-dh-privent-les-marocains-des-matchs-des-lions-de-latlas\/"},"modified":"2019-06-24T06:19:02","modified_gmt":"2019-06-24T10:19:02","slug":"can-2019-120-millions-de-dh-privent-les-marocains-des-matchs-des-lions-de-latlas","status":"publish","type":"post","link":"https:\/\/linitiative.ca\/International\/can-2019-120-millions-de-dh-privent-les-marocains-des-matchs-des-lions-de-latlas\/","title":{"rendered":"CAN 2019 : 120 millions de DH privent les Marocains des matchs des Lions de l\u2019Atlas"},"content":{"rendered":"<p><strong>La Soci\u00e9t\u00e9 nationale de radio et de t\u00e9l\u00e9vision (SNRT) n\u2019a pas \u00e9t\u00e9 en mesure de conclure un accord avec la cha\u00eene sportive qatarienne BeINsports portant sur les droits de retransmission de la finale de la Coupe d\u2019Afrique des Nations qui se d\u00e9roule en Egypte du 21 juin au 19 juillet.<\/strong><\/p>\n<div class=\"c10\"\/>\n<p>La soci\u00e9t\u00e9 nationale, dirig\u00e9e par Fay\u00e7al La\u00e2ra\u00efchi, a cherch\u00e9, ces derni\u00e8res semaines, \u00e0 trouver une solution permettant de transf\u00e9rer les \u00e9v\u00e9nements de la CAN 2019 en soumettant une demande au Qatari Information Group pour r\u00e9duire le montant des subventions accord\u00e9es pour les droits de diffusion qui a \u00e9t\u00e9 multipli\u00e9 par BeINsports plus de 20 fois.<\/p>\n<p>La cha\u00eene qatarienne a demand\u00e9 au Maroc de fournir 12 milliards de centimes pour les droits de diffusions de la coupe africaine, un montant que les sources responsables de SNRT ont qualifi\u00e9 de \u00ab\u00a0trop\u00a0\u00bb.<\/p>\n<blockquote class=\"twitter-tweet\" data-width=\"550\" data-dnt=\"true\">\n<p lang=\"fr\" dir=\"ltr\">N\u00e9gociations non abouties entre la <a href=\"https:\/\/twitter.com\/hashtag\/la?src=hash&#038;ref_src=twsrc%5Etfw\">#la<\/a> SNRT et <a href=\"https:\/\/twitter.com\/hashtag\/BeINsports?src=hash&#038;ref_src=twsrc%5Etfw\">#BeINsports<\/a> sur les droits de diffusion de la <a href=\"https:\/\/twitter.com\/hashtag\/CAN2019?src=hash&#038;ref_src=twsrc%5Etfw\">#CAN2019<\/a>\u00a0. BeIN a exig\u00e9 12 M$ pour une diffusion terrestre de 12 rencontres, soit 1 M$ par rencontre. Le prix de ses droits en Afrique sont de l\u2019ordre de 250 K$ par diffuseur.<a href=\"https:\/\/twitter.com\/hashtag\/CAF?src=hash&#038;ref_src=twsrc%5Etfw\">#CAF<\/a> <a href=\"https:\/\/t.co\/Scr6fY9pF2\">pic.twitter.com\/Scr6fY9pF2<\/a><\/p>\n<p>\u2014 Arryadia TV officiel (@arryadiatv) <a href=\"https:\/\/twitter.com\/arryadiatv\/status\/1142583924733960192?ref_src=twsrc%5Etfw\">June 23, 2019<\/a><\/p>\n<\/blockquote>\n<p>Les sources m\u00eames ont ajout\u00e9 que \u00ab\u00a0la compagnie nationale avait pr\u00e9c\u00e9demment conclu un accord semi-provisoire pr\u00e9voyant le transfert du premier tour de la Coupe d\u2019Afrique des Nations en Egypte en format de diffusion terrestre. Avant d\u2019\u00eatre surpris de hausser la valeur d\u2019un missile\u00a0\u00bb, notant que \u00ab\u00a0ce n\u2019est pas la premi\u00e8re fois que BeINsports a adopt\u00e9 une mesure aussi contraignante pour d\u00e9courager toutes les cha\u00eenes arabes de ne pas entamer de n\u00e9gociations en vue d\u2019acqu\u00e9rir les droits de radiodiffusion et d\u2019\u00eatre ainsi seule dans le transfert des matches de la Coupe d\u2019Afrique des Nations.<\/p>\n<p>Selon Arryadia, le pr\u00e9sident de la Conf\u00e9d\u00e9ration africaine de football (CAF) Ahmad Ahmad avait promis \u00ab de rendre les droits de diffusion plus accessibles aux pays africains, ceux du Maghreb en particulier \u00bb, et d\u2019ajouter que les droits de diffusion sont de l\u2019ordre de 250.000\u00a0dollars par diffuseur.<\/p>\n<blockquote class=\"twitter-tweet\" data-width=\"550\" data-dnt=\"true\">\n<p lang=\"ar\" dir=\"rtl\">\u0644\u0644\u0623\u0633\u0641 \u0644\u0645 \u062a\u062d\u0635\u0644 \u0627\u0644\u062a\u0644\u0641\u0632\u064a\u0648\u0646\u0627\u062a \u0627\u0644\u0648\u0637\u0646\u064a\u0629 \u0627\u0644\u0645\u063a\u0627\u0631\u0628\u064a\u0629 \u0639\u0644\u0649 \u0623\u064a \u062f\u0639\u0645 \u0645\u0646 \u0623\u062c\u0644 \u062a\u062d\u062f\u064a\u062f \u0633\u0642\u0641 \u0644\u0625\u0642\u062a\u0646\u0627\u0621 \u062d\u0642\u0648\u0642 \u0628\u062b \u0645\u0646\u0627\u0641\u0633\u0627\u062a <a href=\"https:\/\/twitter.com\/hashtag\/%D9%83%D8%A3%D8%B3_%D8%A7%D9%85%D9%85_%D8%A7%D9%81%D8%B1%D9%8A%D9%82%D9%8A%D8%A7_2019?src=hash&#038;ref_src=twsrc%5Etfw\">#\u0643\u0623\u0633_\u0627\u0645\u0645_\u0627\u0641\u0631\u064a\u0642\u064a\u0627_2019<\/a> \u0639\u0644\u0645\u0627 \u0623\u0646 \u0631\u0626\u064a\u0633 \u0627\u0644\u0643\u0627\u0641 \u0643\u0627\u0646 \u0642\u0637\u0639 \u0639\u0644\u0649 \u0646\u0641\u0633\u0647 \u0648\u0639\u062f\u0627 \u0628\u0625\u0639\u0627\u062f\u0629 \u0627\u0644\u0646\u0638\u0631 \u0641\u064a \u0627\u0644\u0645\u0633\u0623\u0644\u0629 \u0641\u0648\u0631 \u0625\u0646\u062a\u062e\u0627\u0628\u0647.\u0627\u0644\u062d\u0642\u0648\u0642 \u0639\u0631\u0636\u062a \u0645\u0642\u0627\u0628\u0644 12 \u0645\u0644\u064a\u0648\u0646 \u062f\u0648\u0644\u0627\u0631 \u0644\u0644\u0628\u0644\u062f \u0627\u0644\u0648\u0627\u062d\u062f \u062f\u0648\u0646 \u0623\u0646 \u062a\u062d\u0631\u0643 \u0627\u0644\u0643\u0627\u0641 \u0633\u0627\u0643\u0646\u0627<a href=\"https:\/\/twitter.com\/caf_online_AR?ref_src=twsrc%5Etfw\">@caf_online_AR<\/a> <a href=\"https:\/\/t.co\/fie8pzOEz1\">pic.twitter.com\/fie8pzOEz1<\/a><\/p>\n<p>\u2014 Arryadia TV officiel (@arryadiatv) <a href=\"https:\/\/twitter.com\/arryadiatv\/status\/1142604876305842177?ref_src=twsrc%5Etfw\">June 23, 2019<\/a><\/p>\n<\/blockquote>\n<p>Par contre, il est \u00e0 noter que le S\u00e9n\u00e9gal a, quant \u00e0 lui, obtenu les droits de retransmission de la Coupe d\u2019Afrique des Nations gr\u00e2ce \u00e0 un accord d\u2019une valeur de 250.000 dollars, tandis que le transfert pr\u00e9voyait 17 millions de dollars pour la radiodiffusion en Alg\u00e9rie.<\/p>\n<div class=\"c17\">\n<fieldset class=\"c16\">\n<legend><strong><span class=\"c11\">Challenge<\/span><span class=\"c12\">news<\/span><\/strong><\/legend>\n<div class=\"c15\">Le meilleur de la r\u00e9daction s\u00e9lectionn\u00e9 par Challenge :<\/p>\n<\/div>\n<\/fieldset>\n<\/div>\n<p>Auteur: Hajar DARI<br \/>\n<a href=\"https:\/\/www.challenge.ma\/can-2019-120-millions-de-dh-privent-les-marocains-des-matchs-des-lions-de-latlas-111286\/\">Cliquez ici pour lire l&rsquo;article depuis sa source.<\/a><\/p>\n","protected":false},"excerpt":{"rendered":"<p>La Soci\u00e9t\u00e9 nationale de radio et de t\u00e9l\u00e9vision (SNRT) n\u2019a pas \u00e9t\u00e9 en mesure de conclure un accord avec la cha\u00eene sportive qatarienne BeINsports portant sur les droits de retransmission de la finale de la Coupe d\u2019Afrique des Nations qui se d\u00e9roule en Egypte du 21 juin au 19 juillet. La soci\u00e9t\u00e9 nationale, dirig\u00e9e par [&hellip;]<\/p>\n","protected":false},"author":1787,"featured_media":0,"comment_status":"closed","ping_status":"closed","sticky":false,"template":"","format":"standard","meta":{"fifu_image_url":"","fifu_image_alt":"","footnotes":""},"categories":[78,54],"tags":[],"class_list":["post-42401","post","type-post","status-publish","format-standard","hentry","category-economie","category-maroc"],"_links":{"self":[{"href":"https:\/\/linitiative.ca\/International\/wp-json\/wp\/v2\/posts\/42401","targetHints":{"allow":["GET"]}}],"collection":[{"href":"https:\/\/linitiative.ca\/International\/wp-json\/wp\/v2\/posts"}],"about":[{"href":"https:\/\/linitiative.ca\/International\/wp-json\/wp\/v2\/types\/post"}],"author":[{"embeddable":true,"href":"https:\/\/linitiative.ca\/International\/wp-json\/wp\/v2\/users\/1787"}],"replies":[{"embeddable":true,"href":"https:\/\/linitiative.ca\/International\/wp-json\/wp\/v2\/comments?post=42401"}],"version-history":[{"count":0,"href":"https:\/\/linitiative.ca\/International\/wp-json\/wp\/v2\/posts\/42401\/revisions"}],"wp:attachment":[{"href":"https:\/\/linitiative.ca\/International\/wp-json\/wp\/v2\/media?parent=42401"}],"wp:term":[{"taxonomy":"category","embeddable":true,"href":"https:\/\/linitiative.ca\/International\/wp-json\/wp\/v2\/categories?post=42401"},{"taxonomy":"post_tag","embeddable":true,"href":"https:\/\/linitiative.ca\/International\/wp-json\/wp\/v2\/tags?post=42401"}],"curies":[{"name":"wp","href":"https:\/\/api.w.org\/{rel}","templated":true}]}}