{"id":42402,"date":"2019-06-24T08:36:58","date_gmt":"2019-06-24T12:36:58","guid":{"rendered":"https:\/\/linitiative.ca\/International\/saham-vend-deux-autres-cliniques-a-oncorad\/"},"modified":"2019-06-24T08:36:58","modified_gmt":"2019-06-24T12:36:58","slug":"saham-vend-deux-autres-cliniques-a-oncorad","status":"publish","type":"post","link":"https:\/\/linitiative.ca\/International\/saham-vend-deux-autres-cliniques-a-oncorad\/","title":{"rendered":"Saham vend deux autres cliniques \u00e0 Oncorad"},"content":{"rendered":"<p class=\"p1\"><strong>Quelques semaines \u00e0 peine apr\u00e8s avoir ouvert son tour de table au fonds d\u2019investissement Cap Mezzanine II SCR, le groupe de cliniques priv\u00e9es Oncorad met main basse sur deux nouveaux \u00e9tablissements dans le cadre d\u2019une op\u00e9ration de croissance externe.<\/strong><\/p>\n<div class=\"c10\"\/>\n<p class=\"p1\">L\u2019acquisition qui a co\u00fbt\u00e9 un peu moins que 100 millions de DH, vient ponctuer un processus de n\u00e9gociations qui a dur\u00e9 pr\u00e8s d\u2019un an avec le vendeur qui n\u2019est autre que Meden Healthcare, le p\u00f4le hospitalier de <strong>Saham<\/strong> qui parach\u00e8ve ainsi ou presque son d\u00e9mant\u00e8lement initi\u00e9 en fin 2017. Elle porte sur la Clinique d\u2019Oncologie de Tanger, \u00e9tablissement ouvert en 2013 et op\u00e9rant en plein c\u0153ur de m\u00e9tier du groupe Oncorad et sur la clinique Yasmine \u00e0 Casablanca, qui est plut\u00f4t un \u00e9tablissement de chirurgie g\u00e9n\u00e9raliste (chirurgie g\u00e9n\u00e9rale, visc\u00e9rale et digestive ainsi que la chirurgie traumatologique et orthop\u00e9dique).<\/p>\n<p>Lire aussi :<a href=\"https:\/\/www.challenge.ma\/oncologie-cdg-private-equity-dans-le-tour-de-table-doncorad-108060\/\" target=\"_blank\" rel=\"noopener noreferrer\">Oncologie : CDG Private Equity dans le tour de table d\u2019Oncorad<\/a><\/p>\n<p class=\"p2\">Oncorad, qui a amorc\u00e9 en 2016 son d\u00e9veloppement en dehors de Casablanca en inaugurant le Centre d\u2019Oncologie de Majorelle \u00e0 Marrakech en partenariat avec des m\u00e9decins locaux, \u00e9largit ainsi sa couverture g\u00e9ographique \u00e0 Tanger (ville o\u00f9 il \u00e9tait encore absent) et renforce au passage sa pr\u00e9sence historique \u00e0 Casablanca d\u2019o\u00f9 l\u2019aventure a d\u00e9marr\u00e9 en 1999 avec la clinique Le Littoral \u00e0 l\u2019initiative des deux fondateurs, Pr. Redouane Samlali et Dr. Omar Hajji.<\/p>\n<p class=\"p2\">Les 50 millions de dirhams r\u00e9cemment lev\u00e9s par ce groupe orient\u00e9 oncologie auront donc \u00e9t\u00e9 d\u00e9ploy\u00e9s sans trop tarder ! Il faut dire que le v\u00e9hicule g\u00e9r\u00e9 par CDG Capital Private Equity (le bras arm\u00e9 du groupe CDG dans les m\u00e9tiers du capital investissement) est venu sp\u00e9cialement pour financer cette croissance externe qui propulse le groupe Oncorad au coude-\u00e0-coude avec ODM (Oncologie du Maroc) dans le classement des groupes de sant\u00e9 priv\u00e9s au Maroc. Ce dernier qui est pr\u00e9sent \u00e0 Casablanca, Oujda, Marrakech et Rabat (et qui dispose de deux projets en cours \u00e0 F\u00e8s et \u00e0 Tanger), compte \u00e0 son tour un fonds d\u2019investissement britannique dans son actionnariat et a lui aussi rachet\u00e9 des actifs aupr\u00e8s du groupe Saham (deux centres de radiologie). Un match \u00e0 suivre de pr\u00e8s.<\/p>\n<div class=\"c17\">\n<fieldset class=\"c16\">\n<legend><strong><span class=\"c11\">Challenge<\/span><span class=\"c12\">news<\/span><\/strong><\/legend>\n<div class=\"c15\">Le meilleur de la r\u00e9daction s\u00e9lectionn\u00e9 par Challenge :<\/p>\n<\/div>\n<\/fieldset>\n<\/div>\n<p>Auteur: challenge<br \/>\n<a href=\"https:\/\/www.challenge.ma\/saham-vend-deux-autres-cliniques-a-oncorad-111311\/\">Cliquez ici pour lire l&rsquo;article depuis sa source.<\/a><\/p>\n","protected":false},"excerpt":{"rendered":"<p>Quelques semaines \u00e0 peine apr\u00e8s avoir ouvert son tour de table au fonds d\u2019investissement Cap Mezzanine II SCR, le groupe de cliniques priv\u00e9es Oncorad met main basse sur deux nouveaux \u00e9tablissements dans le cadre d\u2019une op\u00e9ration de croissance externe. L\u2019acquisition qui a co\u00fbt\u00e9 un peu moins que 100 millions de DH, vient ponctuer un processus [&hellip;]<\/p>\n","protected":false},"author":1787,"featured_media":0,"comment_status":"closed","ping_status":"closed","sticky":false,"template":"","format":"standard","meta":{"fifu_image_url":"","fifu_image_alt":"","footnotes":""},"categories":[78,54],"tags":[],"class_list":["post-42402","post","type-post","status-publish","format-standard","hentry","category-economie","category-maroc"],"_links":{"self":[{"href":"https:\/\/linitiative.ca\/International\/wp-json\/wp\/v2\/posts\/42402","targetHints":{"allow":["GET"]}}],"collection":[{"href":"https:\/\/linitiative.ca\/International\/wp-json\/wp\/v2\/posts"}],"about":[{"href":"https:\/\/linitiative.ca\/International\/wp-json\/wp\/v2\/types\/post"}],"author":[{"embeddable":true,"href":"https:\/\/linitiative.ca\/International\/wp-json\/wp\/v2\/users\/1787"}],"replies":[{"embeddable":true,"href":"https:\/\/linitiative.ca\/International\/wp-json\/wp\/v2\/comments?post=42402"}],"version-history":[{"count":0,"href":"https:\/\/linitiative.ca\/International\/wp-json\/wp\/v2\/posts\/42402\/revisions"}],"wp:attachment":[{"href":"https:\/\/linitiative.ca\/International\/wp-json\/wp\/v2\/media?parent=42402"}],"wp:term":[{"taxonomy":"category","embeddable":true,"href":"https:\/\/linitiative.ca\/International\/wp-json\/wp\/v2\/categories?post=42402"},{"taxonomy":"post_tag","embeddable":true,"href":"https:\/\/linitiative.ca\/International\/wp-json\/wp\/v2\/tags?post=42402"}],"curies":[{"name":"wp","href":"https:\/\/api.w.org\/{rel}","templated":true}]}}