{"id":42403,"date":"2019-06-24T09:25:48","date_gmt":"2019-06-24T13:25:48","guid":{"rendered":"https:\/\/linitiative.ca\/International\/il-fait-lactu-abdelkader-amara-ministre-de-lequipement-du-transport-de-la-logistique-et-de-leau\/"},"modified":"2019-06-24T09:25:48","modified_gmt":"2019-06-24T13:25:48","slug":"il-fait-lactu-abdelkader-amara-ministre-de-lequipement-du-transport-de-la-logistique-et-de-leau","status":"publish","type":"post","link":"https:\/\/linitiative.ca\/International\/il-fait-lactu-abdelkader-amara-ministre-de-lequipement-du-transport-de-la-logistique-et-de-leau\/","title":{"rendered":"Il fait l\u2019actu : Abdelkader Amara, ministre de l\u2019Equipement, du transport, de la Logistique et de l\u2019Eau"},"content":{"rendered":"<p><strong>Le ministre de l\u2019Equipement, du transport, de la Logistique et de l\u2019Eau, Abdelkader Amara, a entam\u00e9 lundi une visite de travail d\u2019une semaine aux Etats-Unis, ax\u00e9e sur le d\u00e9veloppement de la coop\u00e9ration entre le Maroc et les Etats-Unis dans le domaine de l\u2019eau.<\/strong><\/p>\n<div class=\"c10\"\/>\n<p>Il s\u2019agit plus particuli\u00e8rement des techniques de r\u00e9alisation, de gestion et d\u2019exploitation des infrastructures de stockage, de transport d\u2019eau sur de longues distances, ainsi que du suivi et de la surveillance de l\u2019\u00e9volution des ressources en eau et des donn\u00e9es li\u00e9es \u00e0 l\u2019eau. Accompagn\u00e9 d\u2019une d\u00e9l\u00e9gation compos\u00e9e du Directeur g\u00e9n\u00e9ral de l\u2019Office national de l\u2019\u00c9lectricit\u00e9 et de l\u2019Eau Potable (ONEE), des directeurs centraux et de hauts responsables du minist\u00e8re de l\u2019Equipement, du Transport, de la Logistique et de l\u2019Eau, Amara aura des entretiens avec des responsables gouvernementaux am\u00e9ricains de haut niveau dans diverses administrations et agences et effectuera des visites de terrain \u00e0 diff\u00e9rents ouvrages et infrastructures hydrauliques.<\/p>\n<p>Le ministre entame sa visite par un segment officiel \u00e0 Washington o\u00f9 il s\u2019entretiendra avec le Secr\u00e9taire d\u2019Etat Am\u00e9ricain au Commerce, Wilbur Ross, en pr\u00e9sence de l\u2019Ambassadeur de SM le Roi aux \u00c9tats-Unis d\u2019Am\u00e9rique, Lalla Joumala Alaoui. Amara aura \u00e9galement une rencontre avec le Secr\u00e9taire d\u2019Etat am\u00e9ricain Adjoint \u00e0 l\u2019Int\u00e9rieur, charg\u00e9 de l\u2019Eau et des Sciences, Timothy R. Petty, en pr\u00e9sence de la Commissaire de l\u2019United States Bureau of Reclamation (USBR), Brenda Burman, et du Directeur de l\u2019Institut des \u00c9tudes G\u00e9ologiques des \u00c9tats-Unis (USGS), Jim Reilly.<\/p>\n<p>D\u2019autres r\u00e9unions centr\u00e9es sur la probl\u00e9matique de l\u2019eau sont aussi pr\u00e9vues avec des hauts responsables de l\u2019Administration Nationale de l\u2019A\u00e9ronautique et de l\u2019Espace (NASA), du Corps du G\u00e9nie de l\u2019Arm\u00e9e de Terre des \u00c9tats-Unis et de l\u2019Agence des \u00c9tats-Unis pour le D\u00e9veloppement International (USAID).<\/p>\n<div class=\"c17\">\n<fieldset class=\"c16\">\n<legend><strong><span class=\"c11\">Challenge<\/span><span class=\"c12\">news<\/span><\/strong><\/legend>\n<div class=\"c15\">Le meilleur de la r\u00e9daction s\u00e9lectionn\u00e9 par Challenge :<\/p>\n<\/div>\n<\/fieldset>\n<\/div>\n<p>Auteur: Hassan Manyani<br \/>\n<a href=\"https:\/\/www.challenge.ma\/il-fait-lactu-abdelkader-amara-ministre-de-lequipement-du-transport-de-la-logistique-et-de-leau-111320\/\">Cliquez ici pour lire l&rsquo;article depuis sa source.<\/a><\/p>\n","protected":false},"excerpt":{"rendered":"<p>Le ministre de l\u2019Equipement, du transport, de la Logistique et de l\u2019Eau, Abdelkader Amara, a entam\u00e9 lundi une visite de travail d\u2019une semaine aux Etats-Unis, ax\u00e9e sur le d\u00e9veloppement de la coop\u00e9ration entre le Maroc et les Etats-Unis dans le domaine de l\u2019eau. Il s\u2019agit plus particuli\u00e8rement des techniques de r\u00e9alisation, de gestion et d\u2019exploitation [&hellip;]<\/p>\n","protected":false},"author":1787,"featured_media":0,"comment_status":"closed","ping_status":"closed","sticky":false,"template":"","format":"standard","meta":{"fifu_image_url":"","fifu_image_alt":"","footnotes":""},"categories":[78,54],"tags":[],"class_list":["post-42403","post","type-post","status-publish","format-standard","hentry","category-economie","category-maroc"],"_links":{"self":[{"href":"https:\/\/linitiative.ca\/International\/wp-json\/wp\/v2\/posts\/42403","targetHints":{"allow":["GET"]}}],"collection":[{"href":"https:\/\/linitiative.ca\/International\/wp-json\/wp\/v2\/posts"}],"about":[{"href":"https:\/\/linitiative.ca\/International\/wp-json\/wp\/v2\/types\/post"}],"author":[{"embeddable":true,"href":"https:\/\/linitiative.ca\/International\/wp-json\/wp\/v2\/users\/1787"}],"replies":[{"embeddable":true,"href":"https:\/\/linitiative.ca\/International\/wp-json\/wp\/v2\/comments?post=42403"}],"version-history":[{"count":0,"href":"https:\/\/linitiative.ca\/International\/wp-json\/wp\/v2\/posts\/42403\/revisions"}],"wp:attachment":[{"href":"https:\/\/linitiative.ca\/International\/wp-json\/wp\/v2\/media?parent=42403"}],"wp:term":[{"taxonomy":"category","embeddable":true,"href":"https:\/\/linitiative.ca\/International\/wp-json\/wp\/v2\/categories?post=42403"},{"taxonomy":"post_tag","embeddable":true,"href":"https:\/\/linitiative.ca\/International\/wp-json\/wp\/v2\/tags?post=42403"}],"curies":[{"name":"wp","href":"https:\/\/api.w.org\/{rel}","templated":true}]}}