{"id":42406,"date":"2019-06-24T10:01:02","date_gmt":"2019-06-24T14:01:02","guid":{"rendered":"https:\/\/linitiative.ca\/International\/hausse-de-19-des-ventes-de-ciment-a-fin-mai\/"},"modified":"2019-06-24T10:01:02","modified_gmt":"2019-06-24T14:01:02","slug":"hausse-de-19-des-ventes-de-ciment-a-fin-mai","status":"publish","type":"post","link":"https:\/\/linitiative.ca\/International\/hausse-de-19-des-ventes-de-ciment-a-fin-mai\/","title":{"rendered":"Hausse de 1,9% des ventes de ciment \u00e0 fin mai"},"content":{"rendered":"<p><strong>Les ventes de ciment, principal barom\u00e8tre du secteur du B\u00e2timent et travaux publics (BTP) ont maintenu leur \u00e9volution positive au terme des cinq premiers mois de 2019, affichant une hausse de 1,9%, apr\u00e8s un retrait de 4,8% un an auparavant, indique la Direction des \u00e9tudes et des pr\u00e9visions financi\u00e8res (DEPF).<\/strong><\/p>\n<div class=\"c10\"\/>\n<p>De son c\u00f4t\u00e9, l\u2019encours des cr\u00e9dits \u00e0 l\u2019immobilier s\u2019est am\u00e9lior\u00e9 de 3,8%, \u00e0 fin avril 2019, en consolidation d\u2019une hausse de 3,9% \u00e0 fin avril 2018, \u00e0 plus de 271 milliards de dirhams, fait savoir la DEPF dans sa r\u00e9cente note de conjoncture.<\/p>\n<p>Lire aussi : <a href=\"https:\/\/www.challenge.ma\/cession-de-78-de-ciments-du-maroc-le-conseil-de-bmci-et-bnp-paribas-105264\/\" target=\"_blank\" rel=\"noopener noreferrer\">Cession de 7,8% de Ciments du Maroc : BMCI et BNP Paribas, conseils de l\u2019op\u00e9ration<\/a><\/p>\n<p>Cette progression a \u00e9t\u00e9 tir\u00e9e par l\u2019augmentation des cr\u00e9dits accord\u00e9s \u00e0 l\u2019habitat de 5,3% (apr\u00e8s +4%), conjugu\u00e9e \u00e0 l\u2019att\u00e9nuation du rythme baissier des cr\u00e9dits allou\u00e9s \u00e0 la promotion immobili\u00e8re, soit un recul de 1,1%, apr\u00e8s -2,6% \u00e0 fin mars 2019 et +3% un an plus t\u00f4t, pr\u00e9cise la m\u00eame source.<\/p>\n<div class=\"c17\">\n<fieldset class=\"c16\">\n<legend><strong><span class=\"c11\">Challenge<\/span><span class=\"c12\">news<\/span><\/strong><\/legend>\n<div class=\"c15\">Le meilleur de la r\u00e9daction s\u00e9lectionn\u00e9 par Challenge :<\/p>\n<\/div>\n<\/fieldset>\n<\/div>\n<p>Auteur: challenge<br \/>\n<a href=\"https:\/\/www.challenge.ma\/hausse-de-19-des-ventes-de-ciment-a-fin-mai-111305\/\">Cliquez ici pour lire l&rsquo;article depuis sa source.<\/a><\/p>\n","protected":false},"excerpt":{"rendered":"<p>Les ventes de ciment, principal barom\u00e8tre du secteur du B\u00e2timent et travaux publics (BTP) ont maintenu leur \u00e9volution positive au terme des cinq premiers mois de 2019, affichant une hausse de 1,9%, apr\u00e8s un retrait de 4,8% un an auparavant, indique la Direction des \u00e9tudes et des pr\u00e9visions financi\u00e8res (DEPF). De son c\u00f4t\u00e9, l\u2019encours des [&hellip;]<\/p>\n","protected":false},"author":1787,"featured_media":0,"comment_status":"closed","ping_status":"closed","sticky":false,"template":"","format":"standard","meta":{"fifu_image_url":"","fifu_image_alt":"","footnotes":""},"categories":[78,54],"tags":[],"class_list":["post-42406","post","type-post","status-publish","format-standard","hentry","category-economie","category-maroc"],"_links":{"self":[{"href":"https:\/\/linitiative.ca\/International\/wp-json\/wp\/v2\/posts\/42406","targetHints":{"allow":["GET"]}}],"collection":[{"href":"https:\/\/linitiative.ca\/International\/wp-json\/wp\/v2\/posts"}],"about":[{"href":"https:\/\/linitiative.ca\/International\/wp-json\/wp\/v2\/types\/post"}],"author":[{"embeddable":true,"href":"https:\/\/linitiative.ca\/International\/wp-json\/wp\/v2\/users\/1787"}],"replies":[{"embeddable":true,"href":"https:\/\/linitiative.ca\/International\/wp-json\/wp\/v2\/comments?post=42406"}],"version-history":[{"count":0,"href":"https:\/\/linitiative.ca\/International\/wp-json\/wp\/v2\/posts\/42406\/revisions"}],"wp:attachment":[{"href":"https:\/\/linitiative.ca\/International\/wp-json\/wp\/v2\/media?parent=42406"}],"wp:term":[{"taxonomy":"category","embeddable":true,"href":"https:\/\/linitiative.ca\/International\/wp-json\/wp\/v2\/categories?post=42406"},{"taxonomy":"post_tag","embeddable":true,"href":"https:\/\/linitiative.ca\/International\/wp-json\/wp\/v2\/tags?post=42406"}],"curies":[{"name":"wp","href":"https:\/\/api.w.org\/{rel}","templated":true}]}}