{"id":42409,"date":"2019-06-24T12:53:03","date_gmt":"2019-06-24T16:53:03","guid":{"rendered":"https:\/\/linitiative.ca\/International\/can-2019-un-petit-succes-pour-la-cote-divoire-contre-lafrique-du-sud\/"},"modified":"2019-06-24T12:53:03","modified_gmt":"2019-06-24T16:53:03","slug":"can-2019-un-petit-succes-pour-la-cote-divoire-contre-lafrique-du-sud","status":"publish","type":"post","link":"https:\/\/linitiative.ca\/International\/can-2019-un-petit-succes-pour-la-cote-divoire-contre-lafrique-du-sud\/","title":{"rendered":"CAN 2019 : un petit succ\u00e8s pour la C\u00f4te d\u2019Ivoire contre l\u2019Afrique du Sud"},"content":{"rendered":"<div class=\"nc_socialPanel swp_flatFresh swp_d_fullColor swp_i_fullColor swp_o_fullColor scale-100 scale-fullWidth\" data-position=\"none\" data-float=\"floatNone\" data-count=\"5\" data-floatcolor=\"#ffffff\" data-emphasize=\"0\">\n<div class=\"nc_tweetContainer totes totesalt\" data-id=\"6\"><span class=\"swp_count\"><span class=\"swp_label\">Partages<\/span> 0<\/span><\/div>\n<\/div>\n<p>La C\u00f4te d\u2019Ivoire s\u2019est impos\u00e9 face \u00e0 l\u2019Afrique du Sud sur la petite des marges (1-0) en ouverture de la phase de poule de la Coupe d\u2019Afrique des Nations 2019.<\/p>\n<p>Le seul but de la rencontre a \u00e9t\u00e9 r\u00e9alis\u00e9 par Jonathan Kodjia qui a crucifi\u00e9 le gardien adverse d\u2019un superbe plat du pied \u00e0 la 64\u00e8me minute profitant d\u2019une magnifique passe lanc\u00e9e au milieu de la surface par son co\u00e9quipiers Max-Alain Gradel.<\/p>\n<div class=\"code-block code-block-1 c5\"><ins class=\"adsbygoogle c4\" data-ad-layout=\"in-article\" data-ad-format=\"fluid\" data-ad-client=\"ca-pub-2102118777505746\" data-ad-slot=\"7301775417\"\/> <\/div>\n<p>Gr\u00e2ce \u00e0 ce petit succ\u00e8s, les \u00c9l\u00e9phants rejoignent le Maroc en t\u00eate du groupe D avec 3 points.<\/p>\n<div class=\"mvp-org-wrap mvp-org-logo\" itemprop=\"publisher\" itemscope=\"\" itemtype=\"https:\/\/schema.org\/Organization\"><img decoding=\"async\" src=\"https:\/\/sport.tunisienumerique.com\/wp-content\/uploads\/2017\/05\/logo_tunisie_numerique.png\"\/><\/div>\n<div class=\"nc_socialPanel swp_flatFresh swp_d_fullColor swp_i_fullColor swp_o_fullColor scale-100 scale-fullWidth\" data-position=\"none\" data-float=\"floatNone\" data-count=\"5\" data-floatcolor=\"#ffffff\" data-emphasize=\"0\">\n<div class=\"nc_tweetContainer totes totesalt\" data-id=\"6\"><span class=\"swp_count\"><span class=\"swp_label\">Partages<\/span> 0<\/span><\/div>\n<\/div>\n<div class=\"mvp-related-posts left relative\">\n<h4 class=\"post-header\"><span class=\"post-header\">Lire aussi<\/span><\/h4>\n<\/div>\n<p>Auteur:<br \/>\n<a href=\"https:\/\/sport.tunisienumerique.com\/can-2019-petit-succes-cote-divoire-contre-lafrique-sud\/\">Cliquez ici pour lire l&rsquo;article depuis sa source.<\/a><\/p>\n","protected":false},"excerpt":{"rendered":"<p>Partages 0 La C\u00f4te d\u2019Ivoire s\u2019est impos\u00e9 face \u00e0 l\u2019Afrique du Sud sur la petite des marges (1-0) en ouverture de la phase de poule de la Coupe d\u2019Afrique des Nations 2019. Le seul but de la rencontre a \u00e9t\u00e9 r\u00e9alis\u00e9 par Jonathan Kodjia qui a crucifi\u00e9 le gardien adverse d\u2019un superbe plat du pied [&hellip;]<\/p>\n","protected":false},"author":1789,"featured_media":42410,"comment_status":"closed","ping_status":"closed","sticky":false,"template":"","format":"standard","meta":{"fifu_image_url":"","fifu_image_alt":"","footnotes":""},"categories":[73,55],"tags":[],"class_list":["post-42409","post","type-post","status-publish","format-standard","has-post-thumbnail","hentry","category-actualite","category-tunisie"],"_links":{"self":[{"href":"https:\/\/linitiative.ca\/International\/wp-json\/wp\/v2\/posts\/42409","targetHints":{"allow":["GET"]}}],"collection":[{"href":"https:\/\/linitiative.ca\/International\/wp-json\/wp\/v2\/posts"}],"about":[{"href":"https:\/\/linitiative.ca\/International\/wp-json\/wp\/v2\/types\/post"}],"author":[{"embeddable":true,"href":"https:\/\/linitiative.ca\/International\/wp-json\/wp\/v2\/users\/1789"}],"replies":[{"embeddable":true,"href":"https:\/\/linitiative.ca\/International\/wp-json\/wp\/v2\/comments?post=42409"}],"version-history":[{"count":0,"href":"https:\/\/linitiative.ca\/International\/wp-json\/wp\/v2\/posts\/42409\/revisions"}],"wp:featuredmedia":[{"embeddable":true,"href":"https:\/\/linitiative.ca\/International\/wp-json\/"}],"wp:attachment":[{"href":"https:\/\/linitiative.ca\/International\/wp-json\/wp\/v2\/media?parent=42409"}],"wp:term":[{"taxonomy":"category","embeddable":true,"href":"https:\/\/linitiative.ca\/International\/wp-json\/wp\/v2\/categories?post=42409"},{"taxonomy":"post_tag","embeddable":true,"href":"https:\/\/linitiative.ca\/International\/wp-json\/wp\/v2\/tags?post=42409"}],"curies":[{"name":"wp","href":"https:\/\/api.w.org\/{rel}","templated":true}]}}