{"id":42411,"date":"2019-06-24T15:19:12","date_gmt":"2019-06-24T19:19:12","guid":{"rendered":"https:\/\/linitiative.ca\/International\/coupe-du-monde-feminine-la-franco-tunisienne-amel-majri-brille-avec-lequipe-de-france\/"},"modified":"2019-06-24T15:19:12","modified_gmt":"2019-06-24T19:19:12","slug":"coupe-du-monde-feminine-la-franco-tunisienne-amel-majri-brille-avec-lequipe-de-france","status":"publish","type":"post","link":"https:\/\/linitiative.ca\/International\/coupe-du-monde-feminine-la-franco-tunisienne-amel-majri-brille-avec-lequipe-de-france\/","title":{"rendered":"Coupe du monde f\u00e9minine : La franco-tunisienne Amel Majri brille avec l\u2019\u00e9quipe de France"},"content":{"rendered":"<div class=\"nc_socialPanel swp_flatFresh swp_d_fullColor swp_i_fullColor swp_o_fullColor scale-100 scale-fullWidth\" data-position=\"none\" data-float=\"floatNone\" data-count=\"5\" data-floatcolor=\"#ffffff\" data-emphasize=\"0\">\n<div class=\"nc_tweetContainer totes totesalt\" data-id=\"6\"><span class=\"swp_count\"><span class=\"swp_label\">Partages<\/span> 0<\/span><\/div>\n<\/div>\n<p>Auteure d\u2019une belle prestation, la joueuse de football franco-tunisienne, Amel Majri a men\u00e9 l\u2019\u00e9quipe de France \u00e0 \u00e9liminer la s\u00e9lection br\u00e9silienne en huiti\u00e8mes de finale de la coupe du monde f\u00e9minine, hier.<\/p>\n<p dir=\"ltr\">Majri a \u00e9t\u00e9 le passeur d\u00e9cisif du deuxi\u00e8me but des fran\u00e7aises \u00e0 la 107\u00e8me minute r\u00e9alis\u00e9 par Amandine Henry. Le match\u00a0s\u2019est achev\u00e9 sur un nul (1-1) mais en prolongations, les joueues de France ont puni les br\u00e9siliennes.<\/p>\n<div class=\"code-block code-block-1 c5\"><ins class=\"adsbygoogle c4\" data-ad-layout=\"in-article\" data-ad-format=\"fluid\" data-ad-client=\"ca-pub-2102118777505746\" data-ad-slot=\"7301775417\"\/> <\/div>\n<p dir=\"ltr\">La native de Monastir s\u2019est montr\u00e9e diablement efficace avec les Bleus en totalisant 3 passes d\u00e9cisives, 16 passes avant un tir et 42 centres dont 13 r\u00e9ussis ddepuis le Mondial jusqu\u2019\u00e0 pr\u00e9sent.<\/p>\n<div class=\"mvp-org-wrap mvp-org-logo\" itemprop=\"publisher\" itemscope=\"\" itemtype=\"https:\/\/schema.org\/Organization\"><img decoding=\"async\" src=\"https:\/\/sport.tunisienumerique.com\/wp-content\/uploads\/2017\/05\/logo_tunisie_numerique.png\"\/><\/div>\n<div class=\"nc_socialPanel swp_flatFresh swp_d_fullColor swp_i_fullColor swp_o_fullColor scale-100 scale-fullWidth\" data-position=\"none\" data-float=\"floatNone\" data-count=\"5\" data-floatcolor=\"#ffffff\" data-emphasize=\"0\">\n<div class=\"nc_tweetContainer totes totesalt\" data-id=\"6\"><span class=\"swp_count\"><span class=\"swp_label\">Partages<\/span> 0<\/span><\/div>\n<\/div>\n<p>Auteur: a.<br \/>\n<a href=\"https:\/\/sport.tunisienumerique.com\/coupe-monde-feminine-franco-tunisienne-amel-majri-brille-lequipe-de-france\/\">Cliquez ici pour lire l&rsquo;article depuis sa source.<\/a><\/p>\n","protected":false},"excerpt":{"rendered":"<p>Partages 0 Auteure d\u2019une belle prestation, la joueuse de football franco-tunisienne, Amel Majri a men\u00e9 l\u2019\u00e9quipe de France \u00e0 \u00e9liminer la s\u00e9lection br\u00e9silienne en huiti\u00e8mes de finale de la coupe du monde f\u00e9minine, hier. Majri a \u00e9t\u00e9 le passeur d\u00e9cisif du deuxi\u00e8me but des fran\u00e7aises \u00e0 la 107\u00e8me minute r\u00e9alis\u00e9 par Amandine Henry. Le match\u00a0s\u2019est [&hellip;]<\/p>\n","protected":false},"author":1789,"featured_media":42412,"comment_status":"closed","ping_status":"closed","sticky":false,"template":"","format":"standard","meta":{"fifu_image_url":"","fifu_image_alt":"","footnotes":""},"categories":[73,55],"tags":[],"class_list":["post-42411","post","type-post","status-publish","format-standard","has-post-thumbnail","hentry","category-actualite","category-tunisie"],"_links":{"self":[{"href":"https:\/\/linitiative.ca\/International\/wp-json\/wp\/v2\/posts\/42411","targetHints":{"allow":["GET"]}}],"collection":[{"href":"https:\/\/linitiative.ca\/International\/wp-json\/wp\/v2\/posts"}],"about":[{"href":"https:\/\/linitiative.ca\/International\/wp-json\/wp\/v2\/types\/post"}],"author":[{"embeddable":true,"href":"https:\/\/linitiative.ca\/International\/wp-json\/wp\/v2\/users\/1789"}],"replies":[{"embeddable":true,"href":"https:\/\/linitiative.ca\/International\/wp-json\/wp\/v2\/comments?post=42411"}],"version-history":[{"count":0,"href":"https:\/\/linitiative.ca\/International\/wp-json\/wp\/v2\/posts\/42411\/revisions"}],"wp:featuredmedia":[{"embeddable":true,"href":"https:\/\/linitiative.ca\/International\/wp-json\/"}],"wp:attachment":[{"href":"https:\/\/linitiative.ca\/International\/wp-json\/wp\/v2\/media?parent=42411"}],"wp:term":[{"taxonomy":"category","embeddable":true,"href":"https:\/\/linitiative.ca\/International\/wp-json\/wp\/v2\/categories?post=42411"},{"taxonomy":"post_tag","embeddable":true,"href":"https:\/\/linitiative.ca\/International\/wp-json\/wp\/v2\/tags?post=42411"}],"curies":[{"name":"wp","href":"https:\/\/api.w.org\/{rel}","templated":true}]}}