{"id":42413,"date":"2019-06-24T16:30:04","date_gmt":"2019-06-24T20:30:04","guid":{"rendered":"https:\/\/linitiative.ca\/International\/plusieurs-tunisiens-bloques-depuis-ce-matin-au-passage-de-ras-jedir\/"},"modified":"2019-06-24T16:30:04","modified_gmt":"2019-06-24T20:30:04","slug":"plusieurs-tunisiens-bloques-depuis-ce-matin-au-passage-de-ras-jedir","status":"publish","type":"post","link":"https:\/\/linitiative.ca\/International\/plusieurs-tunisiens-bloques-depuis-ce-matin-au-passage-de-ras-jedir\/","title":{"rendered":"Plusieurs tunisiens bloqu\u00e9s depuis ce matin au passage de Ras Jedir"},"content":{"rendered":"<div class=\"post-cont-in left relative\">\n<div class=\"swp_social_panel swp_horizontal_panel swp_flat_fresh swp_default_full_color swp_individual_full_color swp_other_full_color scale-100 scale-\" data-min-width=\"1100\" data-float-color=\"#ffffff\" data-float=\"none\" data-float-mobile=\"none\" data-transition=\"slide\">\n<div class=\"nc_tweetContainer swp_share_button total_shares total_sharesalt\"><span class=\"swp_count\">15 <span class=\"swp_label\">Partages<\/span><\/span><\/div>\n<\/div>\n<p>De nombreux tunisiens de retour vers le pays, se sont trouv\u00e9s bloqu\u00e9s du c\u00f4t\u00e9 libyen\u00a0au passage frontalier de Ras Jedir.<\/p>\n<p>En cause, un ralentissement volontaire du travail de la part des services de contr\u00f4le des passeports, de la douane libyenne.<\/p>\n<div class=\"code-block code-block-1 c3\"><ins class=\"adsbygoogle c2\" data-ad-layout=\"in-article\" data-ad-format=\"fluid\" data-ad-client=\"ca-pub-2102118777505746\" data-ad-slot=\"7301775417\"\/> <\/div>\n<p>Les tunisiens qui sont rest\u00e9s bloqu\u00e9s durant des heures sous un soleil de plomb, s\u2019en sont remis aux autorit\u00e9s tunisiennes pour qu\u2019elles interviennent aupr\u00e8s de leurs homologues, afin de faciliter leur retour.<\/p>\n<div class=\"mvp-org-wrap mvp-org-logo\" itemprop=\"publisher\" itemscope=\"\" itemtype=\"https:\/\/schema.org\/Organization\"><img decoding=\"async\" src=\"https:\/\/www.tunisienumerique.com\/wp-content\/uploads\/2017\/02\/logo_tunisie_numerique.png\"\/><\/div>\n<div class=\"swp_social_panel swp_horizontal_panel swp_flat_fresh swp_default_full_color swp_individual_full_color swp_other_full_color scale-100 scale-\" data-min-width=\"1100\" data-float-color=\"#ffffff\" data-float=\"none\" data-float-mobile=\"none\" data-transition=\"slide\">\n<div class=\"nc_tweetContainer swp_share_button total_shares total_sharesalt\"><span class=\"swp_count\">15 <span class=\"swp_label\">Partages<\/span><\/span><\/div>\n<\/div>\n<div class=\"mvp-related-posts left relative\">\n<h4 class=\"post-header\"><span class=\"post-header\">Lire aussi<\/span><\/h4>\n<\/div>\n<\/div>\n<p>Auteur: LM<br \/>\n<a href=\"https:\/\/www.tunisienumerique.com\/plusieurs-tunisiens-bloques-depuis-ce-matin-au-passage-de-ras-jedir\/\">Cliquez ici pour lire l&rsquo;article depuis sa source.<\/a><\/p>\n","protected":false},"excerpt":{"rendered":"<p>15 Partages De nombreux tunisiens de retour vers le pays, se sont trouv\u00e9s bloqu\u00e9s du c\u00f4t\u00e9 libyen\u00a0au passage frontalier de Ras Jedir. En cause, un ralentissement volontaire du travail de la part des services de contr\u00f4le des passeports, de la douane libyenne. Les tunisiens qui sont rest\u00e9s bloqu\u00e9s durant des heures sous un soleil de [&hellip;]<\/p>\n","protected":false},"author":1789,"featured_media":42414,"comment_status":"closed","ping_status":"closed","sticky":false,"template":"","format":"standard","meta":{"fifu_image_url":"","fifu_image_alt":"","footnotes":""},"categories":[73,55],"tags":[],"class_list":["post-42413","post","type-post","status-publish","format-standard","has-post-thumbnail","hentry","category-actualite","category-tunisie"],"_links":{"self":[{"href":"https:\/\/linitiative.ca\/International\/wp-json\/wp\/v2\/posts\/42413","targetHints":{"allow":["GET"]}}],"collection":[{"href":"https:\/\/linitiative.ca\/International\/wp-json\/wp\/v2\/posts"}],"about":[{"href":"https:\/\/linitiative.ca\/International\/wp-json\/wp\/v2\/types\/post"}],"author":[{"embeddable":true,"href":"https:\/\/linitiative.ca\/International\/wp-json\/wp\/v2\/users\/1789"}],"replies":[{"embeddable":true,"href":"https:\/\/linitiative.ca\/International\/wp-json\/wp\/v2\/comments?post=42413"}],"version-history":[{"count":0,"href":"https:\/\/linitiative.ca\/International\/wp-json\/wp\/v2\/posts\/42413\/revisions"}],"wp:featuredmedia":[{"embeddable":true,"href":"https:\/\/linitiative.ca\/International\/wp-json\/"}],"wp:attachment":[{"href":"https:\/\/linitiative.ca\/International\/wp-json\/wp\/v2\/media?parent=42413"}],"wp:term":[{"taxonomy":"category","embeddable":true,"href":"https:\/\/linitiative.ca\/International\/wp-json\/wp\/v2\/categories?post=42413"},{"taxonomy":"post_tag","embeddable":true,"href":"https:\/\/linitiative.ca\/International\/wp-json\/wp\/v2\/tags?post=42413"}],"curies":[{"name":"wp","href":"https:\/\/api.w.org\/{rel}","templated":true}]}}