{"id":42415,"date":"2019-06-24T16:33:48","date_gmt":"2019-06-24T20:33:48","guid":{"rendered":"https:\/\/linitiative.ca\/International\/tunisie-siliana-arrestation-pour-corruption-dun-fonctionnaire-retraite\/"},"modified":"2019-06-24T16:33:48","modified_gmt":"2019-06-24T20:33:48","slug":"tunisie-siliana-arrestation-pour-corruption-dun-fonctionnaire-retraite","status":"publish","type":"post","link":"https:\/\/linitiative.ca\/International\/tunisie-siliana-arrestation-pour-corruption-dun-fonctionnaire-retraite\/","title":{"rendered":"Tunisie \u2013 Siliana\u00a0: Arrestation, pour corruption, d\u2019un fonctionnaire retrait\u00e9"},"content":{"rendered":"<div class=\"post-cont-in left relative\">\n<div class=\"swp_social_panel swp_horizontal_panel swp_flat_fresh swp_default_full_color swp_individual_full_color swp_other_full_color scale-100 scale-\" data-min-width=\"1100\" data-float-color=\"#ffffff\" data-float=\"none\" data-float-mobile=\"none\" data-transition=\"slide\">\n<div class=\"nc_tweetContainer swp_share_button total_shares total_sharesalt\"><span class=\"swp_count\">3 <span class=\"swp_label\">Partages<\/span><\/span><\/div>\n<\/div>\n<p>Le parquet de Siliana a \u00e9mis un mandat de d\u00e9p\u00f4t \u00e0 l\u2019encontre d\u2019un chef d\u2019atelier retrait\u00e9 de la direction r\u00e9gionale de l\u2019\u00e9quipement de Siliana. Cet individu serait suspect\u00e9 d\u2019avoir d\u00e9rob\u00e9 des sommes d\u2019argent de la caisse de sa direction alors qu\u2019il \u00e9tait encore en service. La brigade des investigations de la garde nationale a \u00e9t\u00e9 charg\u00e9e de l\u2019enqu\u00eate.<\/p>\n<div class=\"mvp-org-wrap mvp-org-logo\" itemprop=\"publisher\" itemscope=\"\" itemtype=\"https:\/\/schema.org\/Organization\"><img decoding=\"async\" src=\"https:\/\/www.tunisienumerique.com\/wp-content\/uploads\/2017\/02\/logo_tunisie_numerique.png\"\/><\/div>\n<div class=\"swp_social_panel swp_horizontal_panel swp_flat_fresh swp_default_full_color swp_individual_full_color swp_other_full_color scale-100 scale-\" data-min-width=\"1100\" data-float-color=\"#ffffff\" data-float=\"none\" data-float-mobile=\"none\" data-transition=\"slide\">\n<div class=\"nc_tweetContainer swp_share_button total_shares total_sharesalt\"><span class=\"swp_count\">3 <span class=\"swp_label\">Partages<\/span><\/span><\/div>\n<\/div>\n<div class=\"mvp-related-posts left relative\">\n<h4 class=\"post-header\"><span class=\"post-header\">Lire aussi<\/span><\/h4>\n<\/div>\n<\/div>\n<p>Auteur: LM<br \/>\n<a href=\"https:\/\/www.tunisienumerique.com\/tunisie-siliana-arrestation-pour-corruption-dun-fonctionnaire-retraite\/\">Cliquez ici pour lire l&rsquo;article depuis sa source.<\/a><\/p>\n","protected":false},"excerpt":{"rendered":"<p>3 Partages Le parquet de Siliana a \u00e9mis un mandat de d\u00e9p\u00f4t \u00e0 l\u2019encontre d\u2019un chef d\u2019atelier retrait\u00e9 de la direction r\u00e9gionale de l\u2019\u00e9quipement de Siliana. Cet individu serait suspect\u00e9 d\u2019avoir d\u00e9rob\u00e9 des sommes d\u2019argent de la caisse de sa direction alors qu\u2019il \u00e9tait encore en service. La brigade des investigations de la garde nationale [&hellip;]<\/p>\n","protected":false},"author":1789,"featured_media":42416,"comment_status":"closed","ping_status":"closed","sticky":false,"template":"","format":"standard","meta":{"fifu_image_url":"","fifu_image_alt":"","footnotes":""},"categories":[73,55],"tags":[],"class_list":["post-42415","post","type-post","status-publish","format-standard","has-post-thumbnail","hentry","category-actualite","category-tunisie"],"_links":{"self":[{"href":"https:\/\/linitiative.ca\/International\/wp-json\/wp\/v2\/posts\/42415","targetHints":{"allow":["GET"]}}],"collection":[{"href":"https:\/\/linitiative.ca\/International\/wp-json\/wp\/v2\/posts"}],"about":[{"href":"https:\/\/linitiative.ca\/International\/wp-json\/wp\/v2\/types\/post"}],"author":[{"embeddable":true,"href":"https:\/\/linitiative.ca\/International\/wp-json\/wp\/v2\/users\/1789"}],"replies":[{"embeddable":true,"href":"https:\/\/linitiative.ca\/International\/wp-json\/wp\/v2\/comments?post=42415"}],"version-history":[{"count":0,"href":"https:\/\/linitiative.ca\/International\/wp-json\/wp\/v2\/posts\/42415\/revisions"}],"wp:featuredmedia":[{"embeddable":true,"href":"https:\/\/linitiative.ca\/International\/wp-json\/"}],"wp:attachment":[{"href":"https:\/\/linitiative.ca\/International\/wp-json\/wp\/v2\/media?parent=42415"}],"wp:term":[{"taxonomy":"category","embeddable":true,"href":"https:\/\/linitiative.ca\/International\/wp-json\/wp\/v2\/categories?post=42415"},{"taxonomy":"post_tag","embeddable":true,"href":"https:\/\/linitiative.ca\/International\/wp-json\/wp\/v2\/tags?post=42415"}],"curies":[{"name":"wp","href":"https:\/\/api.w.org\/{rel}","templated":true}]}}