{"id":42419,"date":"2019-06-24T16:38:47","date_gmt":"2019-06-24T20:38:47","guid":{"rendered":"https:\/\/linitiative.ca\/International\/tunisie-les-pasteques-sont-elles-toxiques\/"},"modified":"2019-06-24T16:38:47","modified_gmt":"2019-06-24T20:38:47","slug":"tunisie-les-pasteques-sont-elles-toxiques","status":"publish","type":"post","link":"https:\/\/linitiative.ca\/International\/tunisie-les-pasteques-sont-elles-toxiques\/","title":{"rendered":"Tunisie \u2013 Les past\u00e8ques sont-elles toxiques\u00a0?"},"content":{"rendered":"<div class=\"post-cont-in left relative\">\n<div class=\"swp_social_panel swp_horizontal_panel swp_flat_fresh swp_default_full_color swp_individual_full_color swp_other_full_color scale-100 scale-\" data-min-width=\"1100\" data-float-color=\"#ffffff\" data-float=\"none\" data-float-mobile=\"none\" data-transition=\"slide\">\n<div class=\"nc_tweetContainer swp_share_button total_shares total_sharesalt\"><span class=\"swp_count\">2 <span class=\"swp_label\">Partages<\/span><\/span><\/div>\n<\/div>\n<p>Le directeur de l\u2019hygi\u00e8ne du milieu au minist\u00e8re de la Sant\u00e9, Mohamed Rabhi a d\u00fb intervenir, ce lundi, pour mettre un terme \u00e0 la pol\u00e9mique lanc\u00e9e derni\u00e8rement, autour des past\u00e8ques qui seraient toxiques, selon des rumeurs, \u00e0 cause de certains additifs lors de\u00a0leur culture.<\/p>\n<p>Rabhi a assur\u00e9 que tous les \u00e9chantillons de past\u00e8ques analys\u00e9s se sont r\u00e9v\u00e9l\u00e9s sains et bons \u00e0 la consommation humaine. Il s\u2019est, par ailleurs, interrog\u00e9 sur les raisons de cette pol\u00e9mique et de ces rumeurs qui reviennent chaque ann\u00e9e de fa\u00e7on insistante.<\/p>\n<div class=\"code-block code-block-1 c3\"><ins class=\"adsbygoogle c2\" data-ad-layout=\"in-article\" data-ad-format=\"fluid\" data-ad-client=\"ca-pub-2102118777505746\" data-ad-slot=\"7301775417\"\/> <\/div>\n<div class=\"mvp-org-wrap mvp-org-logo\" itemprop=\"publisher\" itemscope=\"\" itemtype=\"https:\/\/schema.org\/Organization\"><img decoding=\"async\" src=\"https:\/\/www.tunisienumerique.com\/wp-content\/uploads\/2017\/02\/logo_tunisie_numerique.png\"\/><\/div>\n<div class=\"swp_social_panel swp_horizontal_panel swp_flat_fresh swp_default_full_color swp_individual_full_color swp_other_full_color scale-100 scale-\" data-min-width=\"1100\" data-float-color=\"#ffffff\" data-float=\"none\" data-float-mobile=\"none\" data-transition=\"slide\">\n<div class=\"nc_tweetContainer swp_share_button total_shares total_sharesalt\"><span class=\"swp_count\">2 <span class=\"swp_label\">Partages<\/span><\/span><\/div>\n<\/div>\n<div class=\"mvp-related-posts left relative\">\n<h4 class=\"post-header\"><span class=\"post-header\">Lire aussi<\/span><\/h4>\n<\/div>\n<\/div>\n<p>Auteur: LM<br \/>\n<a href=\"https:\/\/www.tunisienumerique.com\/tunisie-les-pasteques-sont-elles-toxiques\/\">Cliquez ici pour lire l&rsquo;article depuis sa source.<\/a><\/p>\n","protected":false},"excerpt":{"rendered":"<p>2 Partages Le directeur de l\u2019hygi\u00e8ne du milieu au minist\u00e8re de la Sant\u00e9, Mohamed Rabhi a d\u00fb intervenir, ce lundi, pour mettre un terme \u00e0 la pol\u00e9mique lanc\u00e9e derni\u00e8rement, autour des past\u00e8ques qui seraient toxiques, selon des rumeurs, \u00e0 cause de certains additifs lors de\u00a0leur culture. Rabhi a assur\u00e9 que tous les \u00e9chantillons de past\u00e8ques [&hellip;]<\/p>\n","protected":false},"author":1789,"featured_media":42420,"comment_status":"closed","ping_status":"closed","sticky":false,"template":"","format":"standard","meta":{"fifu_image_url":"","fifu_image_alt":"","footnotes":""},"categories":[73,55],"tags":[],"class_list":["post-42419","post","type-post","status-publish","format-standard","has-post-thumbnail","hentry","category-actualite","category-tunisie"],"_links":{"self":[{"href":"https:\/\/linitiative.ca\/International\/wp-json\/wp\/v2\/posts\/42419","targetHints":{"allow":["GET"]}}],"collection":[{"href":"https:\/\/linitiative.ca\/International\/wp-json\/wp\/v2\/posts"}],"about":[{"href":"https:\/\/linitiative.ca\/International\/wp-json\/wp\/v2\/types\/post"}],"author":[{"embeddable":true,"href":"https:\/\/linitiative.ca\/International\/wp-json\/wp\/v2\/users\/1789"}],"replies":[{"embeddable":true,"href":"https:\/\/linitiative.ca\/International\/wp-json\/wp\/v2\/comments?post=42419"}],"version-history":[{"count":0,"href":"https:\/\/linitiative.ca\/International\/wp-json\/wp\/v2\/posts\/42419\/revisions"}],"wp:featuredmedia":[{"embeddable":true,"href":"https:\/\/linitiative.ca\/International\/wp-json\/"}],"wp:attachment":[{"href":"https:\/\/linitiative.ca\/International\/wp-json\/wp\/v2\/media?parent=42419"}],"wp:term":[{"taxonomy":"category","embeddable":true,"href":"https:\/\/linitiative.ca\/International\/wp-json\/wp\/v2\/categories?post=42419"},{"taxonomy":"post_tag","embeddable":true,"href":"https:\/\/linitiative.ca\/International\/wp-json\/wp\/v2\/tags?post=42419"}],"curies":[{"name":"wp","href":"https:\/\/api.w.org\/{rel}","templated":true}]}}