{"id":42423,"date":"2019-06-24T16:49:17","date_gmt":"2019-06-24T20:49:17","guid":{"rendered":"https:\/\/linitiative.ca\/International\/tunisie-les-causes-de-la-fuite-des-cerveaux-selon-kamel-ayadi\/"},"modified":"2019-06-24T16:49:17","modified_gmt":"2019-06-24T20:49:17","slug":"tunisie-les-causes-de-la-fuite-des-cerveaux-selon-kamel-ayadi","status":"publish","type":"post","link":"https:\/\/linitiative.ca\/International\/tunisie-les-causes-de-la-fuite-des-cerveaux-selon-kamel-ayadi\/","title":{"rendered":"Tunisie \u2013 Les causes de la\u00a0 fuite des cerveaux, selon Kamel Ayadi"},"content":{"rendered":"<div class=\"post-cont-in left relative\">\n<div class=\"swp_social_panel swp_horizontal_panel swp_flat_fresh swp_default_full_color swp_individual_full_color swp_other_full_color scale-100 scale-\" data-min-width=\"1100\" data-float-color=\"#ffffff\" data-float=\"none\" data-float-mobile=\"none\" data-transition=\"slide\">\n<div class=\"nc_tweetContainer swp_share_button total_shares total_sharesalt\"><span class=\"swp_count\">5 <span class=\"swp_label\">Partages<\/span><\/span><\/div>\n<\/div>\n<p>Le pr\u00e9sident de la haute instance de contr\u00f4le administratif et financier, Kamel Ayadi a annonc\u00e9 que les contr\u00f4les administratifs notamment, en mati\u00e8re de gestion des ressources humaines, dans les entreprises tunisiennes, laissaient apparaitre un point important qui est en cause de la fuite des cerveaux en dehors du pays.<\/p>\n<p>En effet, Ayadi accuse l\u2019administration de ne pas offrir des motivations financi\u00e8res ou autres aux cadres qui travaillent. Il a ajout\u00e9 que la plaie de ces entreprises est que ceux qui travaillent sont r\u00e9mun\u00e9r\u00e9s, exactement comme ceux qui ne travaillent pas. C\u2019est pour cette raison, que les meilleurs \u00e9l\u00e9ments sont en train de fuir le pays pour chercher des salaires et des motivations qui soient en ad\u00e9quation avec\u00a0leurs efforts au travail.<\/p>\n<div class=\"code-block code-block-1 c3\"><ins class=\"adsbygoogle c2\" data-ad-layout=\"in-article\" data-ad-format=\"fluid\" data-ad-client=\"ca-pub-2102118777505746\" data-ad-slot=\"7301775417\"\/> <\/div>\n<div class=\"mvp-org-wrap mvp-org-logo\" itemprop=\"publisher\" itemscope=\"\" itemtype=\"https:\/\/schema.org\/Organization\"><img decoding=\"async\" src=\"https:\/\/www.tunisienumerique.com\/wp-content\/uploads\/2017\/02\/logo_tunisie_numerique.png\"\/><\/div>\n<div class=\"swp_social_panel swp_horizontal_panel swp_flat_fresh swp_default_full_color swp_individual_full_color swp_other_full_color scale-100 scale-\" data-min-width=\"1100\" data-float-color=\"#ffffff\" data-float=\"none\" data-float-mobile=\"none\" data-transition=\"slide\">\n<div class=\"nc_tweetContainer swp_share_button total_shares total_sharesalt\"><span class=\"swp_count\">5 <span class=\"swp_label\">Partages<\/span><\/span><\/div>\n<\/div>\n<div class=\"mvp-related-posts left relative\">\n<h4 class=\"post-header\"><span class=\"post-header\">Lire aussi<\/span><\/h4>\n<\/div>\n<\/div>\n<p>Auteur: LM<br \/>\n<a href=\"https:\/\/www.tunisienumerique.com\/tunisie-les-causes-de-la-fuite-des-cerveaux-selon-kamel-ayadi\/\">Cliquez ici pour lire l&rsquo;article depuis sa source.<\/a><\/p>\n","protected":false},"excerpt":{"rendered":"<p>5 Partages Le pr\u00e9sident de la haute instance de contr\u00f4le administratif et financier, Kamel Ayadi a annonc\u00e9 que les contr\u00f4les administratifs notamment, en mati\u00e8re de gestion des ressources humaines, dans les entreprises tunisiennes, laissaient apparaitre un point important qui est en cause de la fuite des cerveaux en dehors du pays. En effet, Ayadi accuse [&hellip;]<\/p>\n","protected":false},"author":1789,"featured_media":42424,"comment_status":"closed","ping_status":"closed","sticky":false,"template":"","format":"standard","meta":{"fifu_image_url":"","fifu_image_alt":"","footnotes":""},"categories":[73,55],"tags":[],"class_list":["post-42423","post","type-post","status-publish","format-standard","has-post-thumbnail","hentry","category-actualite","category-tunisie"],"_links":{"self":[{"href":"https:\/\/linitiative.ca\/International\/wp-json\/wp\/v2\/posts\/42423","targetHints":{"allow":["GET"]}}],"collection":[{"href":"https:\/\/linitiative.ca\/International\/wp-json\/wp\/v2\/posts"}],"about":[{"href":"https:\/\/linitiative.ca\/International\/wp-json\/wp\/v2\/types\/post"}],"author":[{"embeddable":true,"href":"https:\/\/linitiative.ca\/International\/wp-json\/wp\/v2\/users\/1789"}],"replies":[{"embeddable":true,"href":"https:\/\/linitiative.ca\/International\/wp-json\/wp\/v2\/comments?post=42423"}],"version-history":[{"count":0,"href":"https:\/\/linitiative.ca\/International\/wp-json\/wp\/v2\/posts\/42423\/revisions"}],"wp:featuredmedia":[{"embeddable":true,"href":"https:\/\/linitiative.ca\/International\/wp-json\/"}],"wp:attachment":[{"href":"https:\/\/linitiative.ca\/International\/wp-json\/wp\/v2\/media?parent=42423"}],"wp:term":[{"taxonomy":"category","embeddable":true,"href":"https:\/\/linitiative.ca\/International\/wp-json\/wp\/v2\/categories?post=42423"},{"taxonomy":"post_tag","embeddable":true,"href":"https:\/\/linitiative.ca\/International\/wp-json\/wp\/v2\/tags?post=42423"}],"curies":[{"name":"wp","href":"https:\/\/api.w.org\/{rel}","templated":true}]}}