{"id":42430,"date":"2019-06-24T16:41:11","date_gmt":"2019-06-24T20:41:11","guid":{"rendered":"https:\/\/linitiative.ca\/International\/attaques-terroristes-au-burkina\/"},"modified":"2019-06-24T16:41:11","modified_gmt":"2019-06-24T20:41:11","slug":"attaques-terroristes-au-burkina","status":"publish","type":"post","link":"https:\/\/linitiative.ca\/International\/attaques-terroristes-au-burkina\/","title":{"rendered":"ATTAQUES TERRORISTES AU BURKINA"},"content":{"rendered":"<div class=\"stream-item stream-item-above-post-content\">\n<p><noscript><\/p>\n<p><a href=\"\/\/www3.smartadserver.com\/ac?jump=1&#038;nwid=2136&#038;siteid=240610&#038;pgname=rg&#038;fmtid=49046&#038;visit=m&#038;tmstp=[timestamp]&#038;out=nonrich\" target=\"_blank\" rel=\"noopener noreferrer\"><img decoding=\"async\" src=\"\/\/www3.smartadserver.com\/ac?out=nonrich&#038;nwid=2136&#038;siteid=240610&#038;pgname=rg&#038;fmtid=49046&#038;visit=m&#038;tmstp=[timestamp]\" border=\"0\" alt=\"\"\/><\/a><\/p>\n<p><\/noscript><\/div>\n<p class=\"c3\"><em>Les villages de Sagho et To\u00e9kodogo dans le Nord du Burkina ont \u00e9t\u00e9 la cible d\u2019attaques meurtri\u00e8res le 22 juin dernier, laissant sur le carreau une quinzaine de cadavres. Peu avant, soit le 18 juin dernier, 17 autres personnes avaient \u00e9t\u00e9 tu\u00e9es \u00e0 B\u00e9l\u00e9h\u00e9d\u00e9 toujours dans le Nord du Burkina. Et tenez-vous bien, en plein jour. Le message envoy\u00e9 par les terroristes est clair et il pourrait \u00eatre le suivant\u00a0: les terroristes sont d\u00e9sormais ma\u00eetres des lieux au point qu\u2019ils n\u2019ont plus besoin de la p\u00e9nombre pour s\u00e9vir. L\u2019\u00e9tat d\u2019urgence d\u00e9cr\u00e9t\u00e9 repr\u00e9sente, pour eux, une source de motivation suppl\u00e9mentaire. Bref, pour un v\u00e9ritable pied de nez \u00e0 l\u2019\u00e9tat d\u2019urgence et \u00e0 l\u2019op\u00e9ration \u00ab\u00a0Doofu\u00a0\u00bb en cours, c\u2019en est un. V\u00e9ritablement, les populations sont devenues orphelines. Et seul Dieu sait si elles ne vont pas longtemps encore porter leur croix. En effet, l\u2019on a parfois l\u2019impression que l\u2019Etat est en panne d\u2019id\u00e9es et de strat\u00e9gies idoines pour faire face au p\u00e9ril au point qu\u2019il ne se soucie m\u00eame plus de l\u2019efficacit\u00e9 des mesures qu\u2019il prend. L\u2019essentiel pour lui est de les prendre, le reste on verra. C\u2019est le cas de ce fameux \u00e9tat d\u2019urgence. L\u2019on a des raisons objectives, en effet, de douter de son efficacit\u00e9. En tout cas, il est loin de constituer un \u00e9l\u00e9ment dissuasif pour les terroristes. Car, dans pratiquement toutes les r\u00e9gions qui sont concern\u00e9es par cette mesure s\u00e9curitaire exceptionnelle, les terroristes se sont d\u00e9j\u00e0 signal\u00e9s de la pire des mani\u00e8res.<\/em><\/p>\n<p><strong>L\u2019heure est au sursaut patriotique pour d\u00e9fendre la Nation en p\u00e9ril<\/strong><\/p>\n<p class=\"c3\">. <em>En r\u00e9alit\u00e9, apr\u00e8s l\u2019attaque terroriste os\u00e9e et r\u00e9ussie de l\u2019Etat-major des forces arm\u00e9es, seul le ciel est devenu la limite des terroristes. De ce point de vue, ils ont la latitude du choix de la cible, de leur mode op\u00e9ratoire et de la p\u00e9riode o\u00f9 ils vont passer \u00e0 l\u2019acte. Apr\u00e8s donc les \u00e9coles, les casernes militaires, les pr\u00e9fectures et autres commissariats de police, les terroristes s\u2019en prennent maintenant aux populations. Il y a p\u00e9ril en la demeure. D\u00e8s lors, l\u2019on peut se demander qu\u2019elle sera la nature de la prochaine cible. L\u2019on touche du bois mais tout est d\u00e9sormais possible au Burkina et personne ne sait plus \u00e0 quel saint se vouer. Cette angoisse individuelle et collective se lit sur tous les visages. Et ce d\u2019autant plus que l\u2019Etat semble accumuler les signes visibles d\u2019un Etat failli. Et ce ne sont pas les lifting gouvernementaux a minima qui inverseront les tendances. En tout cas, au rythme o\u00f9 vont les choses, si les autorit\u00e9s ne se r\u00e9veillent pas, ici et maintenant, apr\u00e8s l\u2019Irak et la Syrie, le Burkina court le risque de devenir le pays h\u00f4te des terroristes voire leur califat. D\u00e9j\u00e0, bien des potentiels investisseurs ont pratiquement mis une croix sur le Burkina. Il en est de m\u00eame pour les touristes. En tout cas, la situation est gravissime. Elle n\u2019est plus aux salamalecs et autres mesures cosm\u00e9tiques prises dans la pr\u00e9cipitation pour se donner bonne conscience. L\u2019heure est au sursaut patriotique pour d\u00e9fendre la Nation en p\u00e9ril. Elle est \u00e0 la mise en place d\u2019une strat\u00e9gie de riposte intelligente qui rassure les populations et qui est susceptible de convaincre les investisseurs que le Burkina Faso n\u2019est pas la Somalie de l\u2019Afrique de l\u2019Ouest. Repenser d\u00e9j\u00e0 l\u2019\u00e9tat d\u2019urgence, puisqu\u2019il a suffisamment fait la preuve de son efficacit\u00e9, lui donner un contenu clair, pourrait \u00eatre un pas dans cette direction. L\u2019autre pas que l\u2019on peut sugg\u00e9rer est la r\u00e9conciliation nationale. Car les nations divis\u00e9es repr\u00e9sentent toujours un terreau fertile pour tous les ennemis du peuple. Et les terroristes en font partie.<\/em><\/p>\n<p><strong>\u00ab\u00a0Le Pays\u00a0\u00bb<\/strong><\/p>\n<p>Auteur: Le Pays<br \/>\n<a href=\"http:\/\/lepays.bf\/attaques-terroristes-au-burkina-4\/\">Cliquez ici pour lire l&rsquo;article depuis sa source.<\/a><\/p>\n","protected":false},"excerpt":{"rendered":"<p>Les villages de Sagho et To\u00e9kodogo dans le Nord du Burkina ont \u00e9t\u00e9 la cible d\u2019attaques meurtri\u00e8res le 22 juin dernier, laissant sur le carreau une quinzaine de cadavres. Peu avant, soit le 18 juin dernier, 17 autres personnes avaient \u00e9t\u00e9 tu\u00e9es \u00e0 B\u00e9l\u00e9h\u00e9d\u00e9 toujours dans le Nord du Burkina. Et tenez-vous bien, en plein [&hellip;]<\/p>\n","protected":false},"author":1813,"featured_media":0,"comment_status":"closed","ping_status":"closed","sticky":false,"template":"","format":"standard","meta":{"fifu_image_url":"","fifu_image_alt":"","footnotes":""},"categories":[73,81],"tags":[],"class_list":["post-42430","post","type-post","status-publish","format-standard","hentry","category-actualite","category-burkina-faso"],"_links":{"self":[{"href":"https:\/\/linitiative.ca\/International\/wp-json\/wp\/v2\/posts\/42430","targetHints":{"allow":["GET"]}}],"collection":[{"href":"https:\/\/linitiative.ca\/International\/wp-json\/wp\/v2\/posts"}],"about":[{"href":"https:\/\/linitiative.ca\/International\/wp-json\/wp\/v2\/types\/post"}],"author":[{"embeddable":true,"href":"https:\/\/linitiative.ca\/International\/wp-json\/wp\/v2\/users\/1813"}],"replies":[{"embeddable":true,"href":"https:\/\/linitiative.ca\/International\/wp-json\/wp\/v2\/comments?post=42430"}],"version-history":[{"count":0,"href":"https:\/\/linitiative.ca\/International\/wp-json\/wp\/v2\/posts\/42430\/revisions"}],"wp:attachment":[{"href":"https:\/\/linitiative.ca\/International\/wp-json\/wp\/v2\/media?parent=42430"}],"wp:term":[{"taxonomy":"category","embeddable":true,"href":"https:\/\/linitiative.ca\/International\/wp-json\/wp\/v2\/categories?post=42430"},{"taxonomy":"post_tag","embeddable":true,"href":"https:\/\/linitiative.ca\/International\/wp-json\/wp\/v2\/tags?post=42430"}],"curies":[{"name":"wp","href":"https:\/\/api.w.org\/{rel}","templated":true}]}}