{"id":42431,"date":"2019-06-24T16:45:29","date_gmt":"2019-06-24T20:45:29","guid":{"rendered":"https:\/\/linitiative.ca\/International\/transition-politique-au-soudan\/"},"modified":"2019-06-24T16:45:29","modified_gmt":"2019-06-24T20:45:29","slug":"transition-politique-au-soudan","status":"publish","type":"post","link":"https:\/\/linitiative.ca\/International\/transition-politique-au-soudan\/","title":{"rendered":"TRANSITION POLITIQUE AU SOUDAN"},"content":{"rendered":"<div class=\"stream-item stream-item-above-post-content\">\n<p><noscript><\/p>\n<p><a href=\"\/\/www3.smartadserver.com\/ac?jump=1&#038;nwid=2136&#038;siteid=240610&#038;pgname=rg&#038;fmtid=49046&#038;visit=m&#038;tmstp=[timestamp]&#038;out=nonrich\" target=\"_blank\" rel=\"noopener noreferrer\"><img decoding=\"async\" src=\"\/\/www3.smartadserver.com\/ac?out=nonrich&#038;nwid=2136&#038;siteid=240610&#038;pgname=rg&#038;fmtid=49046&#038;visit=m&#038;tmstp=[timestamp]\" border=\"0\" alt=\"\"\/><\/a><\/p>\n<p><\/noscript><\/div>\n<p class=\"c3\"><em>Au Soudan, le dialogue de sourds continue entre les civils et les militaires autour d\u2019un plan de transition. En effet, si les repr\u00e9sentants de la contestation se montrent favorables aux propositions de la m\u00e9diation \u00e9thiopienne en branle depuis le carnage du 3 juin dernier, il en va autrement pour les militaires qui tiennent au contr\u00f4le du pouvoir. La preuve est que le Conseil militaire de transition a rejet\u00e9 \u00e0 demi-mots, le 23 juin dernier, la proposition du m\u00e9diateur \u00e9thiopien, de \u00ab\u00a0la mise en place d\u2019une instance compos\u00e9e majoritairement de civils, pour assurer une transition politique\u00a0\u00bb. Pour le porte-parole de l\u2019arm\u00e9e, le lieutenant-g\u00e9n\u00e9ral Shams-Eddin Kabashi, \u00ab\u00a0cette proposition \u00e9thiopienne ne correspond pas \u00e0 ce qui avait \u00e9t\u00e9 discut\u00e9\u00a0\u00bb et il demande \u00e0 ce que le facilitateur \u00e9thiopien et celui de l\u2019Union africaine (UA) se concertent pour proposer un plan commun. De fa\u00e7on plus pr\u00e9cise, Addis-Abeba propose une instance de transition constitu\u00e9e de 15 personnes, avec huit civils et sept militaires. Sur les huit civils, sept seraient issus de l\u2019Alliance pour la libert\u00e9 et le changement (ALC), fer de lance de la contestation, qui, faut-il le rappeler, avait marqu\u00e9 son accord, la veille, \u00e0 cette recette \u00e9thiopienne. C\u2019est dire si progressivement, la transition politique soudanaise est en train de devenir un serpent de mer.<\/em><\/p>\n<p><strong>L\u2019arm\u00e9e soudanaise fait preuve d\u2019\u00e9go\u00efsme et cache mal sa volont\u00e9 de tirer la couverture sur elle<\/strong><\/p>\n<p class=\"c3\"><em>Car, ce n\u2019est pas la premi\u00e8re fois que les militaires soudanais se montrent hostiles \u00e0 des solutions de sortie de crise et ce, apr\u00e8s y avoir marqu\u00e9 leur accord. Alors que l\u2019on croyait voir le bout du tunnel \u00e0 l\u2019issue d\u2019\u00e2pres n\u00e9gociations entre les civils et les militaires au pouvoir qui s\u2019\u00e9taient mis d\u2019accord sur la question de la cogestion de la transition, les hommes en kaki avaient brusquement tourn\u00e9 casaque le 20 mai dernier, en mettant ainsi fin aux pourparlers. Toute chose qui avait contribu\u00e9 \u00e0 durcir davantage le bras de fer avec les contestataires jusqu\u2019\u00e0 la r\u00e9pression sanglante et sauvage de d\u00e9but juin. Avec ce nouveau rejet d\u2019une proposition de sortie de crise, on peut dire que l\u2019arm\u00e9e soudanaise, face \u00e0 l\u2019\u00e9quation de la transition politique, a pris l\u2019habitude de faire un pas en avant et deux en arri\u00e8re, c\u2019est-\u00e0-dire dans la crise. Dans cette danse du tango, elle fait preuve d\u2019\u00e9go\u00efsme et cache mal sa volont\u00e9 de tirer la couverture sur elle. Si elle rejette la solution \u00e9thiopienne, on a bien envie de se poser la question suivante\u00a0: quelle est donc la solution quand on sait que vouloir d\u2019une transition \u00e0 forte coloration kaki, est plut\u00f4t un sc\u00e9nario catastrophe ?<\/em><\/p>\n<p><strong>Drissa TRAORE<\/strong><\/p>\n<p>Auteur: Le Pays<br \/>\n<a href=\"http:\/\/lepays.bf\/transition-politique-au-soudan-2\/\">Cliquez ici pour lire l&rsquo;article depuis sa source.<\/a><\/p>\n","protected":false},"excerpt":{"rendered":"<p>Au Soudan, le dialogue de sourds continue entre les civils et les militaires autour d\u2019un plan de transition. En effet, si les repr\u00e9sentants de la contestation se montrent favorables aux propositions de la m\u00e9diation \u00e9thiopienne en branle depuis le carnage du 3 juin dernier, il en va autrement pour les militaires qui tiennent au contr\u00f4le [&hellip;]<\/p>\n","protected":false},"author":1813,"featured_media":0,"comment_status":"closed","ping_status":"closed","sticky":false,"template":"","format":"standard","meta":{"fifu_image_url":"","fifu_image_alt":"","footnotes":""},"categories":[73,81],"tags":[],"class_list":["post-42431","post","type-post","status-publish","format-standard","hentry","category-actualite","category-burkina-faso"],"_links":{"self":[{"href":"https:\/\/linitiative.ca\/International\/wp-json\/wp\/v2\/posts\/42431","targetHints":{"allow":["GET"]}}],"collection":[{"href":"https:\/\/linitiative.ca\/International\/wp-json\/wp\/v2\/posts"}],"about":[{"href":"https:\/\/linitiative.ca\/International\/wp-json\/wp\/v2\/types\/post"}],"author":[{"embeddable":true,"href":"https:\/\/linitiative.ca\/International\/wp-json\/wp\/v2\/users\/1813"}],"replies":[{"embeddable":true,"href":"https:\/\/linitiative.ca\/International\/wp-json\/wp\/v2\/comments?post=42431"}],"version-history":[{"count":0,"href":"https:\/\/linitiative.ca\/International\/wp-json\/wp\/v2\/posts\/42431\/revisions"}],"wp:attachment":[{"href":"https:\/\/linitiative.ca\/International\/wp-json\/wp\/v2\/media?parent=42431"}],"wp:term":[{"taxonomy":"category","embeddable":true,"href":"https:\/\/linitiative.ca\/International\/wp-json\/wp\/v2\/categories?post=42431"},{"taxonomy":"post_tag","embeddable":true,"href":"https:\/\/linitiative.ca\/International\/wp-json\/wp\/v2\/tags?post=42431"}],"curies":[{"name":"wp","href":"https:\/\/api.w.org\/{rel}","templated":true}]}}