{"id":42433,"date":"2019-06-23T18:28:29","date_gmt":"2019-06-23T22:28:29","guid":{"rendered":"https:\/\/linitiative.ca\/International\/greve-annoncee-des-transporteurs-routiers\/"},"modified":"2019-06-23T18:28:29","modified_gmt":"2019-06-23T22:28:29","slug":"greve-annoncee-des-transporteurs-routiers","status":"publish","type":"post","link":"https:\/\/linitiative.ca\/International\/greve-annoncee-des-transporteurs-routiers\/","title":{"rendered":"Gr\u00e8ve annonc\u00e9e des transporteurs routiers"},"content":{"rendered":"<div class=\"td-post-featured-image\"><a href=\"https:\/\/i2.wp.com\/www.sidwaya.info\/wp-content\/uploads\/2019\/06\/transporteurs.gif?fit=787%2C590&#038;ssl=1\" data-caption=\"\"><img loading=\"lazy\" decoding=\"async\" width=\"696\" height=\"522\" class=\"entry-thumb td-modal-image\" src=\"https:\/\/i2.wp.com\/www.sidwaya.info\/wp-content\/uploads\/2019\/06\/transporteurs.gif?resize=696%2C522&#038;ssl=1\" alt=\"\" title=\"transporteurs\"\/><\/a><\/div>\n<p><strong>La F\u00e9d\u00e9ration nationale des acteurs du transport routier (FENAT) a organis\u00e9 une conf\u00e9rence de presse, le vendredi 21 juin 2019 \u00e0 Ouagadougou, pour annoncer un arr\u00eat d\u2019exploitation du 24 au 26 juin, suivi d\u2019un r\u00e9ajustement des tarifs de transport le 27 juin sur toute l\u2019\u00e9tendue du territoire national. Aux derni\u00e8res nouvelles, le mot d\u2019ordre a \u00e9t\u00e9 suspendu.<\/strong><\/p>\n<p>Apr\u00e8s une concertation avec le gouvernement, les compagnies de transport ont suspendu hier 23 juin leur mot d\u2019ordre de gr\u00e8ve en attendant la signature d\u2019un accord. Plus t\u00f4t le vendredi 21 juin 2019 \u00e0 Ouagadougou, elles avaient annonc\u00e9 un arr\u00eat d\u2019exploitation (gr\u00e8ve) de 72 h (du 24 au 26 juin) suivi, le 27 juin, d\u2019un \u00abr\u00e9ajustement\u00bb des tarifs de transport. Cette d\u00e9cision n\u2019a pas \u00e9t\u00e9 prise \u00abde gait\u00e9 de c\u0153ur, mais plut\u00f4t parce que le gouvernement\u00a0est rest\u00e9 aveugle et sourd face \u00e0 la d\u00e9tresse des transporteurs\u00a0\u2026 apr\u00e8s plusieurs lettres de rappel que les transporteurs sont\u00a0inexorablement au bord de la faillite\u00bb, estime le secr\u00e9taire g\u00e9n\u00e9ral de la F\u00e9d\u00e9ration nationale des acteurs du transport routier (FENAT), Bonaventure K\u00e9r\u00e9. A l\u2019entendre, depuis 2015, la f\u00e9d\u00e9ration a adress\u00e9 une plateforme de 11 points, actualis\u00e9e en cinq points, r\u00e9pertoriant leurs principales pr\u00e9occupations. Face au silence du gouvernement, a expliqu\u00e9 Bonaventure K\u00e9r\u00e9, les transporteurs avaient engag\u00e9 en mars 2017, un arr\u00eat d\u2019exploitation de 72 h qui devait \u00eatre suivi d\u2019un r\u00e9ajustement des tarifs de transport. \u00abA la demande du gouvernement, les transporteurs routiers, patriotiquement et d\u2019une mani\u00e8re responsable, ont accept\u00e9 de suspendre ce mot d\u2019ordre \u00e0 la suite de l\u2019attaque terroriste sur l\u2019Etat-major g\u00e9n\u00e9ral des arm\u00e9es\u00bb, a-t-il soutenu. Et de poursuivre qu\u2019\u00e0 l\u2019issue des pourparlers, le gouvernement s\u2019\u00e9tait engag\u00e9 \u00e0 r\u00e9soudre tous les points de la plateforme d\u2019ici \u00e0 fin 2018. Il s\u2019agit de la lev\u00e9e de la double taxation de la TVA dans le secteur, la d\u00e9molition des ralentisseurs anarchiques, l\u2019arr\u00eat des tracasseries routi\u00e8res, l\u2019augmentation des tarifs de transport avec celle du prix du carburant et le passage de la fr\u00e9quence des visites techniques (CCVA), entre 1 \u00e0 2 ans pour les v\u00e9hicules de transports de marchandises et entre six mois \u00e0 un an pour ceux de transport de passagers. \u00abSeul le dernier point a \u00e9t\u00e9 satisfait\u00bb, a-t-il fait savoir. L\u2019\u00e9valuation de l\u2019ex\u00e9cution de cette plateforme qui devait intervenir en d\u00e9cembre 2018 a \u00e9t\u00e9 repouss\u00e9e pour cause du changement de gouvernement en f\u00e9vrier 2019 et depuis lors, plus rien. C\u2019est pourquoi les patrons des compagnies de transport disent avoir d\u00e9cid\u00e9 de cet autre mot d\u2019ordre. A combien s\u2019\u00e9l\u00e8vera l\u2019augmentation des prix des transports\u00a0? A cette question, la f\u00e9d\u00e9ration a expliqu\u00e9 qu\u2019il est interdit de se concerter pour fixer les prix et que chaque compagnie reverra ses tarifs en fonction de ses charges d\u2019exploitation. \u00abL\u2019arr\u00eat d\u2019exploitation s\u2019impose \u00e0 nous. C\u2019est pr\u00e9f\u00e9rable de fermer pendant trois jours pour trouver des solutions aux probl\u00e8mes que de continuer \u00e0 travailler \u00e0 perte pour ensuite mettre les cl\u00e9s sous le paillasson\u00bb, a pr\u00e9cis\u00e9 Amadou Coulibaly, membre de la FENAT. Quant \u00e0 la suite \u00e0 donner \u00e0 ce mouvement d\u2019humeur, si rien n\u2019est fait, la FENAT s\u2019est voulue prudente\u00a0: \u00abOn avisera, mais on compte sur la bonne foi du gouvernement\u00bb.<\/p>\n<p>Jean-Marie TOE<\/p>\n<div class=\"td-a-rec td-a-rec-id-content_bottom td_uid_30_5d11442301937_rand td_block_template_1\"><img loading=\"lazy\" decoding=\"async\" class=\"aligncenter size-full wp-image-9623\" src=\"https:\/\/www.sidwaya.info\/wp-content\/uploads\/2019\/06\/Projet-bannie%CC%80re-Orange-mobile.jpg\" alt=\"\" width=\"728\" height=\"81\"\/><\/div>\n<p>Auteur: BM. Sidwaya<br \/>\n<a href=\"https:\/\/www.sidwaya.info\/blog\/2019\/06\/23\/greve-annoncee-des-transporteurs-routiers\/\">Cliquez ici pour lire l&rsquo;article depuis sa source.<\/a><\/p>\n","protected":false},"excerpt":{"rendered":"<p>La F\u00e9d\u00e9ration nationale des acteurs du transport routier (FENAT) a organis\u00e9 une conf\u00e9rence de presse, le vendredi 21 juin 2019 \u00e0 Ouagadougou, pour annoncer un arr\u00eat d\u2019exploitation du 24 au 26 juin, suivi d\u2019un r\u00e9ajustement des tarifs de transport le 27 juin sur toute l\u2019\u00e9tendue du territoire national. Aux derni\u00e8res nouvelles, le mot d\u2019ordre a [&hellip;]<\/p>\n","protected":false},"author":1816,"featured_media":0,"comment_status":"closed","ping_status":"closed","sticky":false,"template":"","format":"standard","meta":{"fifu_image_url":"","fifu_image_alt":"","footnotes":""},"categories":[73,81],"tags":[],"class_list":["post-42433","post","type-post","status-publish","format-standard","hentry","category-actualite","category-burkina-faso"],"_links":{"self":[{"href":"https:\/\/linitiative.ca\/International\/wp-json\/wp\/v2\/posts\/42433","targetHints":{"allow":["GET"]}}],"collection":[{"href":"https:\/\/linitiative.ca\/International\/wp-json\/wp\/v2\/posts"}],"about":[{"href":"https:\/\/linitiative.ca\/International\/wp-json\/wp\/v2\/types\/post"}],"author":[{"embeddable":true,"href":"https:\/\/linitiative.ca\/International\/wp-json\/wp\/v2\/users\/1816"}],"replies":[{"embeddable":true,"href":"https:\/\/linitiative.ca\/International\/wp-json\/wp\/v2\/comments?post=42433"}],"version-history":[{"count":0,"href":"https:\/\/linitiative.ca\/International\/wp-json\/wp\/v2\/posts\/42433\/revisions"}],"wp:attachment":[{"href":"https:\/\/linitiative.ca\/International\/wp-json\/wp\/v2\/media?parent=42433"}],"wp:term":[{"taxonomy":"category","embeddable":true,"href":"https:\/\/linitiative.ca\/International\/wp-json\/wp\/v2\/categories?post=42433"},{"taxonomy":"post_tag","embeddable":true,"href":"https:\/\/linitiative.ca\/International\/wp-json\/wp\/v2\/tags?post=42433"}],"curies":[{"name":"wp","href":"https:\/\/api.w.org\/{rel}","templated":true}]}}