{"id":42434,"date":"2019-06-23T18:31:34","date_gmt":"2019-06-23T22:31:34","guid":{"rendered":"https:\/\/linitiative.ca\/International\/micro-finances-en-afrique-de-louest\/"},"modified":"2019-06-23T18:31:34","modified_gmt":"2019-06-23T22:31:34","slug":"micro-finances-en-afrique-de-louest","status":"publish","type":"post","link":"https:\/\/linitiative.ca\/International\/micro-finances-en-afrique-de-louest\/","title":{"rendered":"Micro finances en Afrique de l\u2019Ouest"},"content":{"rendered":"<div class=\"td-post-featured-image\"><a href=\"https:\/\/i1.wp.com\/www.sidwaya.info\/wp-content\/uploads\/2019\/06\/financesid.gif?fit=787%2C525&#038;ssl=1\" data-caption=\"\"><img loading=\"lazy\" decoding=\"async\" width=\"696\" height=\"464\" class=\"entry-thumb td-modal-image\" src=\"https:\/\/i1.wp.com\/www.sidwaya.info\/wp-content\/uploads\/2019\/06\/financesid.gif?resize=696%2C464&#038;ssl=1\" alt=\"\" title=\"financesid\"\/><\/a><\/div>\n<p><strong>La Conf\u00e9d\u00e9ration des institutions financi\u00e8res d\u2019Afrique de l\u2019Ouest (CIF) a tenu sa 10e assembl\u00e9e g\u00e9n\u00e9rale ordinaire, le vendredi 21 juin 2019, \u00e0 Ouagadougou.<\/strong><\/p>\n<p>La Conf\u00e9d\u00e9ration des institutions financi\u00e8res d\u2019Afrique de l\u2019Ouest (CIF) est en \u00abbonne sant\u00e9\u00bb. Au 31 d\u00e9cembre 2018, ses six r\u00e9seaux membres comptaient 171 caisses de base affili\u00e9es. Les caisses ont rendu les services financiers accessibles \u00e0 4\u00a0796\u00a0179 membres dans 794 points de vente. Elles ont mobilis\u00e9, en fin 2018, un encours d\u2019\u00e9pargne de l\u2019ordre de 373 849 milliards F CFA. Quant au plan de travail, son taux de r\u00e9alisation a \u00e9t\u00e9 \u00e9tabli \u00e0 91,12%. Ce bilan a \u00e9t\u00e9 dress\u00e9 par le Pr\u00e9sident du conseil d\u2019administration (PCA) de la CIF, Moustapha Niang, lors de la 10e assembl\u00e9e g\u00e9n\u00e9rale de l\u2019institution, le 21 juin 2019 \u00e0 Ouagadougou. Le taux de r\u00e9alisation du plan de travail de la CIF en 2018 \u00e9tabli \u00e0 91,12% a \u00e9t\u00e9 jug\u00e9 satisfaisant par le pr\u00e9sident du conseil d\u2019administration, Moustapha Niang. Pour le PCA, ces r\u00e9sultats sont l\u2019aboutissement des efforts conjugu\u00e9s de tous les acteurs\u00a0: dirigeants, personnel, partenaires techniques et financiers et la tutelle. \u00abAu cours de 2018, la situation socio\u00e9conomique de la sous-r\u00e9gion et partant du pays si\u00e8ge de la conf\u00e9d\u00e9ration \u00e9tait caract\u00e9ris\u00e9e par un contexte s\u00e9curitaire d\u00e9l\u00e9t\u00e8re. Mais dans cet environnement, les r\u00e9seaux membres de la CIF ont fait preuve d\u2019exp\u00e9rience et d\u2019adaptation pour poursuivre r\u00e9solument leurs objectifs individuel et collectif permettant l\u2019\u00e9volution des indicateurs en 2018\u00bb, s\u2019est r\u00e9joui Moustapha Niang.<br \/>Malgr\u00e9 les succ\u00e8s, d\u2019\u00e9normes d\u00e9fis restent \u00e0 relever pour une conf\u00e9d\u00e9ration au service des r\u00e9seaux de coop\u00e9ratives financi\u00e8res viables et responsables offrant des services de qualit\u00e9, a-t-il soulign\u00e9. A titre illustratif, le secteur de la micro finance de l\u2019Union mon\u00e9taire ouest-africaine (UMOA) a connu en 2018, un taux d\u2019accroissement des \u00e9pargnes de 13,2% et de l\u2019encours des cr\u00e9dits de 18,2% contre des taux respectifs de 3% et 8,13% pour le r\u00e9seau CIF, selon M. Niang.<br \/>\u00abCes donn\u00e9es montrent \u00e0 suffisance que les caisses de micro finance ne sont pas dans le rythme de la croissance de l\u2019\u00e9pargne et du cr\u00e9dit dans l\u2019espace UMOA\u00bb, a reconnu le PCA de la CIF.<\/p>\n<p>Soutenir le r\u00e9seau<\/p>\n<p>Conscient de cela, il a exhort\u00e9 les dirigeants et le personnel, \u00e0 plus d\u2019abn\u00e9gation au travail. Quant aux partenaires techniques et financiers et \u00e0 la tutelle, le PCA attend plus d\u2019accompagnement pour permettre au r\u00e9seau de combler cette marge de progression.<br \/>Depuis ao\u00fbt 2018, la CIF est entr\u00e9e dans une phase cruciale du processus de remplacement de son Syst\u00e8me d\u2019information et de gestion(SIG). Et M. Niang a convi\u00e9 tous les acteurs \u00e0 travailler avec plus de professionnalisme pour la r\u00e9ussite de ce projet vital pour l\u2019avenir du r\u00e9seau. \u00abUn SIG performant devrait nous permettre de diversifier nos offres de service, d\u2019avoir des informations fiables et \u00e0 temps r\u00e9el indispensables pour les prises de d\u00e9cisions et la bonne gouvernance\u00bb, a-t-il poursuivi.<br \/>Selon le repr\u00e9sentant du ministre en charge de l\u2019\u00e9conomie, Victor Guissou, le d\u00e9partement, la tutelle, accorde une attention particuli\u00e8re \u00e0 ce projet au regard des enjeux que rev\u00eat cette solution, mais aussi, de l\u2019importance en terme d\u2019investissement financier, humain et mat\u00e9riel que cela n\u00e9cessite. \u00abJe vous encourage \u00e0 veiller \u00e0 la r\u00e9ussite de ce noble chantier dans les d\u00e9lais raisonnables et surtout \u0153uvrer fortement \u00e0 minimiser les risques et \u00e9carts possibles\u00bb, a d\u00e9clar\u00e9 le repr\u00e9sentant du ministre en charge de l\u2019\u00e9conomie.<br \/>Victor Guissou a rassur\u00e9 la disponibilit\u00e9 du gouvernement \u00e0 appuyer le r\u00e9seau afin que ce projet d\u00e9bouche sur une croissance durable et aussi large que possible de leurs r\u00e9seaux respectifs. Car, a-t-il confirm\u00e9,\u00a0le souci permanent de la protection de l\u2019\u00e9pargne, la s\u00e9curit\u00e9 des op\u00e9rations ainsi que l\u2019obligation de rendre compte doivent guider leurs actions quotidiennes afin de prot\u00e9ger le capital de confiance entre eux et leurs soci\u00e9taires.<br \/>Mise en place en 2007 \u00e0 Ouagadougou, la conf\u00e9d\u00e9ration des institutions financi\u00e8res d\u2019Afrique de l\u2019Ouest est compos\u00e9e de six faiti\u00e8res nationales de coop\u00e9ratives d\u2019\u00e9pargne et de cr\u00e9dit dans les pays de la zone UMOA. Il s\u2019agit de la Faiti\u00e8re des caisses populaires du Burkina (FCPB), la Faiti\u00e8re des caisses d\u2019\u00e9pargne et de cr\u00e9dit agricole mutuel du B\u00e9nin (FECECAM-B\u00e9nin), la Faiti\u00e8re des unit\u00e9s coop\u00e9ratives d\u2019\u00e9pargne et de cr\u00e9dit du Togo (FUCEC-Togo), l\u2019Union des caisses mutuelles d\u2019\u00e9pargne et de cr\u00e9dit du Mali (KafoJiginew), le R\u00e9seau des caisses d\u2019\u00e9pargne et de cr\u00e9dit du Mali (Nyesigiso) et l\u2019Union des mutuelles du partenariat pour la mobilisation de l\u2019\u00e9pargne et le cr\u00e9dit au S\u00e9n\u00e9gal (UM-PAMECAS).<\/p>\n<p>Abdel Aziz NABALOUM<br \/>emirathe@yahoo.fr<\/p>\n<div class=\"td-a-rec td-a-rec-id-content_bottom td_uid_30_5d114425dec49_rand td_block_template_1\"><img loading=\"lazy\" decoding=\"async\" class=\"aligncenter size-full wp-image-9623\" src=\"https:\/\/www.sidwaya.info\/wp-content\/uploads\/2019\/06\/Projet-bannie%CC%80re-Orange-mobile.jpg\" alt=\"\" width=\"728\" height=\"81\"\/><\/div>\n<p>Auteur: BM. Sidwaya<br \/>\n<a href=\"https:\/\/www.sidwaya.info\/blog\/2019\/06\/23\/micro-finances-en-afrique-de-louest\/\">Cliquez ici pour lire l&rsquo;article depuis sa source.<\/a><\/p>\n","protected":false},"excerpt":{"rendered":"<p>La Conf\u00e9d\u00e9ration des institutions financi\u00e8res d\u2019Afrique de l\u2019Ouest (CIF) a tenu sa 10e assembl\u00e9e g\u00e9n\u00e9rale ordinaire, le vendredi 21 juin 2019, \u00e0 Ouagadougou. La Conf\u00e9d\u00e9ration des institutions financi\u00e8res d\u2019Afrique de l\u2019Ouest (CIF) est en \u00abbonne sant\u00e9\u00bb. Au 31 d\u00e9cembre 2018, ses six r\u00e9seaux membres comptaient 171 caisses de base affili\u00e9es. Les caisses ont rendu les [&hellip;]<\/p>\n","protected":false},"author":1816,"featured_media":0,"comment_status":"closed","ping_status":"closed","sticky":false,"template":"","format":"standard","meta":{"fifu_image_url":"","fifu_image_alt":"","footnotes":""},"categories":[73,81],"tags":[],"class_list":["post-42434","post","type-post","status-publish","format-standard","hentry","category-actualite","category-burkina-faso"],"_links":{"self":[{"href":"https:\/\/linitiative.ca\/International\/wp-json\/wp\/v2\/posts\/42434","targetHints":{"allow":["GET"]}}],"collection":[{"href":"https:\/\/linitiative.ca\/International\/wp-json\/wp\/v2\/posts"}],"about":[{"href":"https:\/\/linitiative.ca\/International\/wp-json\/wp\/v2\/types\/post"}],"author":[{"embeddable":true,"href":"https:\/\/linitiative.ca\/International\/wp-json\/wp\/v2\/users\/1816"}],"replies":[{"embeddable":true,"href":"https:\/\/linitiative.ca\/International\/wp-json\/wp\/v2\/comments?post=42434"}],"version-history":[{"count":0,"href":"https:\/\/linitiative.ca\/International\/wp-json\/wp\/v2\/posts\/42434\/revisions"}],"wp:attachment":[{"href":"https:\/\/linitiative.ca\/International\/wp-json\/wp\/v2\/media?parent=42434"}],"wp:term":[{"taxonomy":"category","embeddable":true,"href":"https:\/\/linitiative.ca\/International\/wp-json\/wp\/v2\/categories?post=42434"},{"taxonomy":"post_tag","embeddable":true,"href":"https:\/\/linitiative.ca\/International\/wp-json\/wp\/v2\/tags?post=42434"}],"curies":[{"name":"wp","href":"https:\/\/api.w.org\/{rel}","templated":true}]}}