{"id":42436,"date":"2019-06-23T18:42:10","date_gmt":"2019-06-23T22:42:10","guid":{"rendered":"https:\/\/linitiative.ca\/International\/yirgou-les-femmes-denoncent-la-lenteur-de-la-justice\/"},"modified":"2019-06-23T18:42:10","modified_gmt":"2019-06-23T22:42:10","slug":"yirgou-les-femmes-denoncent-la-lenteur-de-la-justice","status":"publish","type":"post","link":"https:\/\/linitiative.ca\/International\/yirgou-les-femmes-denoncent-la-lenteur-de-la-justice\/","title":{"rendered":"Yirgou: les femmes d\u00e9noncent la lenteur  de la justice"},"content":{"rendered":"<div class=\"td-post-featured-image\"><a href=\"https:\/\/i0.wp.com\/www.sidwaya.info\/wp-content\/uploads\/2019\/06\/yirgou24.gif?fit=787%2C523&#038;ssl=1\" data-caption=\"\"><img loading=\"lazy\" decoding=\"async\" width=\"696\" height=\"463\" class=\"entry-thumb td-modal-image\" src=\"https:\/\/i0.wp.com\/www.sidwaya.info\/wp-content\/uploads\/2019\/06\/yirgou24.gif?resize=696%2C463&#038;ssl=1\" alt=\"\" title=\"yirgou24\"\/><\/a><\/div>\n<p><strong>Le Collectif contre l\u2019impunit\u00e9 et la stigmatisation des communaut\u00e9s (CISC) \u00e9tait en sit-in, le samedi 22 juin 2019, devant le palais de justice de Ouagadougou. Un mouvement initi\u00e9 par sa cellule f\u00e9minine, \u00ab mouvement femmes d\u00e9bout \u00bb, pour d\u00e9noncer la lenteur de la justice dans le traitement du dossier sur les massacres de Yirgou.<\/strong><\/p>\n<p>Le 1er janvier 2019, \u00e0 Yirgou, un village de la commune rurale de Barsalgo, dans le Centre-Nord, la communaut\u00e9 peuhle avait \u00e9t\u00e9 victime d\u2019un massacre. Un drame qui s\u2019est poursuivi, les 2 et 3 janvier, et s\u2019est \u00e9tendue \u00e0 20 autres villages des provinces du Sanmatenga et du Soum, occasionnant ainsi, plus de 210 d\u00e9c\u00e8s et 10 000 d\u00e9plac\u00e9s, selon les chiffres communiqu\u00e9s par le Collectif contre l\u2019impunit\u00e9 et la stigmatisation des communaut\u00e9s (CISC) au cours d\u2019un sit-in, le samedi 22 juin 2019 \u00e0 Ouagadougou. Pour la porte-parole du \u00abmouvement femmes debout\u00bb, la cellule f\u00e9minine du Collectif, Afsa Diabi, les auteurs de ces exactions sont connus et jusque-l\u00e0, il n\u2019y a eu aucune arrestation. \u00abLes rescap\u00e9s, notamment les femmes des supplici\u00e9s ont pu identifier formellement les assassins de leurs maris, fils, fr\u00e8res, p\u00e8res et grands-p\u00e8res\u00bb, a expliqu\u00e9 Mme Diabi. Aussi a-t-elle ajout\u00e9, le procureur pr\u00e8s le Tribunal de grande instance (TGI) de Kaya a \u00e9num\u00e9r\u00e9 130 suspects s\u00e9rieux identifi\u00e9s par l\u2019enqu\u00eate. Et de poursuivre que pour sa part, le Premier ministre, Christophe Dabir\u00e9, lors de son adresse \u00e0 la Repr\u00e9sentation nationale, le 16 mai dernier, avait fait cas de 160 auditionn\u00e9s.<br \/>Malgr\u00e9 ces donn\u00e9es, cinq mois et 21 jours apr\u00e8s, la justice se fait toujours attendre, a-t-elle d\u00e9plor\u00e9, d\u2019o\u00f9 ce sit-in des femmes du CISC pour exiger la justice et la v\u00e9rit\u00e9. \u00abNous interpellons le procureur g\u00e9n\u00e9ral, sup\u00e9rieur hi\u00e9rarchique du procureur de Kaya, sur leurs responsabilit\u00e9s collectives\u00bb, a martel\u00e9 Afsa Diabo.<br \/>Le m\u00eame appel \u00e0 la justice a \u00e9t\u00e9 pass\u00e9 en fran\u00e7ais, moor\u00e9 et fulfud\u00e9 par les manifestantes qui ont pris d\u2019assaut la devanture du palais de justice de Ouagadougou. La plupart des rescap\u00e9s, veuves, filles, parents et proches des victimes, se sont assis \u00e0 m\u00eame le sol devant l\u2019entr\u00e9e principale du palais, avec chacun sur sa t\u00eate une calebasse renvers\u00e9e, sur laquelle \u00e9tait \u00e9crit, entre autres messages, \u00abStop aux stigmatisations\u00bb, \u00abPlus jamais \u00e7a au Burkina Faso\u00bb, \u00ab Non aux violences\u00bb, \u00abTrop de veuves et d\u2019orphelins\u00bb et \u00abJustice pour Yirgou\u00bb. Une mani\u00e8re d\u2019exprimer leur deuil, tristesse et d\u00e9solation. Pour cette manifestation, les femmes avaient \u00e0 leurs c\u00f4t\u00e9s des hommes du CISC. Ensemble, ils ont, en outre, d\u00e9nonc\u00e9 la d\u00e9tresse humanitaire des d\u00e9plac\u00e9s sur les sites. \u00abA ce jour, les tentes ont \u00e9t\u00e9 d\u00e9mont\u00e9es et la plupart des refugi\u00e9s ont d\u00fb d\u00e9camper. Seuls quelques femmes et enfants y sont toujours, soutenus par des familles d\u2019accueil. De 11 kg de c\u00e9r\u00e9ales par mois, l\u2019on est pass\u00e9 \u00e0 7kg. Nous en appelons \u00e0 la responsabilit\u00e9 du gouvernement pour respecter l\u2019un des droits \u00e9l\u00e9mentaires, l\u2019alimentation\u00bb, a d\u00e9plor\u00e9 Afsa Diabi. Ce sit-in a \u00e9t\u00e9 \u00e9galement une occasion pour le CISC d\u2019appeler les Burkinab\u00e8 \u00e0 la paix et \u00e0 la coh\u00e9sion sociale.<\/p>\n<p>Mariam OUEDRAOGO<\/p>\n<div class=\"td-a-rec td-a-rec-id-content_bottom td_uid_30_5d11442c26393_rand td_block_template_1\"><img loading=\"lazy\" decoding=\"async\" class=\"aligncenter size-full wp-image-9623\" src=\"https:\/\/www.sidwaya.info\/wp-content\/uploads\/2019\/06\/Projet-bannie%CC%80re-Orange-mobile.jpg\" alt=\"\" width=\"728\" height=\"81\"\/><\/div>\n<p>Auteur: BM. Sidwaya<br \/>\n<a href=\"https:\/\/www.sidwaya.info\/blog\/2019\/06\/23\/yirgou-les-femmes-denoncent-la-lenteur-de-la-justice\/\">Cliquez ici pour lire l&rsquo;article depuis sa source.<\/a><\/p>\n","protected":false},"excerpt":{"rendered":"<p>Le Collectif contre l\u2019impunit\u00e9 et la stigmatisation des communaut\u00e9s (CISC) \u00e9tait en sit-in, le samedi 22 juin 2019, devant le palais de justice de Ouagadougou. Un mouvement initi\u00e9 par sa cellule f\u00e9minine, \u00ab mouvement femmes d\u00e9bout \u00bb, pour d\u00e9noncer la lenteur de la justice dans le traitement du dossier sur les massacres de Yirgou. Le [&hellip;]<\/p>\n","protected":false},"author":1816,"featured_media":0,"comment_status":"closed","ping_status":"closed","sticky":false,"template":"","format":"standard","meta":{"fifu_image_url":"","fifu_image_alt":"","footnotes":""},"categories":[73,81],"tags":[],"class_list":["post-42436","post","type-post","status-publish","format-standard","hentry","category-actualite","category-burkina-faso"],"_links":{"self":[{"href":"https:\/\/linitiative.ca\/International\/wp-json\/wp\/v2\/posts\/42436","targetHints":{"allow":["GET"]}}],"collection":[{"href":"https:\/\/linitiative.ca\/International\/wp-json\/wp\/v2\/posts"}],"about":[{"href":"https:\/\/linitiative.ca\/International\/wp-json\/wp\/v2\/types\/post"}],"author":[{"embeddable":true,"href":"https:\/\/linitiative.ca\/International\/wp-json\/wp\/v2\/users\/1816"}],"replies":[{"embeddable":true,"href":"https:\/\/linitiative.ca\/International\/wp-json\/wp\/v2\/comments?post=42436"}],"version-history":[{"count":0,"href":"https:\/\/linitiative.ca\/International\/wp-json\/wp\/v2\/posts\/42436\/revisions"}],"wp:attachment":[{"href":"https:\/\/linitiative.ca\/International\/wp-json\/wp\/v2\/media?parent=42436"}],"wp:term":[{"taxonomy":"category","embeddable":true,"href":"https:\/\/linitiative.ca\/International\/wp-json\/wp\/v2\/categories?post=42436"},{"taxonomy":"post_tag","embeddable":true,"href":"https:\/\/linitiative.ca\/International\/wp-json\/wp\/v2\/tags?post=42436"}],"curies":[{"name":"wp","href":"https:\/\/api.w.org\/{rel}","templated":true}]}}