{"id":42437,"date":"2019-06-23T18:49:07","date_gmt":"2019-06-23T22:49:07","guid":{"rendered":"https:\/\/linitiative.ca\/International\/medias-et-securite-en-afrique-de-louest\/"},"modified":"2019-06-23T18:49:07","modified_gmt":"2019-06-23T22:49:07","slug":"medias-et-securite-en-afrique-de-louest","status":"publish","type":"post","link":"https:\/\/linitiative.ca\/International\/medias-et-securite-en-afrique-de-louest\/","title":{"rendered":"M\u00e9dias et s\u00e9curit\u00e9 en Afrique de l\u2019Ouest"},"content":{"rendered":"<div class=\"td-post-featured-image\"><a href=\"https:\/\/i0.wp.com\/www.sidwaya.info\/wp-content\/uploads\/2019\/06\/forumm24.gif?fit=787%2C525&#038;ssl=1\" data-caption=\"\"><img loading=\"lazy\" decoding=\"async\" width=\"696\" height=\"464\" class=\"entry-thumb td-modal-image\" src=\"https:\/\/i0.wp.com\/www.sidwaya.info\/wp-content\/uploads\/2019\/06\/forumm24.gif?resize=696%2C464&#038;ssl=1\" alt=\"\" title=\"forumm24\"\/><\/a><\/div>\n<p><strong>Le forum sur la s\u00e9curit\u00e9 et la lutte contre le terrorisme dans la zone UEMOA a clos ses portes, le vendredi 21 juin 2019 avec \u00e0 la cl\u00e9, l\u2019appel de Ouagadougou pour une meilleure contribution des m\u00e9dias au combat contre la n\u00e9buleuse terroriste.<\/strong><\/p>\n<p>A l\u2019issue de deux jours de travaux, des journalistes, des \u00e9tudiants en journalisme et communication, des acteurs \u00e9tatiques et de la s\u00e9curit\u00e9 des pays de l\u2019Afrique de l\u2019Ouest, du G5 Sahel et d\u2019ailleurs, r\u00e9unis dans la capitale burkinab\u00e8 pour le forum sur la s\u00e9curit\u00e9 et la lutte contre le terrorisme dans la zone UEMOA, ont tous reconnu que les m\u00e9dias ont un grand r\u00f4le \u00e0 jouer dans le combat contre la n\u00e9buleuse terroriste. De ce fait, ils ont lanc\u00e9 l\u2019appel de Ouagadougou qui recommande aux m\u00e9dias de cr\u00e9er des espaces d\u2019informations, d\u2019\u00e9ducation et de sensibilisation sur le vivre-ensemble et de travailler \u00e0 la sp\u00e9cialisation des journalistes-reporters au traitement de l\u2019information s\u00e9curitaire. Les institutions sous-r\u00e9gionales, notamment l\u2019UEMOA et le G5 Sahel, ont \u00e9t\u00e9 appel\u00e9es \u00e0 renforcer les capacit\u00e9s d\u2019actions des journalistes \u00e0 travers des \u00e9quipements et des formations. Elles se doivent \u00e9galement de d\u00e9velopper des projets et programmes \u00e9ducatifs dans les domaines de la paix et de la s\u00e9curit\u00e9 en collaboration avec le Groupement des \u00e9diteurs de presse publique d\u2019Afrique de l\u2019Ouest (GEPPAO), initiateur du forum. L\u2019\u00e9diction d\u2019une charte d\u2019\u00e9thique commune en situation de crise s\u00e9curitaire, la mise en place et la valorisation d\u2019un comit\u00e9 d\u2019experts issus de ce forum avec rang consultatif pour les gouvernants figurent \u00e9galement dans l\u2019Appel de Ouagagougou. Les participants ont, en outre, recommand\u00e9 aux gouvernants de faciliter le travail des journa-listes en renfor\u00e7ant leurs capacit\u00e9s d\u2019intervention sur le terrain, d\u2019instaurer un climat de confiance entre les acteurs de la lutte et de va-loriser les m\u00e9dias nationaux. Pour la r\u00e9alisation de toutes ces recommandations, un conseil scientifique plac\u00e9 sous la pr\u00e9sidence du chef de l\u2019Etat, Roch Kabor\u00e9 et compos\u00e9 d\u2019une quinzaine d\u2019experts aux comp\u00e9tences riches et compl\u00e9mentaires a \u00e9t\u00e9 mis en place. Il est charg\u00e9 de reprendre le flambeau du forum et de travailler inlassa-blement pour trouver des solutions durables aux probl\u00e8mes actuels. Ce comit\u00e9 assistera toutes les institutions sous-r\u00e9gionales et internationales qui militent pour la d\u00e9mocratie et la bonne gouvernance, la paix, la s\u00e9curit\u00e9, les droits de l\u2019homme, les libert\u00e9s publiques, la li-bert\u00e9 de presse et le d\u00e9veloppement \u00e9conomique et social de l\u2019Afrique de l\u2019Ouest. Ce, afin que des solutions africaines soient trouv\u00e9es aux probl\u00e8mes africains par des africains.<\/p>\n<p>Une contribution salu\u00e9e<\/p>\n<p>Toutes ces r\u00e9solutions ont \u00e9t\u00e9 prises \u00e0 la suite de plusieurs communications et discussions sur des th\u00e9matiques en lien avec le th\u00e8me du forum : \u00ab Le r\u00f4le des m\u00e9dias dans la lutte contre le terrorisme en Afrique de l\u2019Ouest : entre contraintes s\u00e9curitaires et devoirs professionnels \u00bb. Ainsi, du rapport de la rencontre pr\u00e9sent\u00e9 par le secr\u00e9taire g\u00e9n\u00e9ral du GEPPAO et le directeur g\u00e9n\u00e9ral des Editions Sidwaya, Mahamadi Ti\u00e9gna, il est ressorti que des experts et d\u2019\u00e9minentes personnalit\u00e9s dont l\u2019ancien Premier ministre du Mali, Soumeylou Boub\u00e8ye Ma\u00efga, le directeur ex\u00e9cutif de Smart Africa, Hamadoun Tour\u00e9, l\u2019ancienne ministre des Affaires \u00e9trang\u00e8res du Niger, Aichatou Mindaoudou, les journalistes Serge Daniel, correspondant de RFI au Mali et Isselmou Moustapha Salihi, fondateur du journal Tahalil en Mauritanie\u2026ont planch\u00e9 sur les raisons et les cons\u00e9quences du terrorisme dans la sous-r\u00e9gion ainsi que les bonnes mani\u00e8res de traiter les informations y aff\u00e9rentes afin de ne pas faire le jeu des terroristes. Le pr\u00e9sident du GEPPAO, Venance Konan, par ailleurs directeur g\u00e9n\u00e9ral de Fraternit\u00e9 Matin de la C\u00f4te d\u2019Ivoire, s\u2019est dit combl\u00e9 par les r\u00e9sultats atteints. \u00abLes travaux ont \u00e9t\u00e9 tr\u00e8s riches. Nous allons maintenant nous employer \u00e0 appliquer les recommandations formul\u00e9es\u00bb, a-t-il inform\u00e9. S\u2019agissant de l\u2019Appel de Ouagadougou, il dit esp\u00e9rer qu\u2019il sera entendu, car selon lui, la question de l\u2019ins\u00e9curit\u00e9 concerne tout le monde et chacun doit jouer sa partition. Du c\u00f4t\u00e9 du gouvernement burkinab\u00e8, le message est bien re\u00e7u, foi du ministre de la Communication et des Relations avec le Parlement, Remis Fulgance Dandjinou. Repr\u00e9sentant le chef de l\u2019Etat, celui-ci s\u2019est r\u00e9joui de la pertinence des contributions apport\u00e9es.<br \/>Il a aussi f\u00e9licit\u00e9 le forum pour l\u2019\u00e9laboration d\u2019un projet d\u2019\u00e9ducation et de sensibilisation des acteurs des m\u00e9dias de la sous-r\u00e9gion dans le sens d\u2019une participation plus efficace \u00e0 la lutte contre le terrorisme. \u00abLedit projet sera soumis \u00e0 l\u2019UEMOA pour son application. Le forum a donc \u00e9t\u00e9 utile, car il a permis de poser les bases d\u2019une action concert\u00e9e port\u00e9e par la sous-r\u00e9gion. Nous avons espoir que cette contribution apportera ses fruits dans le quotidien des populations de la zone du G5-Sahel\u00bb, a-t-il souhait\u00e9. En attendant cela, il a rassur\u00e9 les m\u00e9dias de l\u2019engagement du chef de l\u2019Etat et des gouvernements des pays membres du G5 Sahel \u00e0 leur apporter le soutien n\u00e9cessaire dans leur contribution \u00e0 la lutte contre le terrorisme.<\/p>\n<p>Eliane SOME<\/p>\n<p>\u2026\u2026\u2026\u2026\u2026\u2026\u2026\u2026\u2026\u2026\u2026\u2026\u2026\u2026\u2026\u2026\u2026\u2026\u2026\u2026\u2026\u2026\u2026\u2026\u2026\u2026\u2026\u2026\u2026\u2026\u2026\u2026\u2026\u2026\u2026\u2026\u2026\u2026\u2026\u2026\u2026\u2026.<\/p>\n<p>La bonne note des participants<\/p>\n<p>A la fin du forum, plusieurs participants ont appr\u00e9ci\u00e9 positivement les travaux et livr\u00e9 leur lecture du traitement de l\u2019information relative aux actes terroristes.<\/p>\n<p>Daouda Man\u00e9, directeur de la r\u00e9daction du journal s\u00e9n\u00e9galais<br \/>\u00abLe Soleil\u00bb: \u00abLe forum a \u00e9t\u00e9 tr\u00e8s instructif\u00bb.<br \/>\u00abLe forum a \u00e9t\u00e9 tr\u00e8s instructif du point de vue des communications de haute facture qui l\u2019ont meubl\u00e9. Les uns et les autres ont beaucoup appris et utiliseront les id\u00e9es re\u00e7ues pour que l\u2019Afrique de l\u2019Ouest et m\u00eame tout le continent en b\u00e9n\u00e9ficie. S\u2019agissant du traitement des informations sur le terrorisme, c\u2019est un exercice difficile pour le journaliste, parce que l\u2019imp\u00e9ratif du devoir d\u2019informer se confronte \u00e0 celui de pr\u00e9server la s\u00e9curit\u00e9 publique par laquelle il est concern\u00e9. Car, sans paix, il aura du mal \u00e0 exercer son m\u00e9tier. Il faut donc que les m\u00e9dias, les forces de d\u00e9fense et de s\u00e9curit\u00e9 et les gouvernants travaillent ensemble en toute confiance sans quoi, il n\u2019y aura pas de r\u00e9sultats\u00bb<\/p>\n<p>Valentin Mbougueng, conseiller sp\u00e9cial du DG de Fraternit\u00e9 Matin : \u00abNous avons parfois fait le jeu des terroristes\u00bb.<br \/>\u00abDans le contexte de terrorisme, il faut absolument s\u2019en tenir \u00e0 l\u2019\u00e9thique dans le traitement de l\u2019information y aff\u00e9rente. Il faut avoir \u00e0 l\u2019id\u00e9e la responsabilit\u00e9, qui doit \u00eatre la n\u00f4tre dans le traitement et la publication d\u2019informations ultra sensibles pouvant mettre en p\u00e9ril les interventions des forces de s\u00e9curit\u00e9. Nous devons trouver la bonne formule, savoir o\u00f9 mettre le curseur entre la libert\u00e9 d\u2019informer qui est l\u2019essence du journaliste et le devoir de prot\u00e9ger l\u2019Etat dans lequel nous sommes car s\u2019il se d\u00e9sint\u00e8gre, il n\u2019y a plus de libert\u00e9 de presse. C\u2019est en cela, que le forum est une grande r\u00e9ussite. En t\u00e9moigne, la mobilisation de medias venus de la zone UEMOA, du G5 Sahel et d\u2019au-del\u00e0. Les recommandations vont permettre de poursuivre les r\u00e9flexions et de trouver les moyens pour les journalistes de se sp\u00e9cialiser davantage, car au d\u00e9part, nous avons p\u00e9ch\u00e9 par inexp\u00e9rience. Nous ne savions pas comment traiter ces questions et nous avons parfois fait le jeu des terroristes sans le savoir\u00bb<\/p>\n<p>Aichatou Mindaoudou, PDG du bureau d\u2019\u00e9tudes IPITI : \u00abil faut privil\u00e9gier l\u2019int\u00e9r\u00eat g\u00e9n\u00e9ral\u00bb.<br \/>\u00abCe forum a \u00e9t\u00e9 tr\u00e8s pertinent et il vient \u00e0 point nomm\u00e9 vu la situation qui pr\u00e9vaut dans notre sous-r\u00e9gion. Il est important que chaque composante de la soci\u00e9t\u00e9 r\u00e9fl\u00e9chisse \u00e0 comment elle peut apporter sa contribution \u00e0 la lutte contre le terrorisme. Dans leur travail, les journalistes doivent comprendre qu\u2019il faut sacrifier les int\u00e9r\u00eats particuliers sur l\u2019autel de l\u2019int\u00e9r\u00eat g\u00e9n\u00e9ral. En d\u00e9mocratie, la libert\u00e9 d\u2019expression est sacr\u00e9e. Je ne suis pas de ceux qui voudraient qu\u2019elle soit limit\u00e9e n\u2019importe comment. Mais, il y a des limites qui sont objectives. Si les journalistes adoptent une attitude qui fait que le pays se casse, o\u00f9 irons-nous vivre ? Le journaliste doit donc jouer son r\u00f4le mais quand cela est n\u00e9cessaire. Il faut privil\u00e9gier l\u2019int\u00e9r\u00eat g\u00e9n\u00e9ral afin de pr\u00e9server la paix, la s\u00e9curit\u00e9 et la qui\u00e9tude des populations\u00bb.<\/p>\n<p>Isselmou Moustapha Salihi, fondateur du journal mauritanien Tahalil : \u00abInterviewer des victimes en \u00e9tat de choc alimente la psychose\u00bb.<br \/>\u00abLes services de s\u00e9curit\u00e9 sont dans le silence et le secret d\u00e9fense et ne rendent comptent qu\u2019\u00e0 leur hi\u00e9rarchie. Nous, journalistes, par contre, rendons compte \u00e0 l\u2019opinion publique. M\u00eame si nous consacrons le droit du citoyen \u00e0 l\u2019information, la libert\u00e9 d\u2019expression et d\u2019opinion nous sommes des citoyens avant tout. Nous devons donc respecter la loi qui prot\u00e8ge le secret d\u00e9fense et la s\u00e9curit\u00e9 nationale. Aussi, il faut \u00e9viter de se faire manipuler par la propagande djihadiste ou terroriste, de publier par exemple les communiqu\u00e9s de revendication d\u2019attaques, des images choquantes, des informations sur les mouvements des forces de d\u00e9fense et de s\u00e9curit\u00e9, car l\u2019ennemi peut l\u2019exploiter. Il faut aussi \u00e9viter d\u2019interviewer des victimes en \u00e9tat de choc, car cela contribue \u00e0 la psychose et \u00e0 la terreur. Mais par contre, il faut continuer \u00e0 donner l\u2019information, car ce ne sont pas les journalistes qui produisent les attaques ou les inventent. Le forum est de ce fait \u00e0 saluer, car il a \u00e9t\u00e9 une excellente opportunit\u00e9 pour \u00e9changer sur les visions, les perceptions, les exp\u00e9riences des uns et des autres. Les intervenants provenaient d\u2019horizons divers avec des sp\u00e9cialit\u00e9s diff\u00e9rentes. Les deux jours d\u2019\u00e9changes intenses ont permis de comparer les approches suivies par diff\u00e9rents pays, mais aussi d\u2019analyser tr\u00e8s scientifiquement les causes de la menace, sa manifestation et la fa\u00e7on de la g\u00e9rer. J\u2019esp\u00e8re que ce genre de forum se r\u00e9p\u00e8tera\u00bb<\/p>\n<p>Serge Daniel, correspondant de RFI au Mali : \u00abil faut trouver le juste milieu\u00bb<br \/>\u00abCe forum n\u2019a pas \u00e9t\u00e9 inutile, car il a abouti \u00e0 la mise en place d\u2019un conseil scientifique. Il y aura donc une suite. Des journalistes sont venus de partout avec des exp\u00e9riences qu\u2019ils ont partag\u00e9es. C\u2019est quelque chose de positif. La couverture des attentats terroristes est nouvelle pour les hommes de m\u00e9dias. Au cours du forum, journalistes, agents des forces de l\u2019ordre et de d\u00e9fense et autorit\u00e9s ont vu comment ils peuvent collaborer dans cette situation. Un journaliste n\u2019est pas un terroriste. Il informe. Ce qu\u2019il faut faire en cas d\u2019actes terroristes, c\u2019est le strict minimum sans prendre parti pour les terroristes. C\u2019est le juste milieu qu\u2019il faut trouver surtout quand les op\u00e9rations sont en cours. Il ne faut pas, dans ce cas, informer de la position des forces de d\u00e9fense et de s\u00e9curit\u00e9\u00bb.<\/p>\n<p>Boureima Ou\u00e9draogo, directeur de publication du journal Le Reporter : \u00abLes journalistes ne sont pas des pyromanes\u00bb.<br \/>\u00abDans le contexte s\u00e9curitaire actuel, il est normal que nous, journalistes, changions nos pratiques de production et de traitement de l\u2019information. Il appartient \u00e0 tous les acteurs engag\u00e9s de voir dans quelles mesures cr\u00e9er des passerelles n\u00e9cessaires pour collaborer, afin que le droit du citoyen \u00e0 l\u2019information ne soit pas sacrifi\u00e9 sur l\u2019autel des dispositifs s\u00e9curitaires. Les FDS, les pouvoirs publics en g\u00e9n\u00e9ral ont tendance \u00e0 croire que les m\u00e9dias constituent des freins \u00e0 la lutte contre le terrorisme et l\u2019ins\u00e9curit\u00e9. Ce qui est totalement faux. La question de fond est de savoir si les acteurs politiques, publics, les FDS ont cette capacit\u00e9 de s\u2019adapter au contexte, en sachant que l\u2019information demeure un droit m\u00eame en situation de guerre, de lutte contre le terrorisme. Il va falloir voir dans quelles mesures trouver les moyens de donner l\u2019information vraie aux m\u00e9dias. Discuter avec les organes de presse, car les journalistes ne sont pas des pyromanes. Ils savent faire la part des choses entre l\u2019information strat\u00e9gique qui peut aider les populations \u00e0 se prot\u00e9ger et une information qui peut mettre \u00e0 mal la coh\u00e9sion et le vivre-ensemble, la s\u00e9curit\u00e9 nationale. Il y a un minimum de confiance qu\u2019il faut faire aux hommes de m\u00e9dias par rapport \u00e0 leur capacit\u00e9 de discernement. C\u2019est en cela que ce forum, comme toutes les initiatives qui permettent de lancer la r\u00e9flexion sur la contribution des m\u00e9dias \u00e0 la lutte contre le terrorisme, est une bonne action. Tout d\u00e9pend maintenant de ce qu\u2019on fait apr\u00e8s les r\u00e9flexions\u00bb.<\/p>\n<p>Propos recueillis par Eliane SOME et Marc DOH<\/p>\n<div class=\"td-a-rec td-a-rec-id-content_bottom td_uid_30_5d11442edd4be_rand td_block_template_1\"><img loading=\"lazy\" decoding=\"async\" class=\"aligncenter size-full wp-image-9623\" src=\"https:\/\/www.sidwaya.info\/wp-content\/uploads\/2019\/06\/Projet-bannie%CC%80re-Orange-mobile.jpg\" alt=\"\" width=\"728\" height=\"81\"\/><\/div>\n<p>Auteur: BM. Sidwaya<br \/>\n<a href=\"https:\/\/www.sidwaya.info\/blog\/2019\/06\/23\/medias-et-securite-en-afrique-de-louest\/\">Cliquez ici pour lire l&rsquo;article depuis sa source.<\/a><\/p>\n","protected":false},"excerpt":{"rendered":"<p>Le forum sur la s\u00e9curit\u00e9 et la lutte contre le terrorisme dans la zone UEMOA a clos ses portes, le vendredi 21 juin 2019 avec \u00e0 la cl\u00e9, l\u2019appel de Ouagadougou pour une meilleure contribution des m\u00e9dias au combat contre la n\u00e9buleuse terroriste. A l\u2019issue de deux jours de travaux, des journalistes, des \u00e9tudiants en [&hellip;]<\/p>\n","protected":false},"author":1816,"featured_media":0,"comment_status":"closed","ping_status":"closed","sticky":false,"template":"","format":"standard","meta":{"fifu_image_url":"","fifu_image_alt":"","footnotes":""},"categories":[73,81],"tags":[],"class_list":["post-42437","post","type-post","status-publish","format-standard","hentry","category-actualite","category-burkina-faso"],"_links":{"self":[{"href":"https:\/\/linitiative.ca\/International\/wp-json\/wp\/v2\/posts\/42437","targetHints":{"allow":["GET"]}}],"collection":[{"href":"https:\/\/linitiative.ca\/International\/wp-json\/wp\/v2\/posts"}],"about":[{"href":"https:\/\/linitiative.ca\/International\/wp-json\/wp\/v2\/types\/post"}],"author":[{"embeddable":true,"href":"https:\/\/linitiative.ca\/International\/wp-json\/wp\/v2\/users\/1816"}],"replies":[{"embeddable":true,"href":"https:\/\/linitiative.ca\/International\/wp-json\/wp\/v2\/comments?post=42437"}],"version-history":[{"count":0,"href":"https:\/\/linitiative.ca\/International\/wp-json\/wp\/v2\/posts\/42437\/revisions"}],"wp:attachment":[{"href":"https:\/\/linitiative.ca\/International\/wp-json\/wp\/v2\/media?parent=42437"}],"wp:term":[{"taxonomy":"category","embeddable":true,"href":"https:\/\/linitiative.ca\/International\/wp-json\/wp\/v2\/categories?post=42437"},{"taxonomy":"post_tag","embeddable":true,"href":"https:\/\/linitiative.ca\/International\/wp-json\/wp\/v2\/tags?post=42437"}],"curies":[{"name":"wp","href":"https:\/\/api.w.org\/{rel}","templated":true}]}}