{"id":42438,"date":"2019-06-23T18:53:07","date_gmt":"2019-06-23T22:53:07","guid":{"rendered":"https:\/\/linitiative.ca\/International\/centre-de-controle-des-vehicules-automobiles\/"},"modified":"2019-06-23T18:53:07","modified_gmt":"2019-06-23T22:53:07","slug":"centre-de-controle-des-vehicules-automobiles","status":"publish","type":"post","link":"https:\/\/linitiative.ca\/International\/centre-de-controle-des-vehicules-automobiles\/","title":{"rendered":"Centre de contr\u00f4le des v\u00e9hicules automobiles"},"content":{"rendered":"<div class=\"td-post-featured-image\"><a href=\"https:\/\/i0.wp.com\/www.sidwaya.info\/wp-content\/uploads\/2019\/06\/ccvasid.gif?fit=787%2C525&#038;ssl=1\" data-caption=\"\"><img loading=\"lazy\" decoding=\"async\" width=\"696\" height=\"464\" class=\"entry-thumb td-modal-image\" src=\"https:\/\/i0.wp.com\/www.sidwaya.info\/wp-content\/uploads\/2019\/06\/ccvasid.gif?resize=696%2C464&#038;ssl=1\" alt=\"\" title=\"ccvasid\"\/><\/a><\/div>\n<p><strong>Le Centre de contr\u00f4le des v\u00e9hicules automobiles (CCVA) est d\u00e9sormais dans le cercle des soci\u00e9t\u00e9s certifi\u00e9es au Burkina Faso. Il a re\u00e7u sa certification ISO 9001, version 2015, le vendredi 21 juin 2019, \u00e0 Ouagadougou, de la soci\u00e9t\u00e9 AB certification.<\/strong><\/p>\n<p>\u00abLe Centre de contr\u00f4le des v\u00e9hicules automobiles (CCVA) est fier ! Fier de recevoir la certification ISO 9001 version 2015\u00bb. C\u2019est ce qu\u2019a d\u00e9clar\u00e9 la directrice g\u00e9n\u00e9rale du CCVA, Zalissa Koumar\u00e9, le vendredi 21 juin, \u00e0 Ouagadougou, \u00e0 la soir\u00e9e de remise de la certification. Un dipl\u00f4me remis par Pierre Antoine Rohr Lacoste, repr\u00e9sentant de AB certification, une soci\u00e9t\u00e9 fran\u00e7aise. A \u00e9couter l\u2019expert de la certification, ISO 9001 est une norme internationale de syst\u00e8me de management reconnue comme la r\u00e9f\u00e9rence sur le plan national.<br \/>Elle permet ainsi \u00e0 un organisme de se faire valoir sur les march\u00e9s nationaux et internationaux.<br \/>C\u2019est aussi un guide qui donne des \u00e9l\u00e9ments de base pour le pilotage d\u2019une entreprise, des orientations reconnues comme des bonnes pratiques pour satisfaire les clients et s\u2019am\u00e9liorer. C\u2019est pourquoi, la DG de la nouvelle entreprise certifi\u00e9e a exprim\u00e9 sa satisfaction en ce sens que ce label permet au CCVA de se positionner comme une entreprise de r\u00e9f\u00e9rence dans son secteur d\u2019activit\u00e9s aussi bien sur le plan r\u00e9gional qu\u2019international. Consciente que la certification de sa soci\u00e9t\u00e9 n\u2019aura de valeur que si elle respecte les trois axes de la politique qualit\u00e9, Mme Koumar\u00e9 s\u2019est dit pr\u00eate \u00e0 relever les d\u00e9fis de la satisfaction des attentes et exigences des clients et du maintien de l\u2019excellence.<br \/>A cela, s\u2019ajoutent la fourniture des prestations de qualit\u00e9 et la disponibilit\u00e9 des \u00e9quipements \u00e0 travers des contr\u00f4les fiables et performants.<br \/>Le repr\u00e9sentant de AB certification, Pierre Antoine Rohr Lacoste, a confi\u00e9 que le CCVA a amplement m\u00e9rit\u00e9 sa distinction. Toutefois, il a pr\u00e9venu l\u2019entreprise que le dipl\u00f4me de certification n\u2019est pas d\u00e9finitif. \u00abC\u2019est un acte soumis \u00e0 des surveillances annuelles et qui se renouvelle chaque trois ans\u00bb, a-t-il insist\u00e9.<\/p>\n<p>Des parrains \u00abcertifi\u00e9s\u00bb<\/p>\n<p>Pour rester dans le cercle de la qualit\u00e9, la DG M. Koumar\u00e9 a renouvel\u00e9 son engagement \u00e0 travailler pour moderniser ses prestations selon le principe PDCA (To Plan, to Do, to Chek to Act). C\u2019est-\u00e0-dire planifier les actions et les outils de v\u00e9rification, mettre en \u0153uvres ses actions, v\u00e9rifier leur conformit\u00e9 afin d\u2019agir pour se corriger et assurer une am\u00e9lioration continue des performances.<br \/>Cet engagement a \u00e9t\u00e9 pris devant le ministre des Transports, de la Mobilit\u00e9 urbaine et la S\u00e9curit\u00e9 routi\u00e8re, Vincent Dabilgou, patron de la c\u00e9r\u00e9monie. Ce dernier a confi\u00e9 que le Burkina Faso est le 2e pays dans la r\u00e9gion-Ouest africaine \u00e0 obtenir cette certification apr\u00e8s la C\u00f4te d\u2019Ivoire en f\u00e9vrier 2019. \u00abC\u2019est maintenant que vous devez confirmer que vous m\u00e9ritez amplement cette certification\u00bb, a- t-il fait savoir aux travailleurs de CCVA. La c\u00e9r\u00e9monie de remise a \u00e9t\u00e9 \u00e9galement coparrain\u00e9e par Coris Assurance SA, meilleure entreprise dans le secteur des assurances automobiles en 2018, et Sissiman Tours, dans son segment transport avec Elitis Express, laur\u00e9at du premier prix burkinab\u00e8 de la qualit\u00e9 en 2018.<br \/>Pour leur porte-parole, le directeur g\u00e9n\u00e9ral de Coris Assurance SA, Aidara Rabo, c\u2019est un privil\u00e8ge de c\u00e9l\u00e9brer avec le CCVA, sa certification. A l\u2019entendre, il s\u2019agit d\u2019une \u00e9tape d\u00e9cisive dans la vie du centre et de tout autre entreprise qui se veut moderne et p\u00e9renne.<br \/>A cet effet, il a salu\u00e9 la vision du CCVA et l\u2019a invit\u00e9 \u00e0 garder le cap de sorte \u00e0 m\u00e9riter sa distinction. Et les deux parrains se sont dit pr\u00eats \u00e0 l\u2019accompagner dans ce sens.<br \/>Le CCVA a \u00e9t\u00e9 cr\u00e9\u00e9 en 1986 sous la forme d\u2019un Etablissement priv\u00e9 \u00e0 caract\u00e8re industriel et commercial (EPIC). Transform\u00e9 en soci\u00e9t\u00e9 d\u2019Etat en 1999, il est cog\u00e9r\u00e9 par des priv\u00e9s depuis 2010. Sa mission est d\u2019assurer la visite technique des v\u00e9hicules et automobiles et des motocycles, diagnostiquer les automobiles et v\u00e9hicules sp\u00e9ciaux. Il dispose d\u2019une expertise en automobile, industrie et incendie et fait de la formation des acteurs de la s\u00e9curit\u00e9 routi\u00e8re.<\/p>\n<p>Mariam<br \/>OUEDRAOGO<\/p>\n<div class=\"td-a-rec td-a-rec-id-content_bottom td_uid_30_5d114431eaef5_rand td_block_template_1\"><img loading=\"lazy\" decoding=\"async\" class=\"aligncenter size-full wp-image-9623\" src=\"https:\/\/www.sidwaya.info\/wp-content\/uploads\/2019\/06\/Projet-bannie%CC%80re-Orange-mobile.jpg\" alt=\"\" width=\"728\" height=\"81\"\/><\/div>\n<p>Auteur: BM. Sidwaya<br \/>\n<a href=\"https:\/\/www.sidwaya.info\/blog\/2019\/06\/23\/centre-de-controle-des-vehicules-automobiles\/\">Cliquez ici pour lire l&rsquo;article depuis sa source.<\/a><\/p>\n","protected":false},"excerpt":{"rendered":"<p>Le Centre de contr\u00f4le des v\u00e9hicules automobiles (CCVA) est d\u00e9sormais dans le cercle des soci\u00e9t\u00e9s certifi\u00e9es au Burkina Faso. Il a re\u00e7u sa certification ISO 9001, version 2015, le vendredi 21 juin 2019, \u00e0 Ouagadougou, de la soci\u00e9t\u00e9 AB certification. \u00abLe Centre de contr\u00f4le des v\u00e9hicules automobiles (CCVA) est fier ! Fier de recevoir la [&hellip;]<\/p>\n","protected":false},"author":1816,"featured_media":0,"comment_status":"closed","ping_status":"closed","sticky":false,"template":"","format":"standard","meta":{"fifu_image_url":"","fifu_image_alt":"","footnotes":""},"categories":[73,81],"tags":[],"class_list":["post-42438","post","type-post","status-publish","format-standard","hentry","category-actualite","category-burkina-faso"],"_links":{"self":[{"href":"https:\/\/linitiative.ca\/International\/wp-json\/wp\/v2\/posts\/42438","targetHints":{"allow":["GET"]}}],"collection":[{"href":"https:\/\/linitiative.ca\/International\/wp-json\/wp\/v2\/posts"}],"about":[{"href":"https:\/\/linitiative.ca\/International\/wp-json\/wp\/v2\/types\/post"}],"author":[{"embeddable":true,"href":"https:\/\/linitiative.ca\/International\/wp-json\/wp\/v2\/users\/1816"}],"replies":[{"embeddable":true,"href":"https:\/\/linitiative.ca\/International\/wp-json\/wp\/v2\/comments?post=42438"}],"version-history":[{"count":0,"href":"https:\/\/linitiative.ca\/International\/wp-json\/wp\/v2\/posts\/42438\/revisions"}],"wp:attachment":[{"href":"https:\/\/linitiative.ca\/International\/wp-json\/wp\/v2\/media?parent=42438"}],"wp:term":[{"taxonomy":"category","embeddable":true,"href":"https:\/\/linitiative.ca\/International\/wp-json\/wp\/v2\/categories?post=42438"},{"taxonomy":"post_tag","embeddable":true,"href":"https:\/\/linitiative.ca\/International\/wp-json\/wp\/v2\/tags?post=42438"}],"curies":[{"name":"wp","href":"https:\/\/api.w.org\/{rel}","templated":true}]}}