{"id":42440,"date":"2019-06-23T19:03:09","date_gmt":"2019-06-23T23:03:09","guid":{"rendered":"https:\/\/linitiative.ca\/International\/je-ne-demissionnerai-pas-eddie-komboigo\/"},"modified":"2019-06-23T19:03:09","modified_gmt":"2019-06-23T23:03:09","slug":"je-ne-demissionnerai-pas-eddie-komboigo","status":"publish","type":"post","link":"https:\/\/linitiative.ca\/International\/je-ne-demissionnerai-pas-eddie-komboigo\/","title":{"rendered":"\u00abJe ne d\u00e9missionnerai pas\u00bb,  Eddie Kombo\u00efgo"},"content":{"rendered":"<div class=\"td-post-featured-image\"><a href=\"https:\/\/i1.wp.com\/www.sidwaya.info\/wp-content\/uploads\/2019\/06\/cdpeddy.gif?fit=787%2C615&#038;ssl=1\" data-caption=\"\"><img loading=\"lazy\" decoding=\"async\" width=\"696\" height=\"544\" class=\"entry-thumb td-modal-image\" src=\"https:\/\/i1.wp.com\/www.sidwaya.info\/wp-content\/uploads\/2019\/06\/cdpeddy.gif?resize=696%2C544&#038;ssl=1\" alt=\"\" title=\"cdpeddy\"\/><\/a><\/div>\n<p><strong>Le pr\u00e9sident du Congr\u00e8s pour la d\u00e9mocratie et le progr\u00e8s (CDP), Eddie Kombo\u00efgo, a affirm\u00e9, le samedi 22 juin 2019, \u00e0 Manga, au cours d\u2019un meeting, qu\u2019il ne d\u00e9missionnera pas de son poste, comme l\u2019ont exig\u00e9 certains cadres contestataires qui lui reprochent des manquements dans la gestion du parti.<\/strong><\/p>\n<p>Les dissidents du Congr\u00e8s pour la d\u00e9mocratie et le progr\u00e8s (CDP), qui souhaitent la d\u00e9mission du pr\u00e9sident du parti sont d\u00e9sormais fix\u00e9s sur la d\u00e9cision de ce dernier. A l\u2019occasion d\u2019un meeting du parti, tenu, le samedi 22 juin 2019 \u00e0 Manga, Eddie Kombo\u00efgo a r\u00e9agi \u00e0 leur propos en opposant un niet cat\u00e9gorique. \u00abJe ne d\u00e9missionnerai pas\u00bb, a lanc\u00e9 du haut de la tribune celui qui tient le b\u00e2ton de commandement \u00abdu parti de l\u2019\u00e9pi et de la daba\u00bb. Pour M. Kombo\u00efgo, les arguments avanc\u00e9s par ses d\u00e9tracteurs sont fallacieux. Les reproches selon lesquelles il veut couper les ponts avec le fondateur du parti, l\u2019ancien pr\u00e9sident Blaise Compaor\u00e9, son refus du dialogue, la violation des textes du parti ou l\u2019imposition de sa candidature \u00e0 l\u2019\u00e9lection pr\u00e9sidentielle de 2020 sont, selon lui, \u00abinexacts\u00bb et constituent des pr\u00e9textes utilis\u00e9s par les contestataires pour \u00absemer la zizanie\u00bb. En v\u00e9rit\u00e9, a-t-il dit, son d\u00e9sir a toujours \u00e9t\u00e9 de voir le pr\u00e9sident d\u2019honneur du parti, Blaise Compaor\u00e9, \u00abrevenir chez lui pour apporter son aide et son exp\u00e9rience au d\u00e9veloppement du pays\u00bb. Quant au \u00absuppos\u00e9\u00bb dialogue rompu, il n\u2019en est rien, a-t-il fait savoir, pr\u00e9cisant que ce sont \u00abceux d\u2019en-face\u00bb qui refusent la perche tendue en exigeant que \u00ables \u00e9changes s\u2019en tiennent seulement \u00e0 leur seul point de vue\u00bb.<\/p>\n<p>\u00abC\u2019est Eddie Kombo\u00efgo qui sera notre candidat\u00bb<\/p>\n<p>De la question querell\u00e9e du nombre des membres du Bureau politique nationale (BPN), Eddie Kombo\u00efgo a expliqu\u00e9 qu\u2019au sortir du 7e congr\u00e8s du parti, tous, sans exception, avaient soutenu l\u2019id\u00e9e d\u2019\u00e9largir le BPN \u00e0 plus de 600 membres. C\u2019est seulement apr\u00e8s que les contestataires se sont d\u00e9marqu\u00e9s de la r\u00e9solution et ont d\u00e9cid\u00e9 de trainer le parti en justice, a-t-il d\u00e9plor\u00e9.<br \/>Concernant, enfin, le passage en force de sa candidature pour les \u00e9ch\u00e9ances prochaines, Eddie Kombo\u00efgo a soutenu qu\u2019\u00e9tant garant de la discipline interne et de la coh\u00e9sion au sein du parti, il ne saurait violer les statuts en vigueur. Aussi a-t-il rappel\u00e9, il s\u2019agit d\u2019instructions qui lui ont \u00e9t\u00e9 express\u00e9ment donn\u00e9es par le pr\u00e9sident d\u2019honneur du parti et auxquelles il n\u2019entend pas s\u2019en passer. Toutefois, il estime avoir le droit, comme tout militant du parti, de se pr\u00e9senter \u00e0 ce poste. \u00abNul ne peut me denier le droit d\u2019\u00eatre candidat \u00e0 la candidature du parti \u00e0 l\u2019\u00e9lection pr\u00e9sidentielle le moment venu\u00bb, a-t-il clam\u00e9, ajoutant que ce sont plut\u00f4t les cadres contestataires qui foulent aux pieds les r\u00e8gles et statuts, en soutenant une candidature hors du parti. Sur la question \u00e0 pol\u00e9mique d\u2019ailleurs du candidat du parti, la position de certains cadres, en particulier des membres du Haut conseil, a \u00e9t\u00e9 donn\u00e9e aux militants et sympathisants.<br \/>\u00ab Nous avons un pr\u00e9sident du parti, nous devons \u00eatre honn\u00eates. C\u2019est lui qui doit \u00eatre le candidat, c\u2019est Eddie Kombo\u00efgo. M\u00eame si lui-m\u00eame ne le dit pas, je vous dis qu\u2019il sera notre candidat \u00bb, a d\u00e9clar\u00e9 le coordonnateur du Haut-conseil, M\u00e9l\u00e9gu\u00e9 Traor\u00e9. A ses dires, la raison pour laquelle ils ont tranch\u00e9 en faveur du pr\u00e9sident actuel, c\u2019est sa capacit\u00e9 de r\u00e9silience. \u00abIl a montr\u00e9 \u00e0 l\u2019envers de l\u2019adversit\u00e9, qu\u2019il pouvait tenir la barre\u00bb, a soutenu M. Traor\u00e9 qui a inform\u00e9, \u00e0 l\u2019occasion, que sa d\u00e9signation officielle n\u2019\u00e9tait plus qu\u2019une question de temps. Le pr\u00e9sident du CDP, Eddie Kombo\u00efgo, a invit\u00e9 les contestataires \u00e0 savoir raison garder et \u00e0 revenir en famille pour redonner au parti, ses lettres de noblesse. Au demeurant, il a sonn\u00e9 la mobilisation des militants qui, en retour, ont promis s\u2019investir pour porter leur candidat au palais de Kosyam au soir des \u00e9lections en 2020.<\/p>\n<p>Mamady ZANGO<\/p>\n<div class=\"td-a-rec td-a-rec-id-content_bottom td_uid_30_5d114437ca08a_rand td_block_template_1\"><img loading=\"lazy\" decoding=\"async\" class=\"aligncenter size-full wp-image-9623\" src=\"https:\/\/www.sidwaya.info\/wp-content\/uploads\/2019\/06\/Projet-bannie%CC%80re-Orange-mobile.jpg\" alt=\"\" width=\"728\" height=\"81\"\/><\/div>\n<p>Auteur: BM. Sidwaya<br \/>\n<a href=\"https:\/\/www.sidwaya.info\/blog\/2019\/06\/23\/je-ne-demissionnerai-pas-eddie-komboigo\/\">Cliquez ici pour lire l&rsquo;article depuis sa source.<\/a><\/p>\n","protected":false},"excerpt":{"rendered":"<p>Le pr\u00e9sident du Congr\u00e8s pour la d\u00e9mocratie et le progr\u00e8s (CDP), Eddie Kombo\u00efgo, a affirm\u00e9, le samedi 22 juin 2019, \u00e0 Manga, au cours d\u2019un meeting, qu\u2019il ne d\u00e9missionnera pas de son poste, comme l\u2019ont exig\u00e9 certains cadres contestataires qui lui reprochent des manquements dans la gestion du parti. Les dissidents du Congr\u00e8s pour la [&hellip;]<\/p>\n","protected":false},"author":1816,"featured_media":0,"comment_status":"closed","ping_status":"closed","sticky":false,"template":"","format":"standard","meta":{"fifu_image_url":"","fifu_image_alt":"","footnotes":""},"categories":[73,81],"tags":[],"class_list":["post-42440","post","type-post","status-publish","format-standard","hentry","category-actualite","category-burkina-faso"],"_links":{"self":[{"href":"https:\/\/linitiative.ca\/International\/wp-json\/wp\/v2\/posts\/42440","targetHints":{"allow":["GET"]}}],"collection":[{"href":"https:\/\/linitiative.ca\/International\/wp-json\/wp\/v2\/posts"}],"about":[{"href":"https:\/\/linitiative.ca\/International\/wp-json\/wp\/v2\/types\/post"}],"author":[{"embeddable":true,"href":"https:\/\/linitiative.ca\/International\/wp-json\/wp\/v2\/users\/1816"}],"replies":[{"embeddable":true,"href":"https:\/\/linitiative.ca\/International\/wp-json\/wp\/v2\/comments?post=42440"}],"version-history":[{"count":0,"href":"https:\/\/linitiative.ca\/International\/wp-json\/wp\/v2\/posts\/42440\/revisions"}],"wp:attachment":[{"href":"https:\/\/linitiative.ca\/International\/wp-json\/wp\/v2\/media?parent=42440"}],"wp:term":[{"taxonomy":"category","embeddable":true,"href":"https:\/\/linitiative.ca\/International\/wp-json\/wp\/v2\/categories?post=42440"},{"taxonomy":"post_tag","embeddable":true,"href":"https:\/\/linitiative.ca\/International\/wp-json\/wp\/v2\/tags?post=42440"}],"curies":[{"name":"wp","href":"https:\/\/api.w.org\/{rel}","templated":true}]}}